{"id":750468,"date":"2025-07-08T11:11:05","date_gmt":"2025-07-08T09:11:05","guid":{"rendered":"https:\/\/www.hashtag.al\/?p=750468"},"modified":"2025-07-08T11:11:05","modified_gmt":"2025-07-08T09:11:05","slug":"zjarri-perfshin-parkun-kombetar-te-lures-rrezikohet-zona-prane-liqenit-te-luleve","status":"publish","type":"post","link":"https:\/\/www.hashtag.al\/index.php\/2025\/07\/08\/zjarri-perfshin-parkun-kombetar-te-lures-rrezikohet-zona-prane-liqenit-te-luleve\/","title":{"rendered":"Zjarri p\u00ebrfshin Parkun Komb\u00ebtar t\u00eb Lur\u00ebs, rrezikohet zona pran\u00eb Liqenit t\u00eb Luleve","gt_translate_keys":[{"key":"rendered","format":"text"}]},"content":{"rendered":"<div class=\"col-md-1 col-sm-1\">\n<div class=\"article-sharing-options\"><\/div>\n<\/div>\n<div class=\"col-md-10 col-sm-10 article-text\">\n<p><span style=\"color: #000000;\"><img loading=\"lazy\" decoding=\"async\" class=\"aligncenter size-full wp-image-750469\" src=\"https:\/\/www.hashtag.al\/wp-content\/uploads\/2025\/07\/WhatsApp-Image-2025-07-08-at-10.26.16-600x450-1.jpeg\" alt=\"\" width=\"600\" height=\"450\" srcset=\"https:\/\/www.hashtag.al\/wp-content\/uploads\/2025\/07\/WhatsApp-Image-2025-07-08-at-10.26.16-600x450-1.jpeg 600w, https:\/\/www.hashtag.al\/wp-content\/uploads\/2025\/07\/WhatsApp-Image-2025-07-08-at-10.26.16-600x450-1-300x225.jpeg 300w\" sizes=\"auto, (max-width: 600px) 100vw, 600px\" \/><\/span><\/p>\n<p><span style=\"color: #000000;\">Nj\u00eb zjarr i p\u00ebrmasave t\u00eb m\u00ebdha ka p\u00ebrfshir\u00eb nj\u00eb masiv pyjor n\u00eb Parkun Komb\u00ebtar t\u00eb Lur\u00ebs, n\u00eb qarkun e Dibr\u00ebs, duke rrezikuar zon\u00ebn natyrore pran\u00eb Liqenit t\u00eb Luleve. <\/span><\/p>\n<p><span style=\"color: #000000;\">P\u00ebrhapja e flak\u00ebve po ndihmohet nga er\u00ebrat e forta dhe terreni i thyer malor, \u00e7ka po v\u00ebshtir\u00ebson ndjesh\u00ebm nd\u00ebrhyrjen nga toka.<\/span><\/p>\n<p><span style=\"color: #000000;\">Ekipet zjarrfik\u00ebse jan\u00eb n\u00eb vendngjarje, nd\u00ebrsa pritet nd\u00ebrhyrja nga ajri me helikopter p\u00ebr t\u00eb lokalizuar dhe shuar vatrat e zjarrit. <\/span><\/p>\n<\/div>\n","protected":false,"gt_translate_keys":[{"key":"rendered","format":"html"}]},"excerpt":{"rendered":"<p>Nj\u00eb zjarr i p\u00ebrmasave t\u00eb m\u00ebdha ka p\u00ebrfshir\u00eb nj\u00eb masiv pyjor n\u00eb Parkun Komb\u00ebtar t\u00eb Lur\u00ebs, n\u00eb qarkun e Dibr\u00ebs, duke rrezikuar zon\u00ebn natyrore pran\u00eb Liqenit t\u00eb Luleve. P\u00ebrhapja e flak\u00ebve po ndihmohet nga er\u00ebrat e forta dhe terreni i thyer malor, \u00e7ka po v\u00ebshtir\u00ebson ndjesh\u00ebm nd\u00ebrhyrjen nga toka. Ekipet zjarrfik\u00ebse jan\u00eb n\u00eb vendngjarje, nd\u00ebrsa [&hellip;]<\/p>\n","protected":false,"gt_translate_keys":[{"key":"rendered","format":"html"}]},"author":49,"featured_media":750469,"comment_status":"closed","ping_status":"open","sticky":false,"template":"","format":"standard","meta":{"footnotes":""},"categories":[65],"tags":[],"class_list":["post-750468","post","type-post","status-publish","format-standard","has-post-thumbnail","hentry","category-lajme"],"gt_translate_keys":[{"key":"link","format":"url"}],"_links":{"self":[{"href":"https:\/\/www.hashtag.al\/index.php\/wp-json\/wp\/v2\/posts\/750468","targetHints":{"allow":["GET"]}}],"collection":[{"href":"https:\/\/www.hashtag.al\/index.php\/wp-json\/wp\/v2\/posts"}],"about":[{"href":"https:\/\/www.hashtag.al\/index.php\/wp-json\/wp\/v2\/types\/post"}],"author":[{"embeddable":true,"href":"https:\/\/www.hashtag.al\/index.php\/wp-json\/wp\/v2\/users\/49"}],"replies":[{"embeddable":true,"href":"https:\/\/www.hashtag.al\/index.php\/wp-json\/wp\/v2\/comments?post=750468"}],"version-history":[{"count":99999,"href":"https:\/\/www.hashtag.al\/index.php\/wp-json\/wp\/v2\/posts\/750468\/revisions"}],"predecessor-version":[{"id":750470,"href":"https:\/\/www.hashtag.al\/index.php\/wp-json\/wp\/v2\/posts\/750468\/revisions\/750470"}],"wp:featuredmedia":[{"embeddable":true,"href":"https:\/\/www.hashtag.al\/index.php\/wp-json\/wp\/v2\/media\/750469"}],"wp:attachment":[{"href":"https:\/\/www.hashtag.al\/index.php\/wp-json\/wp\/v2\/media?parent=750468"}],"wp:term":[{"taxonomy":"category","embeddable":true,"href":"https:\/\/www.hashtag.al\/index.php\/wp-json\/wp\/v2\/categories?post=750468"},{"taxonomy":"post_tag","embeddable":true,"href":"https:\/\/www.hashtag.al\/index.php\/wp-json\/wp\/v2\/tags?post=750468"}],"curies":[{"name":"wp","href":"https:\/\/api.w.org\/{rel}","templated":true}]}}