{"id":750245,"date":"2025-07-06T20:13:49","date_gmt":"2025-07-06T18:13:49","guid":{"rendered":"https:\/\/www.hashtag.al\/?p=750245"},"modified":"2025-07-06T20:13:49","modified_gmt":"2025-07-06T18:13:49","slug":"berlini-mund-te-jape-4-miliarde-euro-subvencione-per-industrine-e-rende","status":"publish","type":"post","link":"https:\/\/www.hashtag.al\/index.php\/2025\/07\/06\/berlini-mund-te-jape-4-miliarde-euro-subvencione-per-industrine-e-rende\/","title":{"rendered":"Berlini mund t\u00eb jap\u00eb 4 miliard\u00eb euro subvencione p\u00ebr industrin\u00eb e r\u00ebnd\u00eb","gt_translate_keys":[{"key":"rendered","format":"text"}]},"content":{"rendered":"<div id=\"attachment_750246\" style=\"width: 710px\" class=\"wp-caption aligncenter\"><img loading=\"lazy\" decoding=\"async\" aria-describedby=\"caption-attachment-750246\" class=\"size-full wp-image-750246\" src=\"https:\/\/www.hashtag.al\/wp-content\/uploads\/2025\/07\/gjermani.png\" alt=\"\" width=\"700\" height=\"394\" srcset=\"https:\/\/www.hashtag.al\/wp-content\/uploads\/2025\/07\/gjermani.png 700w, https:\/\/www.hashtag.al\/wp-content\/uploads\/2025\/07\/gjermani-300x169.png 300w\" sizes=\"auto, (max-width: 700px) 100vw, 700px\" \/><p id=\"caption-attachment-750246\" class=\"wp-caption-text\"><\/span> <em><span style=\"color: #0000ff;\">Ministria e Ekonomis\u00eb e Gjermanis\u00eb thot\u00eb se skema do ofroj\u00eb mb\u00ebshtetje \u201ct\u00eb shpejt\u00eb dhe t\u00eb besueshme\u201d p\u00ebr industrit\u00eb kimike, t\u00eb qelqit dhe t\u00eb plastik\u00ebs n\u00eb vend \u00a9 Bloomberg<\/span><\/em><\/p><\/div>\n<p><span style=\"color: #000000;\">Gjermania po eksploron m\u00ebnyra p\u00ebr t\u00eb financuar subvencione miliarda euroshe p\u00ebr kompanit\u00eb q\u00eb p\u00ebrdorin shum\u00eb energji, si pjes\u00eb e premtimit t\u00eb kancelarit Friedrich Merz p\u00ebr t\u00eb rritur konkurrueshm\u00ebrin\u00eb e industrive t\u00eb r\u00ebnda t\u00eb vendit.<\/span><\/p>\n<p><span style=\"color: #000000;\">Masa \u00ebsht\u00eb pjes\u00eb e p\u00ebrpjekjeve p\u00ebr t\u00eb ulur kostot e energjis\u00eb elektrike p\u00ebr grupet industriale, me q\u00ebllim rigjall\u00ebrimin e ekonomis\u00eb m\u00eb t\u00eb madhe t\u00eb Eurozon\u00ebs pas periudh\u00ebs m\u00eb t\u00eb gjat\u00eb t\u00eb ngecjes pas luft\u00ebs.<\/span><\/p>\n<p><span style=\"color: #000000;\">Por plani \u00ebsht\u00eb n\u00eb rrezik pasi uljet e premtuara t\u00eb taksave t\u00eb energjis\u00eb elektrike p\u00ebr familjet u shtyn\u00eb p\u00ebr shkak t\u00eb kufizimeve buxhetore.<\/span><\/p>\n<p><span style=\"color: #000000;\">Shqet\u00ebsimet financiare kan\u00eb krijuar tensionet e para t\u00eb r\u00ebnd\u00ebsishme brenda koalicionit qeveris\u00ebs midis CDU-s\u00eb s\u00eb Merz, partis\u00eb s\u00eb saj simot\u00ebr bavareze CSU dhe SPD-s\u00eb.<\/span><\/p>\n<p><span style=\"color: #000000;\">Jav\u00ebn e kaluar, kreu i partis\u00eb CSU, Markus S\u00f6der, kritikoi ministrin e Financave dhe zv\/kancelarin Lars Klingbeil, i cili \u00ebsht\u00eb gjithashtu bashk\u00ebkryetar i SPD-s\u00eb, p\u00ebr moszbatimin e uljeve t\u00eb taksave t\u00eb energjis\u00eb elektrike p\u00ebr konsumator\u00ebt n\u00eb buxhetin e tij t\u00eb par\u00eb. Masa do kishte kushtuar rreth 5.4 miliard\u00eb euro n\u00eb vit.<\/span><\/p>\n<p><span style=\"color: #000000;\">Pavar\u00ebsisht k\u00ebtyre shqet\u00ebsimeve buxhetore, Katherina Reiche, ministrja gjermane e Ekonomis\u00eb, d\u00ebshiron t\u00eb zgjeroj\u00eb numrin e kompanive gjermane q\u00eb kan\u00eb t\u00eb drejt\u00eb p\u00ebr subvencione t\u00eb \u00e7mimeve t\u00eb energjis\u00eb elektrike nga 350 n\u00eb 2,200, sipas njer\u00ebzve q\u00eb kan\u00eb dijeni p\u00ebr planin.<\/span><\/p>\n<p><span style=\"color: #000000;\">Masa do financonte deri n\u00eb gjysm\u00ebn e faturave t\u00eb energjis\u00eb elektrike t\u00eb kompanive gjat\u00eb tre viteve dhe do t&#8217;i kushtonte shtetit rreth 4 miliard\u00eb euro, sipas vler\u00ebsimeve paraprake, than\u00eb ata.<\/span><\/p>\n<p><span style=\"color: #000000;\">Ministria e Ekonomis\u00eb pret q\u00eb plani t\u00eb jet\u00eb n\u00eb p\u00ebrputhje me kuadrin e ri t\u00eb ndihm\u00ebs shtet\u00ebrore t\u00eb BE-s\u00eb, t\u00eb p\u00ebrshkruar muajin e kaluar, than\u00eb ata, shkruan <span style=\"color: #0000ff;\"><a style=\"color: #0000ff;\" href=\"https:\/\/www.ft.com\/content\/3f26a5f7-5743-4242-a3b1-73770f7950ff\">FT<\/a>.<\/span><\/span><\/p>\n<p><span style=\"color: #000000;\">Reiche, nj\u00eb ish-ekzekutiv i energjis\u00eb nga CDU-ja, i b\u00ebri presion Brukselit q\u00eb t\u00eb lejonte mb\u00ebshtetje m\u00eb t\u00eb madhe shtet\u00ebrore p\u00ebr industrit\u00eb e r\u00ebnda t\u00eb Gjermanis\u00eb, duke argumentuar se Eurozona do p\u00ebrfitonte n\u00ebse ekonomia e saj m\u00eb e madhe do fillonte t\u00eb rritej p\u00ebrs\u00ebri.<\/span><\/p>\n<p><span style=\"color: #000000;\">Gjermania ka duruar kosto m\u00eb t\u00eb larta t\u00eb energjis\u00eb pjes\u00ebrisht p\u00ebr shkak t\u00eb mbylljes s\u00eb energjis\u00eb b\u00ebrthamore dhe vendimit t\u00eb saj p\u00ebr t&#8217;u larguar nga gazi i lir\u00eb rus pas pushtimit t\u00eb plot\u00eb t\u00eb Ukrain\u00ebs nga Moska n\u00eb vitin 2022.<\/span><\/p>\n<p><span style=\"color: #000000;\">Ministria e Ekonomis\u00eb tha se skema do synonte t\u00eb ofronte mb\u00ebshtetje &#8220;t\u00eb shpejt\u00eb dhe t\u00eb besueshme&#8221; p\u00ebr industrit\u00eb kimike, t\u00eb qelqit dhe t\u00eb plastik\u00ebs, t\u00eb cilat kan\u00eb &#8220;nj\u00eb ndikim t\u00eb gjer\u00eb n\u00eb sektor\u00eb t\u00eb tjer\u00eb p\u00ebrmes zinxhir\u00ebve t\u00eb vler\u00ebs&#8221;.<\/span><\/p>\n<p><span style=\"color: #000000;\">Biznesi gjerman paralajm\u00ebron se rekrutimi n\u00eb ushtri do thellonte munges\u00ebn e pun\u00ebtor\u00ebve<\/span><\/p>\n<p><span style=\"color: #000000;\"><em>&#8220;Ne po zhvillojm\u00eb nj\u00eb koncept t\u00eb q\u00ebndruesh\u00ebm q\u00eb do ta bashk\u00ebrendojm\u00eb brenda qeveris\u00eb dhe do ta mbik\u00ebqyrim nga af\u00ebr n\u00eb bashk\u00ebpunim me Komisionin Evropian&#8221;<\/em>, tha ajo.<\/span><\/p>\n<p><span style=\"color: #000000;\">Muajin e kaluar, Komisioni tha se do t&#8217;u lejonte shteteve an\u00ebtare t\u00eb subvenciononin deri n\u00eb gjysm\u00ebn e kostove t\u00eb energjis\u00eb s\u00eb kompanive industriale p\u00ebr t&#8217;i ndihmuar ato t\u00eb dekarbonizohen. Vendimi u pa nga shum\u00eb n\u00eb Bruksel si nj\u00eb m\u00ebnyr\u00eb p\u00ebr t\u00eb ndihmuar Merz-in t\u00eb p\u00ebrmbushte premtimin e tij t\u00eb fushat\u00ebs.<\/span><\/p>\n<p><span style=\"color: #000000;\">Por nj\u00eb shpenzim i tepruar pas zgjedhjeve e ka ngarkuar koalicionin e Merz me nj\u00eb problem tjet\u00ebr: nj\u00eb shkelje t\u00eb mundshme t\u00eb rregullave fiskale t\u00eb BE-s\u00eb. Berlini, i cili ka liruar limitin kushtetues t\u00eb huamarrjes p\u00ebr t\u00eb rritur shpenzimet p\u00ebr mbrojtjen dhe infrastruktur\u00ebn, do paraqes\u00eb planin e tij t\u00eb shpenzimeve k\u00ebt\u00eb muaj p\u00ebr kat\u00ebr vitet e ardhshme.<\/span><\/p>\n<p><span style=\"color: #000000;\">Gjermania, e cila ka qen\u00eb prej koh\u00ebsh roje e disiplin\u00ebs fiskale t\u00eb BE-s\u00eb, tani parashikon q\u00eb deficiti i saj federal do rritet n\u00eb 82 miliard\u00eb euro k\u00ebt\u00eb vit, nga 33 miliard\u00eb euro vitin e kaluar. Kjo pritet t\u00eb zgjerohet n\u00eb 126 miliard\u00eb euro deri n\u00eb vitin 2029, sipas Ministris\u00eb gjermane t\u00eb Financave.<\/span><\/p>\n<p><span style=\"color: #000000;\">\u00c7mimi i ulur i planifikuar i energjis\u00eb elektrike p\u00ebr industrit\u00eb ende nuk \u00ebsht\u00eb shqyrtuar nga Ministria e Financave, than\u00eb njer\u00ebzit e njohur me \u00e7\u00ebshtjen. N\u00ebse miratohet, Komisioni i BE-s\u00eb do duhet t\u00eb miratoj\u00eb zyrtarisht ndihm\u00ebn shtet\u00ebrore.<\/span><\/p>\n","protected":false,"gt_translate_keys":[{"key":"rendered","format":"html"}]},"excerpt":{"rendered":"<p>Gjermania po eksploron m\u00ebnyra p\u00ebr t\u00eb financuar subvencione miliarda euroshe p\u00ebr kompanit\u00eb q\u00eb p\u00ebrdorin shum\u00eb energji, si pjes\u00eb e premtimit t\u00eb kancelarit Friedrich Merz p\u00ebr t\u00eb rritur konkurrueshm\u00ebrin\u00eb e industrive t\u00eb r\u00ebnda t\u00eb vendit. Masa \u00ebsht\u00eb pjes\u00eb e p\u00ebrpjekjeve p\u00ebr t\u00eb ulur kostot e energjis\u00eb elektrike p\u00ebr grupet industriale, me q\u00ebllim rigjall\u00ebrimin e ekonomis\u00eb m\u00eb [&hellip;]<\/p>\n","protected":false,"gt_translate_keys":[{"key":"rendered","format":"html"}]},"author":51,"featured_media":750246,"comment_status":"closed","ping_status":"open","sticky":false,"template":"","format":"standard","meta":{"footnotes":""},"categories":[53],"tags":[],"class_list":["post-750245","post","type-post","status-publish","format-standard","has-post-thumbnail","hentry","category-fast-foodi"],"gt_translate_keys":[{"key":"link","format":"url"}],"_links":{"self":[{"href":"https:\/\/www.hashtag.al\/index.php\/wp-json\/wp\/v2\/posts\/750245","targetHints":{"allow":["GET"]}}],"collection":[{"href":"https:\/\/www.hashtag.al\/index.php\/wp-json\/wp\/v2\/posts"}],"about":[{"href":"https:\/\/www.hashtag.al\/index.php\/wp-json\/wp\/v2\/types\/post"}],"author":[{"embeddable":true,"href":"https:\/\/www.hashtag.al\/index.php\/wp-json\/wp\/v2\/users\/51"}],"replies":[{"embeddable":true,"href":"https:\/\/www.hashtag.al\/index.php\/wp-json\/wp\/v2\/comments?post=750245"}],"version-history":[{"count":99999,"href":"https:\/\/www.hashtag.al\/index.php\/wp-json\/wp\/v2\/posts\/750245\/revisions"}],"predecessor-version":[{"id":750247,"href":"https:\/\/www.hashtag.al\/index.php\/wp-json\/wp\/v2\/posts\/750245\/revisions\/750247"}],"wp:featuredmedia":[{"embeddable":true,"href":"https:\/\/www.hashtag.al\/index.php\/wp-json\/wp\/v2\/media\/750246"}],"wp:attachment":[{"href":"https:\/\/www.hashtag.al\/index.php\/wp-json\/wp\/v2\/media?parent=750245"}],"wp:term":[{"taxonomy":"category","embeddable":true,"href":"https:\/\/www.hashtag.al\/index.php\/wp-json\/wp\/v2\/categories?post=750245"},{"taxonomy":"post_tag","embeddable":true,"href":"https:\/\/www.hashtag.al\/index.php\/wp-json\/wp\/v2\/tags?post=750245"}],"curies":[{"name":"wp","href":"https:\/\/api.w.org\/{rel}","templated":true}]}}