{"id":750164,"date":"2025-07-06T10:24:06","date_gmt":"2025-07-06T08:24:06","guid":{"rendered":"https:\/\/www.hashtag.al\/?p=750164"},"modified":"2025-07-06T10:24:06","modified_gmt":"2025-07-06T08:24:06","slug":"zjarret-ne-vend-ministria-e-mbrojtjes-24-vatra-6-prej-tyre-jane-aktive","status":"publish","type":"post","link":"https:\/\/www.hashtag.al\/index.php\/2025\/07\/06\/zjarret-ne-vend-ministria-e-mbrojtjes-24-vatra-6-prej-tyre-jane-aktive\/","title":{"rendered":"Zjarret n\u00eb vend\/ Ministria e Mbrojtjes: 24 vatra, 6 prej tyre jan\u00eb aktive","gt_translate_keys":[{"key":"rendered","format":"text"}]},"content":{"rendered":"<p><img loading=\"lazy\" decoding=\"async\" class=\"alignnone size-medium wp-image-748582\" src=\"https:\/\/www.hashtag.al\/wp-content\/uploads\/2025\/06\/zjarret-home-300824-770x408-1-768x407-1-300x159.jpg\" alt=\"\" width=\"300\" height=\"159\" srcset=\"https:\/\/www.hashtag.al\/wp-content\/uploads\/2025\/06\/zjarret-home-300824-770x408-1-768x407-1-300x159.jpg 300w, https:\/\/www.hashtag.al\/wp-content\/uploads\/2025\/06\/zjarret-home-300824-770x408-1-768x407-1.jpg 768w\" sizes=\"auto, (max-width: 300px) 100vw, 300px\" \/><\/p>\n<p><span style=\"color: #000000;\">Gjat\u00eb 24 or\u00ebve t\u00eb fundit jan\u00eb regjistruar gjithsej 24 vatra zjarri n\u00eb disa bashki t\u00eb vendit, nd\u00ebrsa 6 prej tyre mbeten ende aktive.<\/span><\/p>\n<p><span style=\"color: #000000;\">Ministria e Mbrojtjes thot\u00eb se zjarret jan\u00eb p\u00ebrhapur kryesisht n\u00eb sip\u00ebrfaqe me shkurre dhe bim\u00ebsi t\u00eb ul\u00ebt, duke djegur rreth 7 hektar\u00eb tok\u00eb dhe duke shkaktuar d\u00ebme materiale n\u00eb disa banesa.<\/span><\/p>\n<p><span style=\"color: #000000;\">Sipas t\u00eb dh\u00ebnave zyrtare, vatrat jan\u00eb evidentuar n\u00eb k\u00ebto bashki: Elbasan, Finiq, Delvin\u00eb, Selenic\u00eb, Vlor\u00eb, Tiran\u00eb, Vor\u00eb, Kruj\u00eb, Has, Mat, Mal\u00ebsi e Madhe, Kurbin, Kor\u00e7\u00eb, Poli\u00e7an dhe Gjirokast\u00ebr.<\/span><\/p>\n<p><span style=\"color: #000000;\">Zjarri vazhdon n\u00eb vendgrumbullimin e mbetjeve n\u00eb bashkin\u00eb Elbasan, ku edhe sot vijon puna p\u00ebr shuarjen e plot\u00eb t\u00eb vatr\u00ebs.<\/span><\/p>\n<p><span style=\"color: #000000;\">Ministria thpote se gjat\u00eb dit\u00ebs s\u00eb djeshme u punua kryesisht me hedhjen e inerteve dhe kapsulimin e mbetjeve, nd\u00ebrsa nj\u00eb grup ekspert\u00ebsh ishte n\u00eb terren p\u00ebr matjen e ndotjes s\u00eb ajrit. Forcat operacionale do t\u00eb vijojn\u00eb pun\u00ebn p\u00ebr shuarjen p\u00ebrfundimtare edhe gjat\u00eb dit\u00ebs s\u00eb sotme.<\/span><\/p>\n<p>&nbsp;<\/p>\n<p><span style=\"color: #000000;\">Njoftimi i Ministrise se Mbrojtjes<\/span><\/p>\n<p><span style=\"color: #000000;\"><em>\u00a0<\/em><\/span><\/p>\n<p><span style=\"color: #000000;\"><em>Gjat\u00eb 24 or\u00ebve t\u00eb fundit jan\u00eb raportuar 24 vatra zjarri, nga t\u00eb cilat 6 vatra jan\u00eb ende aktive.<\/em><\/span><\/p>\n<p><span style=\"color: #000000;\"><em>K\u00ebto vatra zjarri jan\u00eb evidentuar n\u00eb bashkit\u00eb e Elbasanit, Finiqit, Delvin\u00ebs, Selenic\u00ebs, Vlor\u00ebs, Tiran\u00ebs, Vor\u00ebs, Kruj\u00ebs, Hasit, Matit, Mal\u00ebsis\u00eb s\u00eb Madhe, Kurbinit, Kor\u00e7\u00ebs, Poli\u00e7anit dhe Gjirokastr\u00ebs.<\/em><\/span><\/p>\n<p><span style=\"color: #000000;\"><em>Aktualisht mbeten aktive vatrat:<\/em><\/span><\/p>\n<p><span style=\"color: #000000;\"><em>* N\u00eb vendgrumbullimin e mbetjeve n\u00eb bashkin\u00eb Elbasan, ku edhe sot vijon puna p\u00ebr shuarjen e plot\u00eb t\u00eb vatr\u00ebs. Gjat\u00eb dit\u00ebs s\u00eb djeshme u punua kryesisht me hedhjen e inerteve dhe kapsulimin e mbetjeve, nd\u00ebrsa nj\u00eb grup ekspert\u00ebsh ishte n\u00eb terren p\u00ebr matjen e ndotjes s\u00eb ajrit. Forcat operacionale do t\u00eb vijojn\u00eb pun\u00ebn p\u00ebr shuarjen p\u00ebrfundimtare edhe gjat\u00eb dit\u00ebs s\u00eb sotme.<\/em><\/span><\/p>\n<p><span style=\"color: #000000;\"><em>* N\u00eb zon\u00ebn midis fshatit Grazhdan, nj\u00ebsia administrative Livadhja, dhe fshatit Mal\u00e7an, nj\u00ebsia administrative Dhiv\u00ebr, bashkia Finiq. Sot situata paraqitet m\u00eb e qet\u00eb dhe intensiteti i zjarrit ka r\u00ebn\u00eb. Vatra po monitorohet n\u00eb distanc\u00eb nga 2 automjete zjarrfik\u00ebse me 6 efektiv\u00eb dhe punonj\u00ebs t\u00eb Sh\u00ebrbimit Pyjor n\u00eb fshatin Mal\u00e7an.<\/em><\/span><\/p>\n<p><span style=\"color: #000000;\"><em>* N\u00eb vendin e quajtur \u201cSotiran\u201d, nd\u00ebrmjet fshatrave Tragjas dhe Dukat, nj\u00ebsia administrative Orikum, bashkia Vlor\u00eb, \u00ebsht\u00eb raportuar vat\u00ebr zjarri n\u00eb nj\u00eb sip\u00ebrfaqe me shkurre dhe ferra. N\u00eb vendngjarje ndodhen efektiv\u00ebt e Sh\u00ebrbimit Vendor t\u00eb MZSH t\u00eb bashkis\u00eb Vlor\u00eb me 1 automjet zjarrfik\u00ebs dhe 3 efektiv\u00eb, t\u00eb cil\u00ebt po punojn\u00eb p\u00ebr shuarjen e flak\u00ebve.<\/em><\/span><\/p>\n<p><span style=\"color: #000000;\"><em>\u00a0<\/em><\/span><\/p>\n<p><span style=\"color: #000000;\"><em>* N\u00eb fshatin Bultic\u00eb, nj\u00ebsia administrative Vaqarr, bashkia Tiran\u00eb, n\u00eb nj\u00eb sip\u00ebrfaqe me shkurre dhe ferra. Terreni i pafavorsh\u00ebm e b\u00ebn t\u00eb v\u00ebshtir\u00eb nd\u00ebrhyrjen me mjete zjarrfik\u00ebse. Sot, forcat operacionale me ndihm\u00ebn e 40 forcave nga FA do t\u00eb vazhdojn\u00eb pun\u00ebn p\u00ebr v\u00ebnien n\u00ebn kontroll t\u00eb zjarrit.<\/em><\/span><\/p>\n<p><span style=\"color: #000000;\"><em>* N\u00eb zon\u00ebn malore mes fshatrave Gjinaj dhe Domaj, nj\u00ebsia administrative Gjinaj, bashkia Has, n\u00eb nj\u00eb sip\u00ebrfaqe me pyll pishe. Terreni i v\u00ebshtir\u00eb dhe era favorizojn\u00eb p\u00ebrhapjen e flak\u00ebve, ndaj puna p\u00ebr shuarjen vazhdon.<\/em><\/span><\/p>\n<p><span style=\"color: #000000;\"><em>* N\u00eb fshatin Zg\u00ebrbonj\u00eb, nj\u00ebsia administrative V\u00ebrtop, bashkia Poli\u00e7an, n\u00eb nj\u00eb sip\u00ebrfaqe me shkurre dhe ferra. Sot n\u00eb m\u00ebngjes ka rifilluar operacioni p\u00ebr shuarjen e zjarrit me 2 automjete zjarrfik\u00ebse dhe 7 efektiv\u00eb.<\/em><\/span><\/p>\n<p><span style=\"color: #000000;\"><em>Zjarret jan\u00eb regjistruar kryesisht n\u00eb sip\u00ebrfaqe me shkurre dhe bim\u00ebsi t\u00eb ul\u00ebt, ku si pasoj\u00eb jan\u00eb djegur rreth 7 hektar\u00eb.<\/em><\/span><\/p>\n<p><span style=\"color: #000000;\"><em>N\u00eb tre raste \u2013 n\u00eb fshatin Marqinet (bashkia Vor\u00eb), n\u00eb rrug\u00ebn \u201cPerlat Rexhepi\u201d (nj\u00ebsia administrative Nr.5, bashkia Tiran\u00eb) dhe n\u00eb fshatin Bulgarec (bashkia Kor\u00e7\u00eb) \u2013 zjarri ka p\u00ebrfshir\u00eb dy banesa dhe nj\u00eb nd\u00ebrtes\u00eb, duke shkaktuar d\u00ebme materiale.<\/em><\/span><\/p>\n<p><span style=\"color: #000000;\"><em>N\u00eb operacionet p\u00ebr shuarjen e zjarreve jan\u00eb angazhuar 34 automjete zjarrfik\u00ebse, 399 forca operacionale dhe 53 mjete t\u00eb r\u00ebnda. Gjithashtu, Forcat e Armatosura kontribuan me 40 efektiv\u00eb, 2 automjete zjarrfik\u00ebse, 1 pomp\u00eb thith\u00ebse dhe 1 traktor me zinxhir\u00eb<\/em><\/span><\/p>\n<p><span style=\"color: #000000;\"><em>Sipas Institutit t\u00eb Gjeoshkencave, sot parashikohen reshje lokale t\u00eb dob\u00ebta n\u00eb disa qarqe.<\/em><\/span><\/p>\n<p><span style=\"color: #000000;\"><em>Sa i p\u00ebrket rrezikut nga zjarret, n\u00eb shumic\u00ebn e qarqeve pritet nivel \u201cI LART\u00cb\u201d. N\u00eb qarqet Durr\u00ebs, Kor\u00e7\u00eb dhe Vlor\u00eb pritet nivel \u201cI MODERUAR\u201d, por lokalisht edhe \u201cI LART\u00cb\u201d n\u00eb zona t\u00eb caktuara si: Durr\u00ebs (jug), Kor\u00e7\u00eb (qend\u00ebr) dhe Vlor\u00eb (veri-qend\u00ebr).<\/em><\/span><\/p>\n<p><span style=\"color: #000000;\"><em>Strukturat e mbrojtjes civile jan\u00eb n\u00eb gatishm\u00ebri t\u00eb plot\u00eb dhe po ndjekin nga af\u00ebr \u00e7do situat\u00eb n\u00eb terren.<\/em><\/span><\/p>\n<p><span style=\"color: #000000;\"><em>I b\u00ebjm\u00eb thirrje qytetar\u00ebve t\u00eb tregojn\u00eb kujdes maksimal, t\u00eb shmangin ndezjen e zjarreve dhe t\u00eb njoftojn\u00eb menj\u00ebher\u00eb sh\u00ebrbimet p\u00ebrkat\u00ebse n\u00eb \u00e7do rast.<\/em><\/span><\/p>\n","protected":false,"gt_translate_keys":[{"key":"rendered","format":"html"}]},"excerpt":{"rendered":"<p>Gjat\u00eb 24 or\u00ebve t\u00eb fundit jan\u00eb regjistruar gjithsej 24 vatra zjarri n\u00eb disa bashki t\u00eb vendit, nd\u00ebrsa 6 prej tyre mbeten ende aktive. Ministria e Mbrojtjes thot\u00eb se zjarret jan\u00eb p\u00ebrhapur kryesisht n\u00eb sip\u00ebrfaqe me shkurre dhe bim\u00ebsi t\u00eb ul\u00ebt, duke djegur rreth 7 hektar\u00eb tok\u00eb dhe duke shkaktuar d\u00ebme materiale n\u00eb disa banesa. Sipas [&hellip;]<\/p>\n","protected":false,"gt_translate_keys":[{"key":"rendered","format":"html"}]},"author":32,"featured_media":748582,"comment_status":"closed","ping_status":"open","sticky":false,"template":"","format":"standard","meta":{"footnotes":""},"categories":[65],"tags":[],"class_list":["post-750164","post","type-post","status-publish","format-standard","has-post-thumbnail","hentry","category-lajme"],"gt_translate_keys":[{"key":"link","format":"url"}],"_links":{"self":[{"href":"https:\/\/www.hashtag.al\/index.php\/wp-json\/wp\/v2\/posts\/750164","targetHints":{"allow":["GET"]}}],"collection":[{"href":"https:\/\/www.hashtag.al\/index.php\/wp-json\/wp\/v2\/posts"}],"about":[{"href":"https:\/\/www.hashtag.al\/index.php\/wp-json\/wp\/v2\/types\/post"}],"author":[{"embeddable":true,"href":"https:\/\/www.hashtag.al\/index.php\/wp-json\/wp\/v2\/users\/32"}],"replies":[{"embeddable":true,"href":"https:\/\/www.hashtag.al\/index.php\/wp-json\/wp\/v2\/comments?post=750164"}],"version-history":[{"count":99999,"href":"https:\/\/www.hashtag.al\/index.php\/wp-json\/wp\/v2\/posts\/750164\/revisions"}],"predecessor-version":[{"id":750165,"href":"https:\/\/www.hashtag.al\/index.php\/wp-json\/wp\/v2\/posts\/750164\/revisions\/750165"}],"wp:featuredmedia":[{"embeddable":true,"href":"https:\/\/www.hashtag.al\/index.php\/wp-json\/wp\/v2\/media\/748582"}],"wp:attachment":[{"href":"https:\/\/www.hashtag.al\/index.php\/wp-json\/wp\/v2\/media?parent=750164"}],"wp:term":[{"taxonomy":"category","embeddable":true,"href":"https:\/\/www.hashtag.al\/index.php\/wp-json\/wp\/v2\/categories?post=750164"},{"taxonomy":"post_tag","embeddable":true,"href":"https:\/\/www.hashtag.al\/index.php\/wp-json\/wp\/v2\/tags?post=750164"}],"curies":[{"name":"wp","href":"https:\/\/api.w.org\/{rel}","templated":true}]}}