{"id":749803,"date":"2025-07-03T19:52:42","date_gmt":"2025-07-03T17:52:42","guid":{"rendered":"https:\/\/www.hashtag.al\/?p=749803"},"modified":"2025-07-03T19:52:42","modified_gmt":"2025-07-03T17:52:42","slug":"rama-takim-me-drejtoret-e-bashkise-tirane-kujdes-me-zenien-e-trotuareve-tirana-sduhet-te-behet-si-vlora","status":"publish","type":"post","link":"https:\/\/www.hashtag.al\/index.php\/2025\/07\/03\/rama-takim-me-drejtoret-e-bashkise-tirane-kujdes-me-zenien-e-trotuareve-tirana-sduhet-te-behet-si-vlora\/","title":{"rendered":"Rama takim me drejtor\u00ebt e Bashkis\u00eb Tiran\u00eb: Kujdes me z\u00ebnien e trotuareve, Tirana s&#8217;duhet t\u00eb b\u00ebhet si Vlora","gt_translate_keys":[{"key":"rendered","format":"text"}]},"content":{"rendered":"<p><span style=\"color: #000000;\"><img decoding=\"async\" class=\"aligncenter\" src=\"https:\/\/www.hashtag.al\/wp-content\/uploads\/2025\/05\/edi-ramaa1-1.jpg\" \/><\/span><\/p>\n<p><span style=\"color: #000000;\">Kryeministri Edi Rama zhvilloi sot prej or\u00ebs 18:30 nj\u00eb takim me t\u00eb gjith\u00eb drejtor\u00ebt e Bashkis\u00eb s\u00eb Tiran\u00ebs, ku t\u00eb pranish\u00ebm ishin gjithashtu edhe deputet\u00ebt socialist\u00eb t\u00eb zgjedhur n\u00eb 11 maj n\u00eb nj\u00ebsit\u00eb e kryeqytetit.<\/span><\/p>\n<p><span style=\"color: #000000;\">Takimi, i mbajtur n\u00eb nj\u00eb prej ambienteve t\u00eb kryeqytetit, kishte p\u00ebr q\u00ebllim analizimin e situat\u00ebs n\u00eb terren dhe p\u00ebrcaktimin e prioriteteve p\u00ebr periudh\u00ebn n\u00eb vijim.<\/span><\/p>\n<p><span style=\"color: #000000;\">Sipas raportimit t\u00eb gazetarit t\u00eb Top Channel, Muhamet Veliu, Rama u shpreh se nuk kishte ankesa p\u00ebr pun\u00ebn e drejtor\u00ebve, por k\u00ebrkoi nj\u00eb p\u00ebrfshirje m\u00eb t\u00eb madhe n\u00eb terren p\u00ebr t\u00eb adresuar problematikat konkrete t\u00eb qytetit.<\/span><\/p>\n<p><span style=\"color: #000000;\">\u201cNuk kam ankesa p\u00ebr ju. Duhet t\u00eb ndaheni n\u00eb grupe pune n\u00eb terren p\u00ebr t\u00eb par\u00eb problematikat. Kujdes n\u00eb problemet e z\u00ebnies s\u00eb trotuareve, Tirana s\u2019mund t\u00eb b\u00ebhet si Vlora,\u201d u shpreh Rama.<\/span><\/p>\n<p><span style=\"color: #000000;\">Ai theksoi gjithashtu se Inspektorati i Mbrojtjes s\u00eb Territorit (IMT) dhe INUK duhet t\u00eb jen\u00eb n\u00eb nivelin e duhur t\u00eb angazhimit dhe veprimit, duke i b\u00ebr\u00eb thirrje p\u00ebr m\u00eb shum\u00eb efikasitet.<\/span><\/p>\n<p><span style=\"color: #000000;\">Kryeministri vler\u00ebsoi pun\u00ebn e drejtoresh\u00ebs s\u00eb re t\u00eb Policis\u00eb Bashkiake, Elona Lalaj, duke theksuar se q\u00eb prej ardhjes s\u00eb saj n\u00eb detyr\u00eb jan\u00eb reduktuar ndjesh\u00ebm ankesat nga qytetar\u00ebt.<\/span><\/p>\n<p><span style=\"color: #000000;\">N\u00eb p\u00ebrmbyllje, Rama la porosi q\u00eb zbatimi i detyrave t\u00eb diskutohet n\u00eb nj\u00eb tjet\u00ebr takim t\u00eb ngjash\u00ebm pas dy jav\u00ebsh, duke sinjalizuar nj\u00eb vijim\u00ebsi t\u00eb monitorimit t\u00eb performanc\u00ebs s\u00eb strukturave vendore n\u00eb Tiran\u00eb.<\/span><\/p>\n","protected":false,"gt_translate_keys":[{"key":"rendered","format":"html"}]},"excerpt":{"rendered":"<p>Kryeministri Edi Rama zhvilloi sot prej or\u00ebs 18:30 nj\u00eb takim me t\u00eb gjith\u00eb drejtor\u00ebt e Bashkis\u00eb s\u00eb Tiran\u00ebs, ku t\u00eb pranish\u00ebm ishin gjithashtu edhe deputet\u00ebt socialist\u00eb t\u00eb zgjedhur n\u00eb 11 maj n\u00eb nj\u00ebsit\u00eb e kryeqytetit. Takimi, i mbajtur n\u00eb nj\u00eb prej ambienteve t\u00eb kryeqytetit, kishte p\u00ebr q\u00ebllim analizimin e situat\u00ebs n\u00eb terren dhe p\u00ebrcaktimin e [&hellip;]<\/p>\n","protected":false,"gt_translate_keys":[{"key":"rendered","format":"html"}]},"author":32,"featured_media":743365,"comment_status":"closed","ping_status":"open","sticky":false,"template":"","format":"standard","meta":{"footnotes":""},"categories":[65],"tags":[],"class_list":["post-749803","post","type-post","status-publish","format-standard","has-post-thumbnail","hentry","category-lajme"],"gt_translate_keys":[{"key":"link","format":"url"}],"_links":{"self":[{"href":"https:\/\/www.hashtag.al\/index.php\/wp-json\/wp\/v2\/posts\/749803","targetHints":{"allow":["GET"]}}],"collection":[{"href":"https:\/\/www.hashtag.al\/index.php\/wp-json\/wp\/v2\/posts"}],"about":[{"href":"https:\/\/www.hashtag.al\/index.php\/wp-json\/wp\/v2\/types\/post"}],"author":[{"embeddable":true,"href":"https:\/\/www.hashtag.al\/index.php\/wp-json\/wp\/v2\/users\/32"}],"replies":[{"embeddable":true,"href":"https:\/\/www.hashtag.al\/index.php\/wp-json\/wp\/v2\/comments?post=749803"}],"version-history":[{"count":99999,"href":"https:\/\/www.hashtag.al\/index.php\/wp-json\/wp\/v2\/posts\/749803\/revisions"}],"predecessor-version":[{"id":749805,"href":"https:\/\/www.hashtag.al\/index.php\/wp-json\/wp\/v2\/posts\/749803\/revisions\/749805"}],"wp:featuredmedia":[{"embeddable":true,"href":"https:\/\/www.hashtag.al\/index.php\/wp-json\/wp\/v2\/media\/743365"}],"wp:attachment":[{"href":"https:\/\/www.hashtag.al\/index.php\/wp-json\/wp\/v2\/media?parent=749803"}],"wp:term":[{"taxonomy":"category","embeddable":true,"href":"https:\/\/www.hashtag.al\/index.php\/wp-json\/wp\/v2\/categories?post=749803"},{"taxonomy":"post_tag","embeddable":true,"href":"https:\/\/www.hashtag.al\/index.php\/wp-json\/wp\/v2\/tags?post=749803"}],"curies":[{"name":"wp","href":"https:\/\/api.w.org\/{rel}","templated":true}]}}