{"id":749680,"date":"2025-07-03T09:40:56","date_gmt":"2025-07-03T07:40:56","guid":{"rendered":"https:\/\/www.hashtag.al\/?p=749680"},"modified":"2025-07-03T09:40:56","modified_gmt":"2025-07-03T07:40:56","slug":"ina-majko-emerohet-zv-ministre-e-shendetesise-rama-uroj-te-jete-nje-mbeshtetje-me-shume-per-familjet-ne-nevoje","status":"publish","type":"post","link":"https:\/\/www.hashtag.al\/index.php\/2025\/07\/03\/ina-majko-emerohet-zv-ministre-e-shendetesise-rama-uroj-te-jete-nje-mbeshtetje-me-shume-per-familjet-ne-nevoje\/","title":{"rendered":"Ina Majko em\u00ebrohet zv.ministre e Sh\u00ebndet\u00ebsis\u00eb, Rama: Uroj t\u00eb jet\u00eb nj\u00eb mb\u00ebshtetje m\u00eb shum\u00eb p\u00ebr familjet n\u00eb nevoj\u00eb","gt_translate_keys":[{"key":"rendered","format":"text"}]},"content":{"rendered":"<p><span style=\"color: #000000;\"><img loading=\"lazy\" decoding=\"async\" class=\"aligncenter size-full wp-image-749681\" src=\"https:\/\/www.hashtag.al\/wp-content\/uploads\/2025\/07\/1751526052_inamajkoedirama.jpg\" alt=\"\" width=\"780\" height=\"440\" srcset=\"https:\/\/www.hashtag.al\/wp-content\/uploads\/2025\/07\/1751526052_inamajkoedirama.jpg 780w, https:\/\/www.hashtag.al\/wp-content\/uploads\/2025\/07\/1751526052_inamajkoedirama-300x169.jpg 300w, https:\/\/www.hashtag.al\/wp-content\/uploads\/2025\/07\/1751526052_inamajkoedirama-768x433.jpg 768w\" sizes=\"auto, (max-width: 780px) 100vw, 780px\" \/><\/span><\/p>\n<p><span style=\"color: #000000;\">Kryeministri Edi Rama ka njoftuar em\u00ebrimin e Ina Majkos si z\u00ebvend\u00ebsministre n\u00eb Ministrin\u00eb e Sh\u00ebndet\u00ebsis\u00eb dhe Mbrojtjes Sociale. <\/span><\/p>\n<p><span style=\"color: #000000;\">Ai e cil\u00ebson Majkon si p\u00ebrfaq\u00ebsuesen e par\u00eb t\u00eb komunitetit rom n\u00eb nj\u00eb post qeveritar dhe nj\u00eb z\u00eb t\u00eb vlefsh\u00ebm n\u00eb p\u00ebrfaq\u00ebsimin e grupeve n\u00eb nevoj\u00eb.<\/span><\/p>\n<p><span style=\"color: #000000;\"> Rama vler\u00ebsoi arritjet personale t\u00eb saj dhe shprehu besimin se do t\u00eb jet\u00eb nj\u00eb kontribut i r\u00ebnd\u00ebsish\u00ebm n\u00eb mb\u00ebshtetje t\u00eb familjeve dhe f\u00ebmij\u00ebve n\u00eb nevoj\u00eb<\/span><\/p>\n<div class=\"xdj266r x14z9mp xat24cr x1lziwak x1vvkbs x126k92a\">\n<div dir=\"auto\">\n<p><span style=\"color: #000000;\"><strong>Postimi:<\/strong><\/span><\/p>\n<p><em><span style=\"color: #000000;\">Ina MAJKO \u00ebsht\u00eb prurja e par\u00eb, nd\u00ebr shum\u00eb t\u00eb tjera n\u00eb vijim t\u00eb rrug\u00ebs s\u00eb re q\u00eb hapi 11 maji, drejt Shqip\u00ebris\u00eb 2030 n\u00eb Bashkimin Europian<\/span><\/em><\/p>\n<p><em><span style=\"color: #000000;\">Ajo sapo \u00ebsht\u00eb zgjedhur z\u00ebvend\u00ebs ministre e Sh\u00ebndet\u00ebsis\u00eb dhe Mbrojtjes Sociale, pasi ka spikatur n\u00eb skuadr\u00ebn e 11 majit, mes atyre q\u00eb edhe pse nuk ia dol\u00ebn t\u00eb fitonin nj\u00eb vend n\u00eb Kuvendin e ri, ishin nj\u00eb vler\u00eb e shtuar e PS2030 n\u00eb p\u00ebrfaq\u00ebsimin e komuniteteve e t\u00eb grupeve t\u00eb ndryshme t\u00eb interesit.<\/span><\/em><\/p>\n<p><em><span style=\"color: #000000;\">Ina erdhi n\u00eb skuadr\u00ebn ton\u00eb si nj\u00eb p\u00ebrzgjedhje nga komuniteti Rom dhe si e para p\u00ebrfaq\u00ebsuese e k\u00ebtij komuniteti n\u00eb nivelin e kabinetit qeveritar n\u00eb historin\u00eb e vendit, ajo do t\u00eb mbuloj\u00eb pik\u00ebrisht \u00e7\u00ebshtjet e njer\u00ebzve m\u00eb n\u00eb nevoj\u00eb t\u00eb shoq\u00ebris\u00eb n\u00eb fush\u00ebn e Mbrojtjes Sociale.<\/span><\/em><\/p>\n<p><em><span style=\"color: #000000;\">Historia e Ina Majkos \u00ebsht\u00eb historia e nj\u00eb f\u00ebmije t\u00eb rritur mes paragjykimesh e v\u00ebshtir\u00ebsish t\u00eb m\u00ebdha ekonomike dhe historia e nj\u00eb vajze t\u00eb talentuar, plot energji e vendosm\u00ebri p\u00ebr t\u2019ia dal\u00eb, e cila jo vet\u00ebm kreu me rezultate t\u00eb larta studimet jasht\u00eb vendit dhe flet pes\u00eb gjuh\u00eb t\u00eb huaja, por edhe u b\u00eb nj\u00eb z\u00eb i bukur i komunitetit t\u00eb saj n\u00eb platformat sociale.<\/span><\/em><\/p>\n<p><em><span style=\"color: #000000;\">Uroj q\u00eb Ina t\u00eb jet\u00eb nj\u00eb vler\u00eb e shtuar edhe n\u00eb pun\u00ebn e Ministris\u00eb s\u00eb Sh\u00ebndet\u00ebsis\u00eb dhe Mbrojtjes Sociale, e nj\u00eb mb\u00ebshtetje m\u00eb shum\u00eb p\u00ebr familjet e f\u00ebmij\u00ebt n\u00eb nevoj\u00eb.<\/span><\/em><\/p>\n<\/div>\n<\/div>\n","protected":false,"gt_translate_keys":[{"key":"rendered","format":"html"}]},"excerpt":{"rendered":"<p>Kryeministri Edi Rama ka njoftuar em\u00ebrimin e Ina Majkos si z\u00ebvend\u00ebsministre n\u00eb Ministrin\u00eb e Sh\u00ebndet\u00ebsis\u00eb dhe Mbrojtjes Sociale. Ai e cil\u00ebson Majkon si p\u00ebrfaq\u00ebsuesen e par\u00eb t\u00eb komunitetit rom n\u00eb nj\u00eb post qeveritar dhe nj\u00eb z\u00eb t\u00eb vlefsh\u00ebm n\u00eb p\u00ebrfaq\u00ebsimin e grupeve n\u00eb nevoj\u00eb. Rama vler\u00ebsoi arritjet personale t\u00eb saj dhe shprehu besimin se do [&hellip;]<\/p>\n","protected":false,"gt_translate_keys":[{"key":"rendered","format":"html"}]},"author":49,"featured_media":749681,"comment_status":"closed","ping_status":"open","sticky":false,"template":"","format":"standard","meta":{"footnotes":""},"categories":[65],"tags":[],"class_list":["post-749680","post","type-post","status-publish","format-standard","has-post-thumbnail","hentry","category-lajme"],"gt_translate_keys":[{"key":"link","format":"url"}],"_links":{"self":[{"href":"https:\/\/www.hashtag.al\/index.php\/wp-json\/wp\/v2\/posts\/749680","targetHints":{"allow":["GET"]}}],"collection":[{"href":"https:\/\/www.hashtag.al\/index.php\/wp-json\/wp\/v2\/posts"}],"about":[{"href":"https:\/\/www.hashtag.al\/index.php\/wp-json\/wp\/v2\/types\/post"}],"author":[{"embeddable":true,"href":"https:\/\/www.hashtag.al\/index.php\/wp-json\/wp\/v2\/users\/49"}],"replies":[{"embeddable":true,"href":"https:\/\/www.hashtag.al\/index.php\/wp-json\/wp\/v2\/comments?post=749680"}],"version-history":[{"count":99999,"href":"https:\/\/www.hashtag.al\/index.php\/wp-json\/wp\/v2\/posts\/749680\/revisions"}],"predecessor-version":[{"id":749684,"href":"https:\/\/www.hashtag.al\/index.php\/wp-json\/wp\/v2\/posts\/749680\/revisions\/749684"}],"wp:featuredmedia":[{"embeddable":true,"href":"https:\/\/www.hashtag.al\/index.php\/wp-json\/wp\/v2\/media\/749681"}],"wp:attachment":[{"href":"https:\/\/www.hashtag.al\/index.php\/wp-json\/wp\/v2\/media?parent=749680"}],"wp:term":[{"taxonomy":"category","embeddable":true,"href":"https:\/\/www.hashtag.al\/index.php\/wp-json\/wp\/v2\/categories?post=749680"},{"taxonomy":"post_tag","embeddable":true,"href":"https:\/\/www.hashtag.al\/index.php\/wp-json\/wp\/v2\/tags?post=749680"}],"curies":[{"name":"wp","href":"https:\/\/api.w.org\/{rel}","templated":true}]}}