{"id":749663,"date":"2025-07-02T23:38:35","date_gmt":"2025-07-02T21:38:35","guid":{"rendered":"https:\/\/www.hashtag.al\/?p=749663"},"modified":"2025-07-02T23:43:43","modified_gmt":"2025-07-02T21:43:43","slug":"kurti-falenderon-shba-ne-dhe-trump-per-ndalimin-e-luftes-ne-skemi-informacionet-qe-ata-posedojne-per-serbine","status":"publish","type":"post","link":"https:\/\/www.hashtag.al\/index.php\/2025\/07\/02\/kurti-falenderon-shba-ne-dhe-trump-per-ndalimin-e-luftes-ne-skemi-informacionet-qe-ata-posedojne-per-serbine\/","title":{"rendered":"Kurti fal\u00ebnderon SHBA-n\u00eb dhe Trump p\u00ebr ndalimin e luft\u00ebs: Ne s\u2019kemi informacionet q\u00eb ata posedojn\u00eb p\u00ebr Serbin\u00eb","gt_translate_keys":[{"key":"rendered","format":"text"}]},"content":{"rendered":"<p><span style=\"color: #000000;\"><img decoding=\"async\" class=\"aligncenter\" src=\"https:\/\/www.hashtag.al\/wp-content\/uploads\/2025\/03\/Albin-Kurti1-738x450-1.jpg\" \/><\/span><\/p>\n<p><span style=\"color: #000000;\">Kryeministri n\u00eb detyr\u00eb i Kosov\u00ebs, Albin Kurti, ka shprehur mir\u00ebnjohjen e tij ndaj presidentit amerikan Donald Trump dhe Shteteve t\u00eb Bashkuara t\u00eb Amerik\u00ebs p\u00ebr, si\u00e7 tha ai, ndalimin e nj\u00eb lufte t\u00eb mundshme nga Serbia ndaj Kosov\u00ebs.<\/span><\/p>\n<p><span style=\"color: #000000;\">Kurti u shpreh se SHBA-t\u00eb kan\u00eb pasur m\u00eb shum\u00eb informacion mbi planet operacionale t\u00eb Serbis\u00eb dhe \u00ebsht\u00eb e pritshme q\u00eb autoritetet kosovare t\u00eb mos ken\u00eb t\u00eb nj\u00ebjtat t\u00eb dh\u00ebna.<\/span><\/p>\n<p><span style=\"color: #000000;\">\u201cNuk mund t\u2019i di planet q\u00eb kan\u00eb pasur, nuk i kam informacionet e tyre. Me siguri SHBA-t\u00eb kan\u00eb m\u00eb shum\u00eb informacione p\u00ebr synimet operacionale t\u00eb Serbis\u00eb dhe mund t\u00eb ken\u00eb vepruar kund\u00ebr tyre. Faleminderit shum\u00eb. Jemi shum\u00eb mir\u00ebnjoh\u00ebs p\u00ebr rolin e SHBA-ve,\u201d tha Kurti.<\/span><\/p>\n<p><span style=\"color: #000000;\">Ai shtoi se shpreson q\u00eb nj\u00eb dit\u00eb institucionet e Kosov\u00ebs, p\u00ebrmes bashk\u00ebpunimit me partner\u00ebt amerikan\u00eb, t\u00eb ken\u00eb qasje n\u00eb k\u00ebto informacione.<\/span><\/p>\n<p><span style=\"color: #000000;\">Deklarata e Kurtit vjen pas komenteve t\u00eb presidentit Trump, i cili n\u00eb nj\u00eb postim t\u00eb fundit ka th\u00ebn\u00eb se \u201ce ndala luft\u00ebn\u201d duke iu referuar tensioneve n\u00eb rritje mes Kosov\u00ebs dhe Serbis\u00eb.<\/span><\/p>\n","protected":false,"gt_translate_keys":[{"key":"rendered","format":"html"}]},"excerpt":{"rendered":"<p>Kryeministri n\u00eb detyr\u00eb i Kosov\u00ebs, Albin Kurti, ka shprehur mir\u00ebnjohjen e tij ndaj presidentit amerikan Donald Trump dhe Shteteve t\u00eb Bashkuara t\u00eb Amerik\u00ebs p\u00ebr, si\u00e7 tha ai, ndalimin e nj\u00eb lufte t\u00eb mundshme nga Serbia ndaj Kosov\u00ebs. Kurti u shpreh se SHBA-t\u00eb kan\u00eb pasur m\u00eb shum\u00eb informacion mbi planet operacionale t\u00eb Serbis\u00eb dhe \u00ebsht\u00eb e [&hellip;]<\/p>\n","protected":false,"gt_translate_keys":[{"key":"rendered","format":"html"}]},"author":32,"featured_media":732105,"comment_status":"closed","ping_status":"open","sticky":false,"template":"","format":"standard","meta":{"footnotes":""},"categories":[149],"tags":[],"class_list":["post-749663","post","type-post","status-publish","format-standard","has-post-thumbnail","hentry","category-kosoverajon"],"gt_translate_keys":[{"key":"link","format":"url"}],"_links":{"self":[{"href":"https:\/\/www.hashtag.al\/index.php\/wp-json\/wp\/v2\/posts\/749663","targetHints":{"allow":["GET"]}}],"collection":[{"href":"https:\/\/www.hashtag.al\/index.php\/wp-json\/wp\/v2\/posts"}],"about":[{"href":"https:\/\/www.hashtag.al\/index.php\/wp-json\/wp\/v2\/types\/post"}],"author":[{"embeddable":true,"href":"https:\/\/www.hashtag.al\/index.php\/wp-json\/wp\/v2\/users\/32"}],"replies":[{"embeddable":true,"href":"https:\/\/www.hashtag.al\/index.php\/wp-json\/wp\/v2\/comments?post=749663"}],"version-history":[{"count":99999,"href":"https:\/\/www.hashtag.al\/index.php\/wp-json\/wp\/v2\/posts\/749663\/revisions"}],"predecessor-version":[{"id":749664,"href":"https:\/\/www.hashtag.al\/index.php\/wp-json\/wp\/v2\/posts\/749663\/revisions\/749664"}],"wp:featuredmedia":[{"embeddable":true,"href":"https:\/\/www.hashtag.al\/index.php\/wp-json\/wp\/v2\/media\/732105"}],"wp:attachment":[{"href":"https:\/\/www.hashtag.al\/index.php\/wp-json\/wp\/v2\/media?parent=749663"}],"wp:term":[{"taxonomy":"category","embeddable":true,"href":"https:\/\/www.hashtag.al\/index.php\/wp-json\/wp\/v2\/categories?post=749663"},{"taxonomy":"post_tag","embeddable":true,"href":"https:\/\/www.hashtag.al\/index.php\/wp-json\/wp\/v2\/tags?post=749663"}],"curies":[{"name":"wp","href":"https:\/\/api.w.org\/{rel}","templated":true}]}}