{"id":749644,"date":"2025-07-02T22:24:02","date_gmt":"2025-07-02T20:24:02","guid":{"rendered":"https:\/\/www.hashtag.al\/?p=749644"},"modified":"2025-07-02T22:24:02","modified_gmt":"2025-07-02T20:24:02","slug":"vala-e-te-nxehtit-ne-evropen-shkakton-8-viktima-thone-autoritetet","status":"publish","type":"post","link":"https:\/\/www.hashtag.al\/index.php\/2025\/07\/02\/vala-e-te-nxehtit-ne-evropen-shkakton-8-viktima-thone-autoritetet\/","title":{"rendered":"Vala e t\u00eb nxehtit n\u00eb Evrop\u00ebn shkakton 8 viktima thon\u00eb autoritetet","gt_translate_keys":[{"key":"rendered","format":"text"}]},"content":{"rendered":"<p><img loading=\"lazy\" decoding=\"async\" class=\"aligncenter size-full wp-image-749646\" src=\"https:\/\/www.hashtag.al\/wp-content\/uploads\/2025\/07\/vape.png\" alt=\"\" width=\"885\" height=\"580\" srcset=\"https:\/\/www.hashtag.al\/wp-content\/uploads\/2025\/07\/vape.png 885w, https:\/\/www.hashtag.al\/wp-content\/uploads\/2025\/07\/vape-300x197.png 300w, https:\/\/www.hashtag.al\/wp-content\/uploads\/2025\/07\/vape-768x503.png 768w\" sizes=\"auto, (max-width: 885px) 100vw, 885px\" \/><\/p>\n<p><span style=\"color: #000000;\">Kat\u00ebr persona vdiq\u00ebn n\u00eb Spanj\u00eb, dy n\u00eb Franc\u00eb dhe dy n\u00eb Itali, nd\u00ebrsa nj\u00eb val\u00eb e nxeht\u00eb e ver\u00ebs s\u00eb hershme p\u00ebrfshiu pjes\u00ebn m\u00eb t\u00eb madhe t\u00eb Evrop\u00ebs t\u00eb m\u00ebrkur\u00ebn, duke shkaktuar alarme sh\u00ebndet\u00ebsore dhe zjarre n\u00eb pyje dhe duke detyruar mbylljen e nj\u00eb reaktori b\u00ebrthamor n\u00eb nj\u00eb termocentral zviceran.<\/span><\/p>\n<p><span style=\"color: #000000;\">Zyrtar\u00ebt spanjoll\u00eb than\u00eb se nj\u00eb zjarr i madh n\u00eb Katalonj\u00eb kishte vrar\u00eb dy persona nj\u00eb dit\u00eb m\u00eb par\u00eb, dhe autoritetet raportuan vdekje t\u00eb lidhura me val\u00ebn e nxeht\u00ebsis\u00eb edhe n\u00eb Extremadura dhe Cordoba. Ministri i energjis\u00eb i Franc\u00ebs raportoi dy vdekje t\u00eb lidhura me nxeht\u00ebsin\u00eb, me 300 t\u00eb tjer\u00eb t\u00eb d\u00ebrguar n\u00eb spital.<\/span><\/p>\n<p><span style=\"color: #000000;\">Italia l\u00ebshoi \u200b\u200balarm t\u00eb kuq p\u00ebr 18 qytete, nd\u00ebrsa n\u00eb Gjermani temperaturat parashikohej t\u00eb arrinin kulmin n\u00eb 40 grad\u00eb Celsius n\u00eb disa zona, duke e b\u00ebr\u00eb at\u00eb dit\u00ebn m\u00eb t\u00eb nxeht\u00eb t\u00eb vitit, shkruan <span style=\"color: #0000ff;\"><a style=\"color: #0000ff;\" href=\"https:\/\/www.reuters.com\/sustainability\/climate-energy\/two-die-spain-wildfire-two-deaths-france-european-heatwave-2025-07-02\/\">Reuters<\/a>.<\/span><\/span><\/p>\n<p><span style=\"color: #000000;\">Dy burra mbi mosh\u00ebn 60 vje\u00e7 vdiq\u00ebn n\u00eb incidente t\u00eb ndara n\u00eb plazhin e Sardenj\u00ebs nga nxeht\u00ebsia, raportoi agjencia e lajmeve ANSA. Parashikuesi i motit Meteo France tha se alarmi i kuq mbeti p\u00ebr disa zona t\u00eb Franc\u00ebs qendrore.<\/span><\/p>\n<p><span style=\"color: #000000;\">Rreziqet ishin m\u00eb t\u00eb m\u00ebdha p\u00ebr personat n\u00eb mosh\u00eb ose ata me s\u00ebmundje kronike dhe Catherine Vautrin, ministrja e Sh\u00ebndet\u00ebsis\u00eb e Franc\u00ebs, tha se autoritetet duhet t\u00eb mbeten t\u00eb kujdesshme.<\/span><\/p>\n<p><span style=\"color: #000000;\"><em>&#8220;N\u00eb dit\u00ebt n\u00eb vijim, do shohim pasojat, ve\u00e7an\u00ebrisht tek m\u00eb t\u00eb cenueshmit, dhe po mendoj ve\u00e7an\u00ebrisht p\u00ebr t\u00eb moshuarit,&#8221;<\/em> tha ajo.<\/span><\/p>\n<p><span style=\"color: #000000;\">Turqia, e cila luftoi me flak\u00ebt n\u00eb disa fronte duke detyruar evakuimin e p\u00ebrkohsh\u00ebm t\u00eb rreth 50,000 njer\u00ebzve m\u00eb par\u00eb gjat\u00eb jav\u00ebs, tha se zjarret e saj ishin kryesisht t\u00eb kontrolluara.<\/span><\/p>\n","protected":false,"gt_translate_keys":[{"key":"rendered","format":"html"}]},"excerpt":{"rendered":"<p>Kat\u00ebr persona vdiq\u00ebn n\u00eb Spanj\u00eb, dy n\u00eb Franc\u00eb dhe dy n\u00eb Itali, nd\u00ebrsa nj\u00eb val\u00eb e nxeht\u00eb e ver\u00ebs s\u00eb hershme p\u00ebrfshiu pjes\u00ebn m\u00eb t\u00eb madhe t\u00eb Evrop\u00ebs t\u00eb m\u00ebrkur\u00ebn, duke shkaktuar alarme sh\u00ebndet\u00ebsore dhe zjarre n\u00eb pyje dhe duke detyruar mbylljen e nj\u00eb reaktori b\u00ebrthamor n\u00eb nj\u00eb termocentral zviceran. Zyrtar\u00ebt spanjoll\u00eb than\u00eb se nj\u00eb [&hellip;]<\/p>\n","protected":false,"gt_translate_keys":[{"key":"rendered","format":"html"}]},"author":51,"featured_media":749646,"comment_status":"closed","ping_status":"open","sticky":false,"template":"","format":"standard","meta":{"footnotes":""},"categories":[53],"tags":[],"class_list":["post-749644","post","type-post","status-publish","format-standard","has-post-thumbnail","hentry","category-fast-foodi"],"gt_translate_keys":[{"key":"link","format":"url"}],"_links":{"self":[{"href":"https:\/\/www.hashtag.al\/index.php\/wp-json\/wp\/v2\/posts\/749644","targetHints":{"allow":["GET"]}}],"collection":[{"href":"https:\/\/www.hashtag.al\/index.php\/wp-json\/wp\/v2\/posts"}],"about":[{"href":"https:\/\/www.hashtag.al\/index.php\/wp-json\/wp\/v2\/types\/post"}],"author":[{"embeddable":true,"href":"https:\/\/www.hashtag.al\/index.php\/wp-json\/wp\/v2\/users\/51"}],"replies":[{"embeddable":true,"href":"https:\/\/www.hashtag.al\/index.php\/wp-json\/wp\/v2\/comments?post=749644"}],"version-history":[{"count":99999,"href":"https:\/\/www.hashtag.al\/index.php\/wp-json\/wp\/v2\/posts\/749644\/revisions"}],"predecessor-version":[{"id":749647,"href":"https:\/\/www.hashtag.al\/index.php\/wp-json\/wp\/v2\/posts\/749644\/revisions\/749647"}],"wp:featuredmedia":[{"embeddable":true,"href":"https:\/\/www.hashtag.al\/index.php\/wp-json\/wp\/v2\/media\/749646"}],"wp:attachment":[{"href":"https:\/\/www.hashtag.al\/index.php\/wp-json\/wp\/v2\/media?parent=749644"}],"wp:term":[{"taxonomy":"category","embeddable":true,"href":"https:\/\/www.hashtag.al\/index.php\/wp-json\/wp\/v2\/categories?post=749644"},{"taxonomy":"post_tag","embeddable":true,"href":"https:\/\/www.hashtag.al\/index.php\/wp-json\/wp\/v2\/tags?post=749644"}],"curies":[{"name":"wp","href":"https:\/\/api.w.org\/{rel}","templated":true}]}}