{"id":749629,"date":"2025-07-02T21:49:03","date_gmt":"2025-07-02T19:49:03","guid":{"rendered":"https:\/\/www.hashtag.al\/?p=749629"},"modified":"2025-07-02T21:49:03","modified_gmt":"2025-07-02T19:49:03","slug":"rama-kerkon-pezullimin-e-menjehershem-te-aku-se-me-shume-demton-sesa-ndihmon","status":"publish","type":"post","link":"https:\/\/www.hashtag.al\/index.php\/2025\/07\/02\/rama-kerkon-pezullimin-e-menjehershem-te-aku-se-me-shume-demton-sesa-ndihmon\/","title":{"rendered":"Rama k\u00ebrkon pezullimin e menj\u00ebhersh\u00ebm t\u00eb AKU-s\u00eb: M\u00eb shum\u00eb d\u00ebmton sesa ndihmon","gt_translate_keys":[{"key":"rendered","format":"text"}]},"content":{"rendered":"<article class=\"text-token-text-primary w-full\" dir=\"auto\" data-testid=\"conversation-turn-261\" data-scroll-anchor=\"true\">\n<div class=\"text-base my-auto mx-auto py-5 [--thread-content-margin:--spacing(4)] @[37rem]:[--thread-content-margin:--spacing(6)] @[72rem]:[--thread-content-margin:--spacing(16)] px-(--thread-content-margin)\">\n<div class=\"[--thread-content-max-width:32rem] @[34rem]:[--thread-content-max-width:40rem] @[64rem]:[--thread-content-max-width:48rem] mx-auto flex max-w-(--thread-content-max-width) flex-1 text-base gap-4 md:gap-5 lg:gap-6 group\/turn-messages focus-visible:outline-hidden\" tabindex=\"-1\">\n<div class=\"group\/conversation-turn relative flex w-full min-w-0 flex-col agent-turn\">\n<div class=\"relative flex-col gap-1 md:gap-3\">\n<div class=\"flex max-w-full flex-col grow\">\n<div class=\"min-h-8 text-message relative flex w-full flex-col items-end gap-2 text-start break-words whitespace-normal [.text-message+&amp;]:mt-5\" dir=\"auto\" data-message-author-role=\"assistant\" data-message-id=\"b775658a-815e-4503-b0fd-516d77dd4bb5\" data-message-model-slug=\"gpt-4o\">\n<div class=\"flex w-full flex-col gap-1 empty:hidden first:pt-[3px]\">\n<div class=\"markdown prose dark:prose-invert w-full break-words dark\">\n<p data-start=\"170\" data-end=\"530\"><span style=\"color: #000000;\"><img decoding=\"async\" class=\"aligncenter\" src=\"https:\/\/www.hashtag.al\/wp-content\/uploads\/2025\/07\/1751455970_edirama.jpg\" \/><\/span><\/p>\n<p data-start=\"170\" data-end=\"530\"><span style=\"color: #000000;\">Kryeministri Edi Rama k\u00ebrkoi pezullimin e menj\u00ebhersh\u00ebm t\u00eb veprimtaris\u00eb s\u00eb Agjencis\u00eb Komb\u00ebtare t\u00eb Ushqimit (AKU), gjat\u00eb fjal\u00ebs s\u00eb tij n\u00eb mbyllje t\u00eb dit\u00ebs s\u00eb par\u00eb t\u00eb Dialogut p\u00ebr Bujq\u00ebsin\u00eb dhe Zhvillimin Rural. Ai u shpreh kritik ndaj funksionimit t\u00eb AKU-s\u00eb, duke theksuar se institucionit i mungon efikasiteti dhe se \u201cpo shkakton m\u00eb shum\u00eb d\u00ebm sesa po b\u00ebn pun\u00eb\u201d.<\/span><\/p>\n<p data-start=\"532\" data-end=\"900\"><span style=\"color: #000000;\">\u201cN\u00eb t\u00eb nj\u00ebjt\u00ebn koh\u00eb duhet t\u00eb ndalohet menj\u00ebher\u00eb veprimtaria e AKU-s\u00eb. Ky institucion nuk po kontribuon p\u00ebr sigurin\u00eb ushqimore, por p\u00ebrkundrazi, po krijon probleme\u201d, deklaroi Rama. Ai k\u00ebrkoi ngritjen e nj\u00eb komisioni t\u00eb posa\u00e7\u00ebm q\u00eb do t\u00eb shqyrtoj\u00eb t\u00eb gjith\u00eb burimet njer\u00ebzore t\u00eb AKU-s\u00eb dhe shtoi se n\u00eb k\u00ebt\u00eb proces duhet t\u00eb p\u00ebrfshihet edhe Universiteti Bujq\u00ebsor i Tiran\u00ebs.<\/span><\/p>\n<p data-start=\"902\" data-end=\"1232\"><span style=\"color: #000000;\">Kryeministri paralajm\u00ebroi gjithashtu se qeveria do t\u00eb nd\u00ebrhyj\u00eb n\u00eb \u00e7mimin e naft\u00ebs, duke premtuar vendosjen e nj\u00eb ekuilibri t\u00eb ri p\u00ebr konsumator\u00ebt. \u201cPo p\u00ebrgatitemi p\u00ebr t\u00eb rishikuar skem\u00ebn e naft\u00ebs. Qeveria do t\u00eb garantoj\u00eb importin dhe eksportin dhe do t\u00eb krijoj\u00eb kushte p\u00ebr bashk\u00ebpunim me sip\u00ebrmarrjen n\u00eb k\u00ebt\u00eb sektor\u201d, u shpreh ai.<\/span><\/p>\n<p data-start=\"1234\" data-end=\"1566\"><span style=\"color: #000000;\">N\u00eb fokus ishte edhe \u00e7\u00ebshtja e legalizimit t\u00eb strukturave prodhuese bujq\u00ebsore n\u00eb zonat rurale. Rama njoftoi se deri n\u00eb fund t\u00eb muajit gusht do t\u00eb p\u00ebrgatiten procedurat ligjore n\u00eb bashk\u00ebpunim me bashkit\u00eb dhe Agjencin\u00eb e Kadastr\u00ebs p\u00ebr t\u2019i dh\u00ebn\u00eb fund pritjes s\u00eb fermer\u00ebve p\u00ebr legalizimin e stallave dhe ambienteve t\u00eb tjera t\u00eb prodhimit.<\/span><\/p>\n<p data-start=\"1568\" data-end=\"2129\" data-is-last-node=\"\" data-is-only-node=\"\"><span style=\"color: #000000;\">Nj\u00eb tjet\u00ebr shqet\u00ebsim i ngritur nga Kryeministri ishte informaliteti n\u00eb tregun bujq\u00ebsor. Ai k\u00ebrkoi formalizimin e shitjeve t\u00eb produkteve bujq\u00ebsore, duke theksuar se tregtimi i produkteve pa fatur\u00eb p\u00ebrb\u00ebn rrezik p\u00ebr sh\u00ebndetin publik. \u201cNuk mund t\u00eb lejojm\u00eb m\u00eb shitjen e produkteve t\u00eb pafaturuara dhe t\u00eb pakontrolluara, sidomos kur b\u00ebhet fjal\u00eb p\u00ebr qum\u00ebshtin apo produkte t\u00eb tjera t\u00eb ndjeshme\u201d, deklaroi Rama, duke shtuar se Ministria e Financave ka p\u00ebrgatitur masat p\u00ebr unifikimin e TVSH-s\u00eb dhe sensibilizimin paraprak t\u00eb fermer\u00ebve para se t\u00eb merren masa nd\u00ebshkuese.<\/span><\/p>\n<\/div>\n<\/div>\n<\/div>\n<\/div>\n<\/div>\n<\/div>\n<\/div>\n<\/div>\n<\/article>\n","protected":false,"gt_translate_keys":[{"key":"rendered","format":"html"}]},"excerpt":{"rendered":"<p>Kryeministri Edi Rama k\u00ebrkoi pezullimin e menj\u00ebhersh\u00ebm t\u00eb veprimtaris\u00eb s\u00eb Agjencis\u00eb Komb\u00ebtare t\u00eb Ushqimit (AKU), gjat\u00eb fjal\u00ebs s\u00eb tij n\u00eb mbyllje t\u00eb dit\u00ebs s\u00eb par\u00eb t\u00eb Dialogut p\u00ebr Bujq\u00ebsin\u00eb dhe Zhvillimin Rural. Ai u shpreh kritik ndaj funksionimit t\u00eb AKU-s\u00eb, duke theksuar se institucionit i mungon efikasiteti dhe se \u201cpo shkakton m\u00eb shum\u00eb d\u00ebm sesa [&hellip;]<\/p>\n","protected":false,"gt_translate_keys":[{"key":"rendered","format":"html"}]},"author":32,"featured_media":749560,"comment_status":"closed","ping_status":"open","sticky":false,"template":"","format":"standard","meta":{"footnotes":""},"categories":[65],"tags":[],"class_list":["post-749629","post","type-post","status-publish","format-standard","has-post-thumbnail","hentry","category-lajme"],"gt_translate_keys":[{"key":"link","format":"url"}],"_links":{"self":[{"href":"https:\/\/www.hashtag.al\/index.php\/wp-json\/wp\/v2\/posts\/749629","targetHints":{"allow":["GET"]}}],"collection":[{"href":"https:\/\/www.hashtag.al\/index.php\/wp-json\/wp\/v2\/posts"}],"about":[{"href":"https:\/\/www.hashtag.al\/index.php\/wp-json\/wp\/v2\/types\/post"}],"author":[{"embeddable":true,"href":"https:\/\/www.hashtag.al\/index.php\/wp-json\/wp\/v2\/users\/32"}],"replies":[{"embeddable":true,"href":"https:\/\/www.hashtag.al\/index.php\/wp-json\/wp\/v2\/comments?post=749629"}],"version-history":[{"count":99999,"href":"https:\/\/www.hashtag.al\/index.php\/wp-json\/wp\/v2\/posts\/749629\/revisions"}],"predecessor-version":[{"id":749630,"href":"https:\/\/www.hashtag.al\/index.php\/wp-json\/wp\/v2\/posts\/749629\/revisions\/749630"}],"wp:featuredmedia":[{"embeddable":true,"href":"https:\/\/www.hashtag.al\/index.php\/wp-json\/wp\/v2\/media\/749560"}],"wp:attachment":[{"href":"https:\/\/www.hashtag.al\/index.php\/wp-json\/wp\/v2\/media?parent=749629"}],"wp:term":[{"taxonomy":"category","embeddable":true,"href":"https:\/\/www.hashtag.al\/index.php\/wp-json\/wp\/v2\/categories?post=749629"},{"taxonomy":"post_tag","embeddable":true,"href":"https:\/\/www.hashtag.al\/index.php\/wp-json\/wp\/v2\/tags?post=749629"}],"curies":[{"name":"wp","href":"https:\/\/api.w.org\/{rel}","templated":true}]}}