{"id":749574,"date":"2025-07-02T15:48:35","date_gmt":"2025-07-02T13:48:35","guid":{"rendered":"https:\/\/www.hashtag.al\/?p=749574"},"modified":"2025-07-02T15:48:35","modified_gmt":"2025-07-02T13:48:35","slug":"abuzimi-seksual-i-12-vjecares-nga-babai-avokati-i-popullit-nevojitet-reflektim-i-thelle-dhe-forcim-i-mekanizmave-te-mbrojtjes-se-femijeve","status":"publish","type":"post","link":"https:\/\/www.hashtag.al\/index.php\/2025\/07\/02\/abuzimi-seksual-i-12-vjecares-nga-babai-avokati-i-popullit-nevojitet-reflektim-i-thelle-dhe-forcim-i-mekanizmave-te-mbrojtjes-se-femijeve\/","title":{"rendered":"Abuzimi seksual i 12-vje\u00e7ares nga babai, Avokati i Popullit: Nevojitet reflektim i thell\u00eb dhe forcim i mekanizmave t\u00eb mbrojtjes s\u00eb f\u00ebmij\u00ebve","gt_translate_keys":[{"key":"rendered","format":"text"}]},"content":{"rendered":"<p><span style=\"color: #000000;\"><img loading=\"lazy\" decoding=\"async\" class=\"alignnone size-medium wp-image-749575\" src=\"https:\/\/www.hashtag.al\/wp-content\/uploads\/2025\/07\/68652df34dd43avika-300x168.jpg\" alt=\"\" width=\"300\" height=\"168\" srcset=\"https:\/\/www.hashtag.al\/wp-content\/uploads\/2025\/07\/68652df34dd43avika-300x168.jpg 300w, https:\/\/www.hashtag.al\/wp-content\/uploads\/2025\/07\/68652df34dd43avika-768x430.jpg 768w, https:\/\/www.hashtag.al\/wp-content\/uploads\/2025\/07\/68652df34dd43avika.jpg 980w\" sizes=\"auto, (max-width: 300px) 100vw, 300px\" \/><\/span><\/p>\n<p><span style=\"color: #000000;\">Institucioni i Avokatit t\u00eb Popullit ka reaguar pas ngjarjes trondit\u00ebse n\u00eb Patos, ku nj\u00eb 12-vje\u00e7are \u00ebsht\u00eb abuzuar seksualisht p\u00ebr vite me radh\u00eb nga i ati.<\/span><\/p>\n<p><span style=\"color: #000000;\">\u00a0N\u00eb nj\u00eb deklarat\u00eb publike, Avokati i Popullit shpreh shqet\u00ebsim t\u00eb thell\u00eb p\u00ebr rastin dhe njofton nisjen e nj\u00eb hetimi administrativ gjith\u00ebp\u00ebrfshir\u00ebs p\u00ebr zbardhjen e p\u00ebrgjegj\u00ebsive institucionale dhe adresimin e mang\u00ebsive sistemike.<\/span><\/p>\n<p><span style=\"color: #000000;\"><em>\u201cNgjarje t\u00eb tilla k\u00ebrkojn\u00eb jo vet\u00ebm d\u00ebnimin e autor\u00ebve, por edhe nj\u00eb reflektim t\u00eb thell\u00eb institucional dhe shoq\u00ebror p\u00ebr t\u00eb forcuar mekanizmat e mbrojtjes s\u00eb f\u00ebmij\u00ebve, ve\u00e7an\u00ebrisht t\u00eb atyre q\u00eb ndodhen n\u00eb situata t\u00eb v\u00ebshtira sociale apo familjare,\u201d<\/em> \u2013 thuhet n\u00eb reagimin zyrtar.<\/span><\/p>\n<p><span style=\"color: #000000;\">Avokati i Popullit ka marr\u00eb me iniciativ\u00eb shqyrtimin e rastit, bazuar n\u00eb parimet e legjislacionit shqiptar dhe Kodit t\u00eb Drejt\u00ebsis\u00eb Penale p\u00ebr t\u00eb Mitur. Hetimi administrativ do t\u00eb p\u00ebrqendrohet n\u00eb evidentimin e \u00e7do veprimi ose mosveprimi nga ana e institucioneve shtet\u00ebrore q\u00eb mund t\u00eb ket\u00eb ndikuar n\u00eb mosparandalimin e abuzimit.<\/span><\/p>\n<p><span style=\"color: #000000;\">Nd\u00ebr t\u00eb tjera, institucioni apelon me forc\u00eb p\u00ebr ruajtjen e privat\u00ebsis\u00eb dhe dinjitetit t\u00eb f\u00ebmij\u00ebs viktim\u00eb, duke d\u00ebnuar ekspozimin e panevojsh\u00ebm t\u00eb detajeve t\u00eb ngjarjes n\u00eb media apo rrjete sociale, t\u00eb cilat mund t\u00eb shkaktojn\u00eb trauma t\u00eb m\u00ebtejshme.<\/span><\/p>\n<p><span style=\"color: #000000;\">Avokati i Popullit thekson se do t\u00eb ndjek\u00eb me v\u00ebmendje e seriozitet ecurin\u00eb e hetimeve dhe masat e nd\u00ebrmarra p\u00ebr mbrojtjen e m\u00ebtejshme t\u00eb s\u00eb mitur\u00ebs, n\u00eb bashk\u00ebpunim t\u00eb ngusht\u00eb me autoritetet p\u00ebrkat\u00ebse.<\/span><\/p>\n<p>&nbsp;<\/p>\n<p><span style=\"color: #000000;\"><strong>Reagimi i plot\u00eb:<\/strong><\/span><\/p>\n<p><span style=\"color: #000000;\"><em>Institucioni i Avokatit t\u00eb Popullit shpreh shqet\u00ebsimin e thell\u00eb p\u00ebr ngjarjen e r\u00ebnd\u00eb t\u00eb abuzimit seksual ndaj nj\u00eb vajze t\u00eb mitur n\u00eb qytetin e Fierit.<\/em><\/span><\/p>\n<p><span style=\"color: #000000;\"><em>Ngjarje t\u00eb tilla k\u00ebrkojn\u00eb jo vet\u00ebm d\u00ebnimin e autor\u00ebve, por edhe nj\u00eb reflektim t\u00eb thell\u00eb institucional dhe shoq\u00ebror p\u00ebr t\u00eb forcuar mekanizmat e mbrojtjes s\u00eb f\u00ebmij\u00ebve, ve\u00e7an\u00ebrisht t\u00eb atyre q\u00eb ndodhen n\u00eb situata t\u00eb v\u00ebshtira sociale apo familjare.<\/em><\/span><\/p>\n<p><span style=\"color: #000000;\"><em>Avokati i Popullit ka marr\u00eb me iniciativ\u00eb shqyrtimin e k\u00ebtij rasti dhe ka nisur nj\u00eb hetim administrativ gjith\u00ebp\u00ebrfshir\u00ebs, i mb\u00ebshtetur n\u00eb parimet e legjislacionit shqiptar dhe Kodit t\u00eb Drejt\u00ebsis\u00eb Penale p\u00ebr t\u00eb Mitur, me q\u00ebllim evidentimin e veprimeve apo mosveprimeve nga institucionet p\u00ebrgjegj\u00ebse q\u00eb mund t\u00eb ken\u00eb ndikuar n\u00eb zhvillimin ose mosparandalimin e k\u00ebsaj ngjarjeje. Ky proces do t\u00eb synoj\u00eb t\u00eb analizoj\u00eb funksionimin e zinxhirit institucional t\u00eb mbrojtjes s\u00eb f\u00ebmij\u00ebve dhe t\u00eb adresoj\u00eb \u00e7do mang\u00ebsi sistemike.<\/em><\/span><\/p>\n<p><span style=\"color: #000000;\"><em>Avokati i Popullit apelon me forc\u00eb p\u00ebr ruajtjen e privat\u00ebsis\u00eb dhe dinjitetit t\u00eb f\u00ebmij\u00ebs viktim\u00eb. Ekspozimi masiv i detajeve t\u00eb ngjarjes, qoft\u00eb n\u00eb media apo rrjete sociale, \u00ebsht\u00eb nj\u00eb d\u00ebm i dyfisht\u00eb p\u00ebr t\u00eb mitur\u00ebn dhe cenon r\u00ebnd\u00eb t\u00eb drejt\u00ebn e saj p\u00ebr mbrojtje nga traumat e m\u00ebtejshme.<\/em><\/span><\/p>\n<p><span style=\"color: #000000;\"><em>Institucioni i Avokatit t\u00eb Popullit do t\u00eb ndjek\u00eb me v\u00ebmendje e seriozitet ecurin\u00eb e hetimeve dhe masat q\u00eb do t\u00eb nd\u00ebrmerren p\u00ebr mbrojtjen e m\u00ebtejshme t\u00eb t\u00eb mitur\u00ebs, duke bashk\u00ebpunuar me autoritetet p\u00ebrkat\u00ebse n\u00eb \u00e7do hap t\u00eb k\u00ebtij procesi.<\/em><\/span><\/p>\n","protected":false,"gt_translate_keys":[{"key":"rendered","format":"html"}]},"excerpt":{"rendered":"<p>Institucioni i Avokatit t\u00eb Popullit ka reaguar pas ngjarjes trondit\u00ebse n\u00eb Patos, ku nj\u00eb 12-vje\u00e7are \u00ebsht\u00eb abuzuar seksualisht p\u00ebr vite me radh\u00eb nga i ati. \u00a0N\u00eb nj\u00eb deklarat\u00eb publike, Avokati i Popullit shpreh shqet\u00ebsim t\u00eb thell\u00eb p\u00ebr rastin dhe njofton nisjen e nj\u00eb hetimi administrativ gjith\u00ebp\u00ebrfshir\u00ebs p\u00ebr zbardhjen e p\u00ebrgjegj\u00ebsive institucionale dhe adresimin e mang\u00ebsive [&hellip;]<\/p>\n","protected":false,"gt_translate_keys":[{"key":"rendered","format":"html"}]},"author":32,"featured_media":749575,"comment_status":"closed","ping_status":"open","sticky":false,"template":"","format":"standard","meta":{"footnotes":""},"categories":[65],"tags":[],"class_list":["post-749574","post","type-post","status-publish","format-standard","has-post-thumbnail","hentry","category-lajme"],"gt_translate_keys":[{"key":"link","format":"url"}],"_links":{"self":[{"href":"https:\/\/www.hashtag.al\/index.php\/wp-json\/wp\/v2\/posts\/749574","targetHints":{"allow":["GET"]}}],"collection":[{"href":"https:\/\/www.hashtag.al\/index.php\/wp-json\/wp\/v2\/posts"}],"about":[{"href":"https:\/\/www.hashtag.al\/index.php\/wp-json\/wp\/v2\/types\/post"}],"author":[{"embeddable":true,"href":"https:\/\/www.hashtag.al\/index.php\/wp-json\/wp\/v2\/users\/32"}],"replies":[{"embeddable":true,"href":"https:\/\/www.hashtag.al\/index.php\/wp-json\/wp\/v2\/comments?post=749574"}],"version-history":[{"count":99999,"href":"https:\/\/www.hashtag.al\/index.php\/wp-json\/wp\/v2\/posts\/749574\/revisions"}],"predecessor-version":[{"id":749576,"href":"https:\/\/www.hashtag.al\/index.php\/wp-json\/wp\/v2\/posts\/749574\/revisions\/749576"}],"wp:featuredmedia":[{"embeddable":true,"href":"https:\/\/www.hashtag.al\/index.php\/wp-json\/wp\/v2\/media\/749575"}],"wp:attachment":[{"href":"https:\/\/www.hashtag.al\/index.php\/wp-json\/wp\/v2\/media?parent=749574"}],"wp:term":[{"taxonomy":"category","embeddable":true,"href":"https:\/\/www.hashtag.al\/index.php\/wp-json\/wp\/v2\/categories?post=749574"},{"taxonomy":"post_tag","embeddable":true,"href":"https:\/\/www.hashtag.al\/index.php\/wp-json\/wp\/v2\/tags?post=749574"}],"curies":[{"name":"wp","href":"https:\/\/api.w.org\/{rel}","templated":true}]}}