{"id":749568,"date":"2025-07-02T15:13:48","date_gmt":"2025-07-02T13:13:48","guid":{"rendered":"https:\/\/www.hashtag.al\/?p=749568"},"modified":"2025-07-02T15:13:48","modified_gmt":"2025-07-02T13:13:48","slug":"shqiperia-maqedonia-e-veriut-dhe-mali-i-zi-bashkojne-forcat-kunder-informalitetit-drejt-nje-tregu-pune-me-te-drejte-dhe-me-te-sigurt","status":"publish","type":"post","link":"https:\/\/www.hashtag.al\/index.php\/2025\/07\/02\/shqiperia-maqedonia-e-veriut-dhe-mali-i-zi-bashkojne-forcat-kunder-informalitetit-drejt-nje-tregu-pune-me-te-drejte-dhe-me-te-sigurt\/","title":{"rendered":"Shqip\u00ebria, Maqedonia e Veriut dhe Mali i Zi bashkojn\u00eb forcat kund\u00ebr informalitetit, drejt nj\u00eb tregu pune m\u00eb t\u00eb drejt\u00eb dhe m\u00eb t\u00eb sigurt","gt_translate_keys":[{"key":"rendered","format":"text"}]},"content":{"rendered":"<p><span style=\"color: #000000;\"><img loading=\"lazy\" decoding=\"async\" class=\"alignnone size-medium wp-image-749569\" src=\"https:\/\/www.hashtag.al\/wp-content\/uploads\/2025\/07\/1751461204_takimimesprfaqsuesvetvendeve-300x169.jpeg\" alt=\"\" width=\"300\" height=\"169\" srcset=\"https:\/\/www.hashtag.al\/wp-content\/uploads\/2025\/07\/1751461204_takimimesprfaqsuesvetvendeve-300x169.jpeg 300w, https:\/\/www.hashtag.al\/wp-content\/uploads\/2025\/07\/1751461204_takimimesprfaqsuesvetvendeve-768x433.jpeg 768w, https:\/\/www.hashtag.al\/wp-content\/uploads\/2025\/07\/1751461204_takimimesprfaqsuesvetvendeve.jpeg 780w\" sizes=\"auto, (max-width: 300px) 100vw, 300px\" \/><\/span><\/p>\n<p><span style=\"color: #000000;\">Shqip\u00ebria, Maqedonia e Veriut dhe Mali i Zi kan\u00eb nd\u00ebrmarr\u00eb nj\u00eb hap t\u00eb r\u00ebnd\u00ebsish\u00ebm drejt bashk\u00ebpunimit rajonal n\u00eb luft\u00ebn kund\u00ebr pun\u00ebs s\u00eb paformalizuar dhe n\u00eb menaxhimin e migracionit t\u00eb rregullt.<\/span><\/p>\n<p><span style=\"color: #000000;\">N\u00eb nj\u00eb koh\u00eb kur vendet e Ballkanit Per\u00ebndimor p\u00ebrshpejtojn\u00eb rrug\u00ebn drejt integrimit evropian, k\u00ebto \u00e7\u00ebshtje po shnd\u00ebrrohen n\u00eb sfida t\u00eb p\u00ebrbashk\u00ebta q\u00eb k\u00ebrkojn\u00eb zgjidhje t\u00eb bashk\u00ebrenduara.<\/span><\/p>\n<p><span style=\"color: #000000;\">Takimi u zhvillua n\u00eb ambientet e Hotel Plaza n\u00eb Tiran\u00eb dhe mblodhi p\u00ebrfaq\u00ebsues t\u00eb Inspektoratit Shtet\u00ebror t\u00eb Pun\u00ebs t\u00eb Shqip\u00ebris\u00eb dhe homolog\u00ebve t\u00eb tyre nga Maqedonia e Veriut dhe Mali i Zi.<\/span><\/p>\n<p><span style=\"color: #000000;\">Aktiviteti u mb\u00ebshtet nga Qeveria Gjermane p\u00ebrmes GIZ dhe u zbatua nga organizata ASDO.<\/span><\/p>\n<p><span style=\"color: #000000;\">\u00a0Ai u fokusua n\u00eb ndarjen e p\u00ebrvojave dhe praktikave t\u00eb mira p\u00ebr menaxhimin e migracionit t\u00eb pun\u00ebs nd\u00ebrkufitare, luft\u00ebn kund\u00ebr informalitetit dhe promovimin e pun\u00ebs s\u00eb denj\u00eb sipas standardeve evropiane.<\/span><\/p>\n<p><span style=\"color: #000000;\">Kryeinspektori Eljo Mucaj theksoi r\u00ebnd\u00ebsin\u00eb e qasjes s\u00eb p\u00ebrbashk\u00ebt rajonale: <em>\u201cTashm\u00eb \u00ebsht\u00eb e qart\u00eb p\u00ebr t\u00eb gjith\u00eb ne q\u00eb vet\u00ebm p\u00ebrmes nj\u00eb qasjeje t\u00eb p\u00ebrbashk\u00ebt rajonale mund t\u00eb garantojm\u00eb mbrojtjen e t\u00eb drejtave t\u00eb pun\u00ebtor\u00ebve migrant\u00eb dhe t\u00eb luftojm\u00eb n\u00eb m\u00ebnyr\u00eb efektive informalitetin. Kjo marr\u00ebveshje nuk \u00ebsht\u00eb vet\u00ebm nj\u00eb akt formal, por nj\u00eb angazhim konkret p\u00ebr t\u00eb nd\u00ebrtuar besim dhe koordinim praktik mes institucioneve tona.\u201d<\/em><\/span><\/p>\n<p><span style=\"color: #000000;\">Nd\u00ebrsa drejtoresha ekzekutive e ASDO, Ada Ilia, u shpreh se takimi nuk ishte thjesht nj\u00eb forum formal, por nj\u00eb hap konkret drejt nd\u00ebrtimit t\u00eb nj\u00eb rrjeti funksional bashk\u00ebpunimi. <em>\u201cKy projekt \u00ebsht\u00eb p\u00ebrgjigje ndaj zhvillimeve dinamike t\u00eb migracionit nd\u00ebrkufitar n\u00eb Ballkan dhe synon t\u00eb nd\u00ebrtoj\u00eb ura bashk\u00ebpunimi t\u00eb q\u00ebndrueshme, q\u00eb shkojn\u00eb p\u00ebrtej protokolleve dhe krijojn\u00eb mekanizma funksional\u00eb p\u00ebr menaxhimin e p\u00ebrbashk\u00ebt t\u00eb sfidave,\u201d<\/em> tha ajo.<\/span><\/p>\n<p><span style=\"color: #000000;\">N\u00eb qend\u00ebr t\u00eb diskutimeve ishte edhe prezantimi i nj\u00eb studimi t\u00eb detajuar nga ekspertja Senida Mesi mbi pun\u00ebn e pasigurt dhe migracionin nd\u00ebrkufitar.<\/span><\/p>\n<p><span style=\"color: #000000;\">Gjetjet theksonin p\u00ebrmasat e fenomenit t\u00eb pun\u00ebs s\u00eb paformalizuar, munges\u00ebn e kontratave t\u00eb pun\u00ebs dhe sfidat n\u00eb zbatimin e marr\u00ebveshjeve ekzistuese p\u00ebr l\u00ebvizjen e lir\u00eb, duke n\u00ebnvizuar nevoj\u00ebn p\u00ebr struktura t\u00eb p\u00ebrbashk\u00ebta inspektimi dhe qasje t\u00eb koordinuara.<\/span><\/p>\n<p><span style=\"color: #000000;\">N\u00eb p\u00ebrfundim t\u00eb takimit, pal\u00ebt u dakord\u00ebsuan p\u00ebr disa hapa konkret\u00eb p\u00ebr forcimin e bashk\u00ebpunimit:<\/span><\/p>\n<p><span style=\"color: #000000;\">Em\u00ebrimi i pikave t\u00eb kontaktit n\u00eb secilin vend p\u00ebr t\u00eb leht\u00ebsuar bashk\u00ebpunimin praktik;<\/span><\/p>\n<p><span style=\"color: #000000;\">Zbatimi i nj\u00eb marr\u00ebveshjeje trepal\u00ebshe p\u00ebr inspektime nd\u00ebrkufitare;<\/span><\/p>\n<p><span style=\"color: #000000;\">Organizimi i aktiviteteve t\u00eb p\u00ebrbashk\u00ebta p\u00ebr nd\u00ebrgjegj\u00ebsim mbi migracionin e rregullt dhe t\u00eb drejt\u00ebn n\u00eb pun\u00eb t\u00eb denj\u00eb.<\/span><\/p>\n<p><span style=\"color: #000000;\">Ky takim \u00ebsht\u00eb pjes\u00eb e projektit \u201cP\u00ebrmir\u00ebsimi i Menaxhimit t\u00eb Migracionit t\u00eb Sigurt, t\u00eb Rregullt dhe t\u00eb Rregulluar n\u00eb Rajon\u201d dhe konsiderohet si nj\u00eb hap strategjik p\u00ebr rritjen e kapaciteteve institucionale dhe harmonizimin e standardeve n\u00eb nivel rajonal.<\/span><\/p>\n","protected":false,"gt_translate_keys":[{"key":"rendered","format":"html"}]},"excerpt":{"rendered":"<p>Shqip\u00ebria, Maqedonia e Veriut dhe Mali i Zi kan\u00eb nd\u00ebrmarr\u00eb nj\u00eb hap t\u00eb r\u00ebnd\u00ebsish\u00ebm drejt bashk\u00ebpunimit rajonal n\u00eb luft\u00ebn kund\u00ebr pun\u00ebs s\u00eb paformalizuar dhe n\u00eb menaxhimin e migracionit t\u00eb rregullt. N\u00eb nj\u00eb koh\u00eb kur vendet e Ballkanit Per\u00ebndimor p\u00ebrshpejtojn\u00eb rrug\u00ebn drejt integrimit evropian, k\u00ebto \u00e7\u00ebshtje po shnd\u00ebrrohen n\u00eb sfida t\u00eb p\u00ebrbashk\u00ebta q\u00eb k\u00ebrkojn\u00eb zgjidhje t\u00eb [&hellip;]<\/p>\n","protected":false,"gt_translate_keys":[{"key":"rendered","format":"html"}]},"author":32,"featured_media":749569,"comment_status":"closed","ping_status":"open","sticky":false,"template":"","format":"standard","meta":{"footnotes":""},"categories":[65],"tags":[],"class_list":["post-749568","post","type-post","status-publish","format-standard","has-post-thumbnail","hentry","category-lajme"],"gt_translate_keys":[{"key":"link","format":"url"}],"_links":{"self":[{"href":"https:\/\/www.hashtag.al\/index.php\/wp-json\/wp\/v2\/posts\/749568","targetHints":{"allow":["GET"]}}],"collection":[{"href":"https:\/\/www.hashtag.al\/index.php\/wp-json\/wp\/v2\/posts"}],"about":[{"href":"https:\/\/www.hashtag.al\/index.php\/wp-json\/wp\/v2\/types\/post"}],"author":[{"embeddable":true,"href":"https:\/\/www.hashtag.al\/index.php\/wp-json\/wp\/v2\/users\/32"}],"replies":[{"embeddable":true,"href":"https:\/\/www.hashtag.al\/index.php\/wp-json\/wp\/v2\/comments?post=749568"}],"version-history":[{"count":99999,"href":"https:\/\/www.hashtag.al\/index.php\/wp-json\/wp\/v2\/posts\/749568\/revisions"}],"predecessor-version":[{"id":749570,"href":"https:\/\/www.hashtag.al\/index.php\/wp-json\/wp\/v2\/posts\/749568\/revisions\/749570"}],"wp:featuredmedia":[{"embeddable":true,"href":"https:\/\/www.hashtag.al\/index.php\/wp-json\/wp\/v2\/media\/749569"}],"wp:attachment":[{"href":"https:\/\/www.hashtag.al\/index.php\/wp-json\/wp\/v2\/media?parent=749568"}],"wp:term":[{"taxonomy":"category","embeddable":true,"href":"https:\/\/www.hashtag.al\/index.php\/wp-json\/wp\/v2\/categories?post=749568"},{"taxonomy":"post_tag","embeddable":true,"href":"https:\/\/www.hashtag.al\/index.php\/wp-json\/wp\/v2\/tags?post=749568"}],"curies":[{"name":"wp","href":"https:\/\/api.w.org\/{rel}","templated":true}]}}