{"id":749225,"date":"2025-06-30T17:01:02","date_gmt":"2025-06-30T15:01:02","guid":{"rendered":"https:\/\/www.hashtag.al\/?p=749225"},"modified":"2025-06-30T17:01:02","modified_gmt":"2025-06-30T15:01:02","slug":"nderhyrjet-ne-drejtesi-nuk-jane-te-panjohura-metani-pavaresia-e-magjistrateve-duhet-te-shoqerohet-me-llogaridhenie-te-efektshme","status":"publish","type":"post","link":"https:\/\/www.hashtag.al\/index.php\/2025\/06\/30\/nderhyrjet-ne-drejtesi-nuk-jane-te-panjohura-metani-pavaresia-e-magjistrateve-duhet-te-shoqerohet-me-llogaridhenie-te-efektshme\/","title":{"rendered":"\u00a0\u201cNd\u00ebrhyrjet n\u00eb drejt\u00ebsi nuk jan\u00eb t\u00eb panjohura\u201d \u2013 Metani: Pavar\u00ebsia e magjistrat\u00ebve duhet t\u00eb shoq\u00ebrohet me llogaridh\u00ebnie t\u00eb efektshme","gt_translate_keys":[{"key":"rendered","format":"text"}]},"content":{"rendered":"<p><span style=\"color: #000000;\"><img loading=\"lazy\" decoding=\"async\" class=\"alignnone size-medium wp-image-749226\" src=\"https:\/\/www.hashtag.al\/wp-content\/uploads\/2025\/06\/Screenshot_445-300x190.jpg\" alt=\"\" width=\"300\" height=\"190\" srcset=\"https:\/\/www.hashtag.al\/wp-content\/uploads\/2025\/06\/Screenshot_445-300x190.jpg 300w, https:\/\/www.hashtag.al\/wp-content\/uploads\/2025\/06\/Screenshot_445.jpg 659w\" sizes=\"auto, (max-width: 300px) 100vw, 300px\" \/><\/span><\/p>\n<p><span style=\"color: #000000;\">Inspektori i Lart\u00eb i Drejt\u00ebsis\u00eb, Artur Metani, deklaroi gjat\u00eb konferenc\u00ebs komb\u00ebtare \u201cDimensioni i Integritetit n\u00eb Funksionin e Magjistratit\u201d se pavar\u00ebsia e magjistrat\u00ebve duhet t\u00eb ec\u00eb paralelisht me nj\u00eb sistem efektiv llogaridh\u00ebnieje, n\u00eb m\u00ebnyr\u00eb q\u00eb publiku t\u00eb ruaj\u00eb besimin te drejt\u00ebsia.<\/span><\/p>\n<p><span style=\"color: #000000;\">\u201c<em>Pavar\u00ebsia e magjistratit nuk \u00ebsht\u00eb privilegj personal, por nj\u00eb kusht thelb\u00ebsor p\u00ebr garantimin e shtetit t\u00eb s\u00eb drejt\u00ebs. Megjithat\u00eb, kjo pavar\u00ebsi nuk mund t\u00eb jet\u00eb absolute apo e pakusht\u00ebzuar. Ajo duhet t\u00eb balancohet me llogaridh\u00ebnien, transparenc\u00ebn dhe etik\u00ebn n\u00eb ushtrimin e funksionit<\/em>\u201d, deklaroi Metani.<\/span><\/p>\n<p><span style=\"color: #000000;\">Ai vuri theksin te rreziku i nd\u00ebrhyrjeve n\u00eb drejt\u00ebsi, t\u00eb cilat, sipas tij, ndodhin ende edhe pse reforma n\u00eb drejt\u00ebsi ka sjell\u00eb ndryshime t\u00eb thella strukturore.<\/span><\/p>\n<p><span style=\"color: #000000;\">\u201c<em>Nd\u00ebrhyrjet n\u00eb drejt\u00ebsi nuk jan\u00eb t\u00eb panjohura p\u00ebr ne. Ato mund t\u00eb jen\u00eb t\u00eb drejtp\u00ebrdrejta, n\u00ebp\u00ebrmjet presioneve, apo t\u00eb t\u00ebrthorta, p\u00ebrmes ndikimeve politike, mediatike apo shoq\u00ebrore. Por cilado qoft\u00eb forma, ato jan\u00eb t\u00eb papranueshme dhe d\u00ebmtojn\u00eb r\u00ebnd\u00eb besimin e publikut te sistemi gjyq\u00ebsor<\/em>,\u201d u shpreh Inspektori i Lart\u00eb.<\/span><\/p>\n<p><span style=\"color: #000000;\">Duke theksuar rolin e institucioneve t\u00eb vet\u00ebqeverisjes s\u00eb sistemit t\u00eb drejt\u00ebsis\u00eb, Metani tha:<\/span><\/p>\n<p><span style=\"color: #000000;\">\u201c<em>\u00cbsht\u00eb detyr\u00eb e \u00e7do institucioni t\u00eb drejt\u00ebsis\u00eb q\u00eb t\u00eb mbroj\u00eb magjistratin nga \u00e7do lloj presioni dhe nd\u00ebrhyrjeje t\u00eb jashtme, por gjithashtu t\u00eb mbik\u00ebqyr\u00eb dhe t\u00eb garantoj\u00eb q\u00eb ky magjistrat vepron me integritet, n\u00eb p\u00ebrputhje me ligjin dhe me normat etike<\/em>.\u201d<\/span><\/p>\n<p><span style=\"color: #000000;\">Sipas tij, mekanizmat e kontrollit dhe inspektimit nuk duhet t\u00eb shihen si penges\u00eb p\u00ebr pavar\u00ebsin\u00eb e magjistratit, por si pjes\u00eb p\u00ebrb\u00ebr\u00ebse e nj\u00eb sistemi t\u00eb sh\u00ebndosh\u00eb drejt\u00ebsie.<\/span><\/p>\n<p><span style=\"color: #000000;\">\u201c<em>Inspektimi nuk ka p\u00ebr q\u00ebllim nd\u00ebshkimin e magjistratit, por garantimin e nj\u00eb sh\u00ebrbimi m\u00eb cil\u00ebsor p\u00ebr qytetar\u00ebt. Ai \u00ebsht\u00eb nj\u00eb mjet p\u00ebr t\u00eb forcuar besimin te drejt\u00ebsia, jo p\u00ebr ta rr\u00ebnuar at\u00eb<\/em>,\u201d shtoi ai.<\/span><\/p>\n<p><span style=\"color: #000000;\">Metani n\u00ebnvizoi gjithashtu se integriteti i gjyqtar\u00ebve dhe prokuror\u00ebve nuk \u00ebsht\u00eb vet\u00ebm \u00e7\u00ebshtje profesionale, por edhe morale e qytetare.<\/span><\/p>\n<p><span style=\"color: #000000;\">\u201c<em>Nj\u00eb magjistrat me integritet \u00ebsht\u00eb ai q\u00eb vendos drejt, pa u ndikuar nga interesa t\u00eb paligjshme, pa pranuar favore apo nd\u00ebrhyrje, dhe q\u00eb mban p\u00ebrgjegj\u00ebsi p\u00ebr \u00e7do vendim q\u00eb merr<\/em>,\u201d tha ai.<\/span><\/p>\n<p><span style=\"color: #000000;\">Konferenca u organizua nga K\u00ebshilli i Lart\u00eb Gjyq\u00ebsor dhe K\u00ebshilli i Lart\u00eb i Prokuroris\u00eb, me mb\u00ebshtetjen e organizatave nd\u00ebrkomb\u00ebtare, ku u trajtuan \u00e7\u00ebshtje q\u00eb lidhen me standardet e integritetit dhe etik\u00ebs n\u00eb sistemin e drejt\u00ebsis\u00eb.<\/span><\/p>\n","protected":false,"gt_translate_keys":[{"key":"rendered","format":"html"}]},"excerpt":{"rendered":"<p>Inspektori i Lart\u00eb i Drejt\u00ebsis\u00eb, Artur Metani, deklaroi gjat\u00eb konferenc\u00ebs komb\u00ebtare \u201cDimensioni i Integritetit n\u00eb Funksionin e Magjistratit\u201d se pavar\u00ebsia e magjistrat\u00ebve duhet t\u00eb ec\u00eb paralelisht me nj\u00eb sistem efektiv llogaridh\u00ebnieje, n\u00eb m\u00ebnyr\u00eb q\u00eb publiku t\u00eb ruaj\u00eb besimin te drejt\u00ebsia. \u201cPavar\u00ebsia e magjistratit nuk \u00ebsht\u00eb privilegj personal, por nj\u00eb kusht thelb\u00ebsor p\u00ebr garantimin e shtetit [&hellip;]<\/p>\n","protected":false,"gt_translate_keys":[{"key":"rendered","format":"html"}]},"author":32,"featured_media":749226,"comment_status":"closed","ping_status":"open","sticky":false,"template":"","format":"standard","meta":{"footnotes":""},"categories":[65],"tags":[],"class_list":["post-749225","post","type-post","status-publish","format-standard","has-post-thumbnail","hentry","category-lajme"],"gt_translate_keys":[{"key":"link","format":"url"}],"_links":{"self":[{"href":"https:\/\/www.hashtag.al\/index.php\/wp-json\/wp\/v2\/posts\/749225","targetHints":{"allow":["GET"]}}],"collection":[{"href":"https:\/\/www.hashtag.al\/index.php\/wp-json\/wp\/v2\/posts"}],"about":[{"href":"https:\/\/www.hashtag.al\/index.php\/wp-json\/wp\/v2\/types\/post"}],"author":[{"embeddable":true,"href":"https:\/\/www.hashtag.al\/index.php\/wp-json\/wp\/v2\/users\/32"}],"replies":[{"embeddable":true,"href":"https:\/\/www.hashtag.al\/index.php\/wp-json\/wp\/v2\/comments?post=749225"}],"version-history":[{"count":99999,"href":"https:\/\/www.hashtag.al\/index.php\/wp-json\/wp\/v2\/posts\/749225\/revisions"}],"predecessor-version":[{"id":749227,"href":"https:\/\/www.hashtag.al\/index.php\/wp-json\/wp\/v2\/posts\/749225\/revisions\/749227"}],"wp:featuredmedia":[{"embeddable":true,"href":"https:\/\/www.hashtag.al\/index.php\/wp-json\/wp\/v2\/media\/749226"}],"wp:attachment":[{"href":"https:\/\/www.hashtag.al\/index.php\/wp-json\/wp\/v2\/media?parent=749225"}],"wp:term":[{"taxonomy":"category","embeddable":true,"href":"https:\/\/www.hashtag.al\/index.php\/wp-json\/wp\/v2\/categories?post=749225"},{"taxonomy":"post_tag","embeddable":true,"href":"https:\/\/www.hashtag.al\/index.php\/wp-json\/wp\/v2\/tags?post=749225"}],"curies":[{"name":"wp","href":"https:\/\/api.w.org\/{rel}","templated":true}]}}