{"id":749219,"date":"2025-06-30T16:19:45","date_gmt":"2025-06-30T14:19:45","guid":{"rendered":"https:\/\/www.hashtag.al\/?p=749219"},"modified":"2025-06-30T16:21:33","modified_gmt":"2025-06-30T14:21:33","slug":"pl-mbron-berishen-proces-politik-ndaj-opozites-spak-te-hetoje-ramen-per-aferat-korruptive","status":"publish","type":"post","link":"https:\/\/www.hashtag.al\/index.php\/2025\/06\/30\/pl-mbron-berishen-proces-politik-ndaj-opozites-spak-te-hetoje-ramen-per-aferat-korruptive\/","title":{"rendered":"\u00c7\u00ebshtja &#8220;Partizani&#8221;, PL mbron Berish\u00ebn: Proces politik ndaj opozit\u00ebs, SPAK t\u00eb hetoj\u00eb Ram\u00ebn p\u00ebr aferat korruptive","gt_translate_keys":[{"key":"rendered","format":"text"}]},"content":{"rendered":"<p><span style=\"color: #000000;\"><img loading=\"lazy\" decoding=\"async\" class=\"alignnone size-medium wp-image-680379\" src=\"https:\/\/www.hashtag.al\/wp-content\/uploads\/2024\/06\/spak-dhe-drejtesia-te-vihet-ne-levizje-tedi-blushi-denoncon-krimin-elektoral-ne-kucove-kandidati-i-rilindjes-nuk-i-fitoi-por-i-vodhi-zgjedhjet-1-300x177.jpg\" alt=\"\" width=\"300\" height=\"177\" srcset=\"https:\/\/www.hashtag.al\/wp-content\/uploads\/2024\/06\/spak-dhe-drejtesia-te-vihet-ne-levizje-tedi-blushi-denoncon-krimin-elektoral-ne-kucove-kandidati-i-rilindjes-nuk-i-fitoi-por-i-vodhi-zgjedhjet-1-300x177.jpg 300w, https:\/\/www.hashtag.al\/wp-content\/uploads\/2024\/06\/spak-dhe-drejtesia-te-vihet-ne-levizje-tedi-blushi-denoncon-krimin-elektoral-ne-kucove-kandidati-i-rilindjes-nuk-i-fitoi-por-i-vodhi-zgjedhjet-1-768x454.jpg 768w, https:\/\/www.hashtag.al\/wp-content\/uploads\/2024\/06\/spak-dhe-drejtesia-te-vihet-ne-levizje-tedi-blushi-denoncon-krimin-elektoral-ne-kucove-kandidati-i-rilindjes-nuk-i-fitoi-por-i-vodhi-zgjedhjet-1.jpg 880w\" sizes=\"auto, (max-width: 300px) 100vw, 300px\" \/><\/span><\/p>\n<p><span style=\"color: #000000;\">Partia e Liris\u00eb ka reaguar ashp\u00ebr ndaj nisjes s\u00eb gjyqit p\u00ebr \u00e7\u00ebshtjen \u201cPartizani\u201d, ku i pandehur \u00ebsht\u00eb Sali Berisha, duke e cil\u00ebsuar seanc\u00ebn e par\u00eb si nj\u00eb proces politik t\u00eb diktuar nga kryeministri Edi Rama.<\/span><\/p>\n<p><span style=\"color: #000000;\">Sekretari p\u00ebr Marr\u00ebdh\u00ebniet me Publikun n\u00eb PL, Tedi Blushi, deklaroi se drejt\u00ebsia n\u00eb Shqip\u00ebri po vepron me porosi politike, ashtu si\u00e7 ka vepruar sipas tij edhe n\u00eb rastin e Ilir Met\u00ebs.<\/span><\/p>\n<p><span style=\"color: #000000;\"><em>&#8220;Partia e Liris\u00eb d\u00ebnon me forc\u00eb procesin gjyq\u00ebsor politik n\u00eb kuad\u00ebr t\u00eb s\u00eb ashtuquajtur\u00ebs \u00e7\u00ebshtje \u2018Partizani\u2019, nj\u00eb fars\u00eb e turpshme dhe shembull tipik i kapjes p\u00ebr fyti t\u00eb drejt\u00ebsis\u00eb nga regjimi autokratik dhe i korruptuar i \u2018Ramaduros\u2019. Ky proces \u00ebsht\u00eb jo vet\u00ebm nj\u00eb sulm politik ndaj liderit historik t\u00eb Partis\u00eb Demokratike, Prof. Dr. Sali Berisha, por edhe nj\u00eb d\u00ebshmi e qart\u00eb se drejt\u00ebsia \u00ebsht\u00eb kthyer n\u00eb nj\u00eb arm\u00eb t\u00eb pushtetit p\u00ebr t\u00eb asgj\u00ebsuar opozit\u00ebn dhe pluralizmin politik&#8221;,<\/em> \u2013 u shpreh Blushi.<\/span><\/p>\n<p><span style=\"color: #000000;\">Ai theksoi se n\u00ebse SPAK do t\u00eb kishte v\u00ebrtet vullnet p\u00ebr t\u00eb hetuar thell\u00ebsisht rastin, personi i par\u00eb q\u00eb duhej marr\u00eb i pandehur sipas tij \u00ebsht\u00eb Edi Rama, si n\u00ebnshkrues i dokumenteve p\u00ebr tjet\u00ebrsimin e pron\u00ebs s\u00eb klubit \u201cPartizani\u201d.<\/span><\/p>\n<p><span style=\"color: #000000;\"><em>&#8220;SPAK ka harxhuar tre vite p\u00ebr t\u00eb sajuar nj\u00eb dosje ndaj Berish\u00ebs pa asnj\u00eb fakt penal. Nd\u00ebrkoh\u00eb nuk ka guxuar t\u00eb hetoj\u00eb apo t\u00eb marr\u00eb t\u00eb pandehur kryeministrin q\u00eb \u00ebsht\u00eb kapur n\u00eb dhjet\u00ebra afera korruptive me firm\u00eb dhe vul\u00eb&#8221;,<\/em> \u2013 tha Blushi.<\/span><\/p>\n<p><span style=\"color: #000000;\">Sipas tij, dosja ndaj Berish\u00ebs \u00ebsht\u00eb nd\u00ebrtuar pas nj\u00eb urdhri t\u00eb dh\u00ebn\u00eb nga Rama n\u00eb maj t\u00eb vitit 2022, gjat\u00eb Asambles\u00eb s\u00eb PS-s\u00eb, p\u00ebr t\u00eb ndjekur penalisht Berish\u00ebn dhe Met\u00ebn.<\/span><\/p>\n<p><span style=\"color: #000000;\">Blushi theksoi gjithashtu se toka n\u00eb \u00e7\u00ebshtje \u00ebsht\u00eb pron\u00eb private e trash\u00ebguar nga pes\u00eb familje t\u00eb Tiran\u00ebs, p\u00ebrfshir\u00eb edhe familjen e gjysh\u00ebrve t\u00eb dh\u00ebndrit t\u00eb Berish\u00ebs, dhe se nuk ka pasur asnj\u00eb p\u00ebrvet\u00ebsim t\u00eb tok\u00ebs publike apo d\u00ebm ndaj shtetit.<\/span><\/p>\n<p><span style=\"color: #000000;\"><em>&#8220;Nuk ka asnj\u00eb met\u00ebr katror tok\u00eb publike t\u00eb p\u00ebrvet\u00ebsuar, asnj\u00eb qindark\u00eb d\u00ebm p\u00ebr financat publike dhe asnj\u00eb akt shtet\u00ebror t\u00eb nd\u00ebrhyr\u00eb nga z. Berisha&#8221;,<\/em> \u2013 p\u00ebrfundoi Blushi.<\/span><\/p>\n","protected":false,"gt_translate_keys":[{"key":"rendered","format":"html"}]},"excerpt":{"rendered":"<p>Partia e Liris\u00eb ka reaguar ashp\u00ebr ndaj nisjes s\u00eb gjyqit p\u00ebr \u00e7\u00ebshtjen \u201cPartizani\u201d, ku i pandehur \u00ebsht\u00eb Sali Berisha, duke e cil\u00ebsuar seanc\u00ebn e par\u00eb si nj\u00eb proces politik t\u00eb diktuar nga kryeministri Edi Rama. Sekretari p\u00ebr Marr\u00ebdh\u00ebniet me Publikun n\u00eb PL, Tedi Blushi, deklaroi se drejt\u00ebsia n\u00eb Shqip\u00ebri po vepron me porosi politike, ashtu [&hellip;]<\/p>\n","protected":false,"gt_translate_keys":[{"key":"rendered","format":"html"}]},"author":32,"featured_media":680379,"comment_status":"closed","ping_status":"open","sticky":false,"template":"","format":"standard","meta":{"footnotes":""},"categories":[65],"tags":[],"class_list":["post-749219","post","type-post","status-publish","format-standard","has-post-thumbnail","hentry","category-lajme"],"gt_translate_keys":[{"key":"link","format":"url"}],"_links":{"self":[{"href":"https:\/\/www.hashtag.al\/index.php\/wp-json\/wp\/v2\/posts\/749219","targetHints":{"allow":["GET"]}}],"collection":[{"href":"https:\/\/www.hashtag.al\/index.php\/wp-json\/wp\/v2\/posts"}],"about":[{"href":"https:\/\/www.hashtag.al\/index.php\/wp-json\/wp\/v2\/types\/post"}],"author":[{"embeddable":true,"href":"https:\/\/www.hashtag.al\/index.php\/wp-json\/wp\/v2\/users\/32"}],"replies":[{"embeddable":true,"href":"https:\/\/www.hashtag.al\/index.php\/wp-json\/wp\/v2\/comments?post=749219"}],"version-history":[{"count":99999,"href":"https:\/\/www.hashtag.al\/index.php\/wp-json\/wp\/v2\/posts\/749219\/revisions"}],"predecessor-version":[{"id":749221,"href":"https:\/\/www.hashtag.al\/index.php\/wp-json\/wp\/v2\/posts\/749219\/revisions\/749221"}],"wp:featuredmedia":[{"embeddable":true,"href":"https:\/\/www.hashtag.al\/index.php\/wp-json\/wp\/v2\/media\/680379"}],"wp:attachment":[{"href":"https:\/\/www.hashtag.al\/index.php\/wp-json\/wp\/v2\/media?parent=749219"}],"wp:term":[{"taxonomy":"category","embeddable":true,"href":"https:\/\/www.hashtag.al\/index.php\/wp-json\/wp\/v2\/categories?post=749219"},{"taxonomy":"post_tag","embeddable":true,"href":"https:\/\/www.hashtag.al\/index.php\/wp-json\/wp\/v2\/tags?post=749219"}],"curies":[{"name":"wp","href":"https:\/\/api.w.org\/{rel}","templated":true}]}}