{"id":748948,"date":"2025-06-28T16:38:18","date_gmt":"2025-06-28T14:38:18","guid":{"rendered":"https:\/\/www.hashtag.al\/?p=748948"},"modified":"2025-06-28T16:38:18","modified_gmt":"2025-06-28T14:38:18","slug":"takimi-i-lidereve-be-ballkani-perendimor-me-30-qershor-dhe-1-korrik-ne-shkup","status":"publish","type":"post","link":"https:\/\/www.hashtag.al\/index.php\/2025\/06\/28\/takimi-i-lidereve-be-ballkani-perendimor-me-30-qershor-dhe-1-korrik-ne-shkup\/","title":{"rendered":"Takimi i lider\u00ebve BE\u2013Ballkani Per\u00ebndimor m\u00eb 30 qershor dhe 1 korrik n\u00eb Shkup","gt_translate_keys":[{"key":"rendered","format":"text"}]},"content":{"rendered":"<p data-start=\"156\" data-end=\"419\"><span style=\"color: #000000;\"><img decoding=\"async\" class=\"aligncenter\" src=\"https:\/\/www.hashtag.al\/wp-content\/uploads\/2025\/06\/57d10e56-02bb-4a34-99c7-a446b8af5ddf-82.jpg\" \/><\/span><\/p>\n<p data-start=\"156\" data-end=\"419\"><span style=\"color: #000000;\">M\u00eb 30 qershor dhe 1 korrik 2025, n\u00eb hotelin \u201cHilton\u201d n\u00eb Shkup, do t\u00eb zhvillohet takimi i lider\u00ebve t\u00eb Bashkimit Evropian dhe Ballkanit Per\u00ebndimor, i cili do t\u2019i kushtohet Planit p\u00ebr Rritje prej 6 miliard\u00eb eurosh, t\u00eb miratuar nga Komisioni Evropian.<\/span><\/p>\n<p data-start=\"421\" data-end=\"692\"><span style=\"color: #000000;\">Sipas njoftimit t\u00eb Qeveris\u00eb s\u00eb Maqedonis\u00eb s\u00eb Veriut, takimi do t\u00eb nis\u00eb t\u00eb h\u00ebn\u00ebn n\u00eb or\u00ebn 16:00 me nj\u00eb bised\u00eb tet-a-tet mes kryeministrit Hristijan Mickoski dhe komisioneres p\u00ebr Zgjerim t\u00eb BE-s\u00eb, Marta Kos, pasuar nga nj\u00eb takim dypal\u00ebsh me delegacione t\u00eb zgjeruara.<\/span><\/p>\n<p data-start=\"694\" data-end=\"892\"><span style=\"color: #000000;\">T\u00eb mart\u00ebn, m\u00eb 1 korrik, n\u00eb or\u00ebn 09:30, parashikohet mb\u00ebrritja dhe pritja zyrtare e lider\u00ebve t\u00eb vendeve t\u00eb Ballkanit Per\u00ebndimor. Pas pritjes, Mickoski dhe Kos do t\u00eb mbajn\u00eb fjalimet hyr\u00ebse t\u00eb samitit.<\/span><\/p>\n<p data-start=\"894\" data-end=\"1221\"><span style=\"color: #000000;\">Plani i Rritjes p\u00ebr Ballkanin Per\u00ebndimor, i prezantuar nga Komisioni Evropian n\u00eb n\u00ebntor t\u00eb vitit 2023, synon t\u00eb forcoj\u00eb integrimin ekonomik t\u00eb rajonit me tregun e p\u00ebrbashk\u00ebt t\u00eb BE-s\u00eb, t\u00eb thelloj\u00eb bashk\u00ebpunimin ekonomik rajonal, t\u00eb nxis\u00eb reformat ky\u00e7e dhe t\u00eb rris\u00eb asistenc\u00ebn financiare p\u00ebr p\u00ebrshpejtimin e k\u00ebtyre reformave.<\/span><\/p>\n<p data-start=\"1223\" data-end=\"1333\"><span style=\"color: #000000;\">P\u00ebr Maqedonin\u00eb e Veriut, n\u00eb kuad\u00ebr t\u00eb k\u00ebtij plani, jan\u00eb parashikuar 750 milion\u00eb euro asistenc\u00eb financiare.<\/span><\/p>\n","protected":false,"gt_translate_keys":[{"key":"rendered","format":"html"}]},"excerpt":{"rendered":"<p>M\u00eb 30 qershor dhe 1 korrik 2025, n\u00eb hotelin \u201cHilton\u201d n\u00eb Shkup, do t\u00eb zhvillohet takimi i lider\u00ebve t\u00eb Bashkimit Evropian dhe Ballkanit Per\u00ebndimor, i cili do t\u2019i kushtohet Planit p\u00ebr Rritje prej 6 miliard\u00eb eurosh, t\u00eb miratuar nga Komisioni Evropian. Sipas njoftimit t\u00eb Qeveris\u00eb s\u00eb Maqedonis\u00eb s\u00eb Veriut, takimi do t\u00eb nis\u00eb t\u00eb h\u00ebn\u00ebn [&hellip;]<\/p>\n","protected":false,"gt_translate_keys":[{"key":"rendered","format":"html"}]},"author":32,"featured_media":748949,"comment_status":"closed","ping_status":"open","sticky":false,"template":"","format":"standard","meta":{"footnotes":""},"categories":[65],"tags":[],"class_list":["post-748948","post","type-post","status-publish","format-standard","has-post-thumbnail","hentry","category-lajme"],"gt_translate_keys":[{"key":"link","format":"url"}],"_links":{"self":[{"href":"https:\/\/www.hashtag.al\/index.php\/wp-json\/wp\/v2\/posts\/748948","targetHints":{"allow":["GET"]}}],"collection":[{"href":"https:\/\/www.hashtag.al\/index.php\/wp-json\/wp\/v2\/posts"}],"about":[{"href":"https:\/\/www.hashtag.al\/index.php\/wp-json\/wp\/v2\/types\/post"}],"author":[{"embeddable":true,"href":"https:\/\/www.hashtag.al\/index.php\/wp-json\/wp\/v2\/users\/32"}],"replies":[{"embeddable":true,"href":"https:\/\/www.hashtag.al\/index.php\/wp-json\/wp\/v2\/comments?post=748948"}],"version-history":[{"count":99999,"href":"https:\/\/www.hashtag.al\/index.php\/wp-json\/wp\/v2\/posts\/748948\/revisions"}],"predecessor-version":[{"id":748950,"href":"https:\/\/www.hashtag.al\/index.php\/wp-json\/wp\/v2\/posts\/748948\/revisions\/748950"}],"wp:featuredmedia":[{"embeddable":true,"href":"https:\/\/www.hashtag.al\/index.php\/wp-json\/wp\/v2\/media\/748949"}],"wp:attachment":[{"href":"https:\/\/www.hashtag.al\/index.php\/wp-json\/wp\/v2\/media?parent=748948"}],"wp:term":[{"taxonomy":"category","embeddable":true,"href":"https:\/\/www.hashtag.al\/index.php\/wp-json\/wp\/v2\/categories?post=748948"},{"taxonomy":"post_tag","embeddable":true,"href":"https:\/\/www.hashtag.al\/index.php\/wp-json\/wp\/v2\/tags?post=748948"}],"curies":[{"name":"wp","href":"https:\/\/api.w.org\/{rel}","templated":true}]}}