{"id":748862,"date":"2025-06-27T20:14:06","date_gmt":"2025-06-27T18:14:06","guid":{"rendered":"https:\/\/www.hashtag.al\/?p=748862"},"modified":"2025-06-27T20:14:06","modified_gmt":"2025-06-27T18:14:06","slug":"vrau-e-copetoi-nente-njerez-ekzekutohet-xhelati-i-twitter-it-ne-japoni","status":"publish","type":"post","link":"https:\/\/www.hashtag.al\/index.php\/2025\/06\/27\/vrau-e-copetoi-nente-njerez-ekzekutohet-xhelati-i-twitter-it-ne-japoni\/","title":{"rendered":"Vrau e cop\u00ebtoi n\u00ebnt\u00eb njer\u00ebz, ekzekutohet \u201cxhelati\u201d i Twitter-it n\u00eb Japoni","gt_translate_keys":[{"key":"rendered","format":"text"}]},"content":{"rendered":"<p><img loading=\"lazy\" decoding=\"async\" class=\"aligncenter size-full wp-image-748863\" src=\"https:\/\/www.hashtag.al\/wp-content\/uploads\/2025\/06\/takahiro.png\" alt=\"\" width=\"1247\" height=\"682\" srcset=\"https:\/\/www.hashtag.al\/wp-content\/uploads\/2025\/06\/takahiro.png 1247w, https:\/\/www.hashtag.al\/wp-content\/uploads\/2025\/06\/takahiro-300x164.png 300w, https:\/\/www.hashtag.al\/wp-content\/uploads\/2025\/06\/takahiro-1024x560.png 1024w, https:\/\/www.hashtag.al\/wp-content\/uploads\/2025\/06\/takahiro-768x420.png 768w\" sizes=\"auto, (max-width: 1247px) 100vw, 1247px\" \/><\/p>\n<p><span style=\"color: #000000;\">Japonia ka ekzekutuar nj\u00eb burr\u00eb t\u00eb quajtur &#8220;vras\u00ebsi i Twitter-it&#8221;, i cili u d\u00ebnua p\u00ebr vrasjen dhe cop\u00ebtimin e n\u00ebnt\u00eb personave, kryesisht gra, n\u00eb p\u00ebrdorimin e par\u00eb t\u00eb d\u00ebnimit me vdekje n\u00eb vend n\u00eb gati tre vjet.<\/span><\/p>\n<p><span style=\"color: #000000;\">Takahiro Shiraishi, 34 vje\u00e7, u var t\u00eb premten n\u00eb burgun e Tokios. Ai u d\u00ebnua me vdekje n\u00eb vitin 2020 pasi u deklarua fajtor p\u00ebr vrasjen e n\u00ebnt\u00eb personave &#8211; tet\u00eb gra dhe nj\u00eb burr\u00eb.<\/span><\/p>\n<p><span style=\"color: #000000;\">Shiraishi u arrestua n\u00eb tetor 2017 pasi policia kontrolloi sht\u00ebpin\u00eb e tij n\u00eb qytetin Zama n\u00eb prefektur\u00ebn Kanagawa, n\u00eb periferi t\u00eb Tokios, p\u00ebr t\u00eb hetuar zhdukjen e nj\u00eb gruaje 23-vje\u00e7are q\u00eb kishte shprehur mendime vet\u00ebvras\u00ebse n\u00eb mediat sociale, p\u00ebrfshir\u00eb Twitter-in, i njohur tani si X.<\/span><\/p>\n<p><span style=\"color: #000000;\">Tre kuti frigoriferike dhe pes\u00eb kontejner\u00eb u gjet\u00ebn n\u00eb dhom\u00ebn e Shiraishit, q\u00eb p\u00ebrmbanin koka dhe kocka njer\u00ebzore me mish t\u00eb kalbur, raportoi n\u00eb at\u00eb koh\u00eb televizioni Asahi.<\/span><\/p>\n<p><span style=\"color: #000000;\">Rasti i vrasjeve masive t\u00eb profilit t\u00eb lart\u00eb kishte mb\u00ebrthyer kombin p\u00ebr vite me radh\u00eb dhe kishte ngritur shqet\u00ebsime n\u00eb lidhje me p\u00ebrdorimin e mediave sociale.<\/span><\/p>\n<p><span style=\"color: #000000;\">N\u00ebnt\u00eb viktimat ishin t\u00eb mosh\u00ebs midis 15 dhe 26 vje\u00e7, sipas transmetuesit publik japonez NHK dhe TV Asahi, t\u00eb cil\u00ebt cituan procedurat gjyq\u00ebsore. Viktimat kishin postuar n\u00eb internet se donin t\u00eb vrisnin veten dhe m\u00eb pas u kontaktuan nga Shiraishi p\u00ebrmes platformave t\u00eb mediave sociale, raportuan NHK dhe TV Asahi.<\/span><\/p>\n<p><span style=\"color: #000000;\">Duke p\u00ebrdorur nj\u00eb em\u00ebrtim q\u00eb p\u00ebrkthehet lirsh\u00ebm si &#8220;xhelat&#8221;, Shiraishi i ftoi ato n\u00eb apartamentin e tij n\u00eb Zama, duke premtuar se do t&#8217;i ndihmonte t\u00eb vdisnin, raportoi agjencia e lajmeve Jiji, duke cituar aktakuz\u00ebn.<\/span><\/p>\n<p><span style=\"color: #000000;\">Shiraishi u deklarua fajtor p\u00ebr vrasjen e viktimave, duke th\u00ebn\u00eb n\u00eb gjykat\u00eb se i kishte vrar\u00eb ato p\u00ebr t\u00eb k\u00ebnaqur d\u00ebshirat e tij seksuale, raportuan NHK dhe TV Asahi, shkruan <span style=\"color: #0000ff;\"><a style=\"color: #0000ff;\" href=\"https:\/\/edition.cnn.com\/2025\/06\/26\/asia\/japan-takahiro-shiraishi-executed-intl-hnk\">CNN<\/a>.<\/span><\/span><\/p>\n<p><span style=\"color: #000000;\">Ai u shpall fajtor n\u00eb dhjetor 2020 p\u00ebr vrasjen, p\u00ebrdhunimin dhe cop\u00ebtimin e n\u00ebnt\u00eb viktimave dhe ruajtjen e trupave t\u00eb tyre n\u00eb apartamentin e tij.<\/span><\/p>\n<p><span style=\"color: #000000;\">Avokati i Shiraishit e apeloi vendimin n\u00eb Gjykat\u00ebn e Lart\u00eb t\u00eb Tokios, por m\u00eb von\u00eb e t\u00ebrhoqi apelin dhe d\u00ebnimi u p\u00ebrmbyll, raportoi NHK.<\/span><\/p>\n<p><span style=\"color: #000000;\"><em>\u201cKy rast, i nxitur nga motive egoiste si k\u00ebnaq\u00ebsia seksuale dhe financiare, \u00e7oi n\u00eb vdekjen e n\u00ebnt\u00eb njer\u00ebzve gjat\u00eb dy muajve &#8211; nj\u00eb ngjarje thell\u00ebsisht e r\u00ebnd\u00eb q\u00eb ka shkaktuar tronditje dhe ankth n\u00eb t\u00eb gjith\u00eb shoq\u00ebrin\u00eb. E kuptoj q\u00eb \u00ebsht\u00eb nj\u00eb rast ve\u00e7an\u00ebrisht zem\u00ebrthyes si p\u00ebr viktimat ashtu edhe p\u00ebr familjet e tyre\u201d<\/em>, u tha gazetar\u00ebve t\u00eb premten n\u00eb nj\u00eb konferenc\u00eb p\u00ebr shtyp ministri i Drejt\u00ebsis\u00eb Keisuke Suzuki.<\/span><\/p>\n<p><span style=\"color: #000000;\">Pas lajmit p\u00ebr ekzekutimin, babai i nj\u00ebr\u00ebs prej viktimave t\u00eb Shiraishit i tha NHK-s\u00eb se do parap\u00eblqente ta kishte par\u00eb at\u00eb \u201cduke u penduar mbi krimet q\u00eb kreu, sesa thjesht ta humbiste jet\u00ebn p\u00ebrmes d\u00ebnimit me vdekje\u201d.<\/span><\/p>\n<p><span style=\"color: #000000;\">Ekzekutimi i Shiraishit \u00ebsht\u00eb i pari q\u00eb vendi ka par\u00eb q\u00eb nga korriku i vitit 2022, raportoi NHK.<\/span><\/p>\n<p><span style=\"color: #000000;\">N\u00eb Japoni, d\u00ebnimi me vdekje jepet me varje, me datat e ekzekutimit q\u00eb nuk b\u00ebhen publike deri pas ekzekutimit t\u00eb d\u00ebnimit. Ekzekutimet mbahen t\u00eb fshehta me pak ose aspak paralajm\u00ebrim, dhe familjet dhe avokat\u00ebt zakonisht njoftohen vet\u00ebm pasi t\u00eb ket\u00eb ndodhur ekzekutimi.<\/span><\/p>\n","protected":false,"gt_translate_keys":[{"key":"rendered","format":"html"}]},"excerpt":{"rendered":"<p>Japonia ka ekzekutuar nj\u00eb burr\u00eb t\u00eb quajtur &#8220;vras\u00ebsi i Twitter-it&#8221;, i cili u d\u00ebnua p\u00ebr vrasjen dhe cop\u00ebtimin e n\u00ebnt\u00eb personave, kryesisht gra, n\u00eb p\u00ebrdorimin e par\u00eb t\u00eb d\u00ebnimit me vdekje n\u00eb vend n\u00eb gati tre vjet. Takahiro Shiraishi, 34 vje\u00e7, u var t\u00eb premten n\u00eb burgun e Tokios. Ai u d\u00ebnua me vdekje n\u00eb [&hellip;]<\/p>\n","protected":false,"gt_translate_keys":[{"key":"rendered","format":"html"}]},"author":51,"featured_media":748863,"comment_status":"closed","ping_status":"open","sticky":false,"template":"","format":"standard","meta":{"footnotes":""},"categories":[6],"tags":[],"class_list":["post-748862","post","type-post","status-publish","format-standard","has-post-thumbnail","hentry","category-nderkombetare"],"gt_translate_keys":[{"key":"link","format":"url"}],"_links":{"self":[{"href":"https:\/\/www.hashtag.al\/index.php\/wp-json\/wp\/v2\/posts\/748862","targetHints":{"allow":["GET"]}}],"collection":[{"href":"https:\/\/www.hashtag.al\/index.php\/wp-json\/wp\/v2\/posts"}],"about":[{"href":"https:\/\/www.hashtag.al\/index.php\/wp-json\/wp\/v2\/types\/post"}],"author":[{"embeddable":true,"href":"https:\/\/www.hashtag.al\/index.php\/wp-json\/wp\/v2\/users\/51"}],"replies":[{"embeddable":true,"href":"https:\/\/www.hashtag.al\/index.php\/wp-json\/wp\/v2\/comments?post=748862"}],"version-history":[{"count":99999,"href":"https:\/\/www.hashtag.al\/index.php\/wp-json\/wp\/v2\/posts\/748862\/revisions"}],"predecessor-version":[{"id":748864,"href":"https:\/\/www.hashtag.al\/index.php\/wp-json\/wp\/v2\/posts\/748862\/revisions\/748864"}],"wp:featuredmedia":[{"embeddable":true,"href":"https:\/\/www.hashtag.al\/index.php\/wp-json\/wp\/v2\/media\/748863"}],"wp:attachment":[{"href":"https:\/\/www.hashtag.al\/index.php\/wp-json\/wp\/v2\/media?parent=748862"}],"wp:term":[{"taxonomy":"category","embeddable":true,"href":"https:\/\/www.hashtag.al\/index.php\/wp-json\/wp\/v2\/categories?post=748862"},{"taxonomy":"post_tag","embeddable":true,"href":"https:\/\/www.hashtag.al\/index.php\/wp-json\/wp\/v2\/tags?post=748862"}],"curies":[{"name":"wp","href":"https:\/\/api.w.org\/{rel}","templated":true}]}}