{"id":748658,"date":"2025-06-26T18:28:26","date_gmt":"2025-06-26T16:28:26","guid":{"rendered":"https:\/\/www.hashtag.al\/?p=748658"},"modified":"2025-06-26T18:28:26","modified_gmt":"2025-06-26T16:28:26","slug":"trump-thote-se-irani-ska-nxjerre-asgje-nga-objektet-berthamore-ndersa-evropianet-besojne-te-kunderten","status":"publish","type":"post","link":"https:\/\/www.hashtag.al\/index.php\/2025\/06\/26\/trump-thote-se-irani-ska-nxjerre-asgje-nga-objektet-berthamore-ndersa-evropianet-besojne-te-kunderten\/","title":{"rendered":"Trump thot\u00eb se Irani s&#8217;ka nxjerr\u00eb asgj\u00eb nga objektet b\u00ebrthamore, nd\u00ebrsa evropian\u00ebt besojn\u00eb t\u00eb kund\u00ebrt\u00ebn","gt_translate_keys":[{"key":"rendered","format":"text"}]},"content":{"rendered":"<p><span style=\"color: #000000;\"><img decoding=\"async\" class=\"aligncenter\" src=\"https:\/\/www.hashtag.al\/wp-content\/uploads\/2025\/06\/Donald-Trump-2-640x480-1.jpg\" \/><\/span><\/p>\n<p><span style=\"color: #000000;\">Presidenti amerikan Donald Trump deklaroi se asgj\u00eb nuk \u00ebsht\u00eb l\u00ebvizur nga objektet b\u00ebrthamore t\u00eb Iranit q\u00eb u godit\u00ebn nga sulmet ajrore t\u00eb SHBA-s\u00eb. Nd\u00ebrkoh\u00eb, lider\u00ebt evropian\u00eb besojn\u00eb se stoku i uraniumit t\u00eb pasuruar t\u00eb Iranit mbetet kryesisht i paprekur, p\u00ebrcjell <span style=\"color: #0000ff;\"><a style=\"color: #0000ff;\" href=\"https:\/\/www.jpost.com\/international\/article-859140\">Jerusalem Post<\/a><\/span>.<\/span><\/p>\n<p><span style=\"color: #000000;\">Gjat\u00eb nj\u00eb konference p\u00ebr shtyp t\u00eb mbajtur m\u00eb 25 qershor n\u00eb samitin e NATO-s n\u00eb Hag\u00eb, Trump tha se \u201casgj\u00eb nuk \u00ebsht\u00eb nxjerr\u00eb nga objektet\u201d dhe shtoi se \u201cdo t\u00eb merrte shum\u00eb koh\u00eb, do t\u00eb ishte shum\u00eb e rrezikshme dhe shum\u00eb e r\u00ebnd\u00eb p\u00ebr t&#8217;u transportuar\u201d.<\/span><\/p>\n<p><span style=\"color: #000000;\">Deklarata e tij vjen n\u00eb vijim t\u00eb komenteve t\u00eb Sekretarit t\u00eb Mbrojtjes, Pete Hegseth, i cili po ashtu tha se nuk ka dijeni p\u00ebr ndonj\u00eb informacion t\u00eb inteligjenc\u00ebs q\u00eb t\u00eb sugjeroj\u00eb se Irani ka l\u00ebvizur uraniumin p\u00ebr ta mbrojtur nga sulmet ajrore t\u00eb fundjav\u00ebs s\u00eb kaluar.<\/span><\/p>\n<p><span style=\"color: #000000;\">Megjithat\u00eb, nj\u00eb raport i Financial Times, i publikuar t\u00eb enjten, citon burime evropiane q\u00eb thon\u00eb se stoku prej rreth 408 kilogram\u00ebsh uranium t\u00eb pasuruar pran\u00eb nivelit p\u00ebr arm\u00eb nuk ndodhej i p\u00ebrqendruar n\u00eb Fordow \u2013 nj\u00eb nga dy objektet kryesore t\u00eb pasurimit t\u00eb Iranit \u2013 n\u00eb momentin e sulmit.<\/span><\/p>\n<p><span style=\"color: #000000;\">Sipas Sekretarit t\u00eb Mbrojtjes Hegseth, sulmet e p\u00ebrbashk\u00ebta SHBA-Izrael p\u00ebrb\u00ebjn\u00eb nj\u00eb \u201cgoditje vendimtare\u201d ndaj programit b\u00ebrthamor t\u00eb Iranit. Ai deklaroi se k\u00ebto sulme kan\u00eb \u201ckrijuar kushtet p\u00ebr p\u00ebrfundimin e luft\u00ebs\u201d dhe kan\u00eb \u201cshkat\u00ebrruar, zhdukur ose dob\u00ebsuar r\u00ebnd\u00eb kapacitetet b\u00ebrthamore t\u00eb Iranit\u201d.<\/span><\/p>\n<p><span style=\"color: #000000;\">N\u00eb konferenc\u00ebn e tij n\u00eb Pentagon m\u00eb 22 qershor, Hegseth shtoi: \u201cNuk kam par\u00eb asnj\u00eb informacion t\u00eb inteligjenc\u00ebs q\u00eb t\u00eb tregoj\u00eb se uraniumi \u00ebsht\u00eb l\u00ebvizur apo se ndodhej diku tjet\u00ebr nga ku pritej\u201d.<\/span><\/p>\n<p><span style=\"color: #000000;\">Ai p\u00ebrmbylli deklaratat e tij duke vler\u00ebsuar presidentin Trump p\u00ebr nj\u00eb \u201cndryshim historik n\u00eb sigurin\u00eb kontinentale\u201d, duke shtuar: \u201cPresident\u00eb t\u00eb tjer\u00eb e kan\u00eb premtuar, Trump\u00a0e\u00a0realizoi.\u201d<\/span><\/p>\n","protected":false,"gt_translate_keys":[{"key":"rendered","format":"html"}]},"excerpt":{"rendered":"<p>Presidenti amerikan Donald Trump deklaroi se asgj\u00eb nuk \u00ebsht\u00eb l\u00ebvizur nga objektet b\u00ebrthamore t\u00eb Iranit q\u00eb u godit\u00ebn nga sulmet ajrore t\u00eb SHBA-s\u00eb. Nd\u00ebrkoh\u00eb, lider\u00ebt evropian\u00eb besojn\u00eb se stoku i uraniumit t\u00eb pasuruar t\u00eb Iranit mbetet kryesisht i paprekur, p\u00ebrcjell Jerusalem Post. Gjat\u00eb nj\u00eb konference p\u00ebr shtyp t\u00eb mbajtur m\u00eb 25 qershor n\u00eb samitin e [&hellip;]<\/p>\n","protected":false,"gt_translate_keys":[{"key":"rendered","format":"html"}]},"author":32,"featured_media":747405,"comment_status":"closed","ping_status":"open","sticky":false,"template":"","format":"standard","meta":{"footnotes":""},"categories":[6],"tags":[],"class_list":["post-748658","post","type-post","status-publish","format-standard","has-post-thumbnail","hentry","category-nderkombetare"],"gt_translate_keys":[{"key":"link","format":"url"}],"_links":{"self":[{"href":"https:\/\/www.hashtag.al\/index.php\/wp-json\/wp\/v2\/posts\/748658","targetHints":{"allow":["GET"]}}],"collection":[{"href":"https:\/\/www.hashtag.al\/index.php\/wp-json\/wp\/v2\/posts"}],"about":[{"href":"https:\/\/www.hashtag.al\/index.php\/wp-json\/wp\/v2\/types\/post"}],"author":[{"embeddable":true,"href":"https:\/\/www.hashtag.al\/index.php\/wp-json\/wp\/v2\/users\/32"}],"replies":[{"embeddable":true,"href":"https:\/\/www.hashtag.al\/index.php\/wp-json\/wp\/v2\/comments?post=748658"}],"version-history":[{"count":99999,"href":"https:\/\/www.hashtag.al\/index.php\/wp-json\/wp\/v2\/posts\/748658\/revisions"}],"predecessor-version":[{"id":748659,"href":"https:\/\/www.hashtag.al\/index.php\/wp-json\/wp\/v2\/posts\/748658\/revisions\/748659"}],"wp:featuredmedia":[{"embeddable":true,"href":"https:\/\/www.hashtag.al\/index.php\/wp-json\/wp\/v2\/media\/747405"}],"wp:attachment":[{"href":"https:\/\/www.hashtag.al\/index.php\/wp-json\/wp\/v2\/media?parent=748658"}],"wp:term":[{"taxonomy":"category","embeddable":true,"href":"https:\/\/www.hashtag.al\/index.php\/wp-json\/wp\/v2\/categories?post=748658"},{"taxonomy":"post_tag","embeddable":true,"href":"https:\/\/www.hashtag.al\/index.php\/wp-json\/wp\/v2\/tags?post=748658"}],"curies":[{"name":"wp","href":"https:\/\/api.w.org\/{rel}","templated":true}]}}