{"id":748657,"date":"2025-06-26T18:36:14","date_gmt":"2025-06-26T16:36:14","guid":{"rendered":"https:\/\/www.hashtag.al\/?p=748657"},"modified":"2025-06-26T18:36:14","modified_gmt":"2025-06-26T16:36:14","slug":"marreveshja-me-italine-15-emigrante-te-debuar-mberrijne-ne-shengjin","status":"publish","type":"post","link":"https:\/\/www.hashtag.al\/index.php\/2025\/06\/26\/marreveshja-me-italine-15-emigrante-te-debuar-mberrijne-ne-shengjin\/","title":{"rendered":"Marr\u00ebveshja me Italin\u00eb, 15 emigrant\u00eb t\u00eb d\u00ebbuar mb\u00ebrrijn\u00eb n\u00eb Sh\u00ebngjin","gt_translate_keys":[{"key":"rendered","format":"text"}]},"content":{"rendered":"<p><span style=\"color: #000000;\"><img loading=\"lazy\" decoding=\"async\" class=\"alignnone size-medium wp-image-748661\" src=\"https:\/\/www.hashtag.al\/wp-content\/uploads\/2025\/06\/1750954452_wfafagfagfa-300x169.jpg\" alt=\"\" width=\"300\" height=\"169\" srcset=\"https:\/\/www.hashtag.al\/wp-content\/uploads\/2025\/06\/1750954452_wfafagfagfa-300x169.jpg 300w, https:\/\/www.hashtag.al\/wp-content\/uploads\/2025\/06\/1750954452_wfafagfagfa-768x433.jpg 768w, https:\/\/www.hashtag.al\/wp-content\/uploads\/2025\/06\/1750954452_wfafagfagfa.jpg 780w\" sizes=\"auto, (max-width: 300px) 100vw, 300px\" \/><\/span><\/p>\n<p><span style=\"color: #000000;\">Nj\u00eb tjet\u00ebr anije me 15 emigrant\u00eb, t\u00eb cil\u00ebve u \u00ebsht\u00eb refuzuar azili n\u00eb Itali, ka mb\u00ebrritur pasditen e k\u00ebsaj t\u00eb enjte n\u00eb portin e Sh\u00ebngjinit.<\/span><\/p>\n<p><span style=\"color: #000000;\">\u00a0Mjeti lundrues i roj\u00ebs bregdetare italiane \u00ebsht\u00eb ankoruar n\u00eb port rreth or\u00ebs 18:00 dhe, pas procedurave n\u00eb qendr\u00ebn prit\u00ebse, emigrant\u00ebt do t\u00eb transferohen n\u00eb kampin e Gjadrit.<\/span><\/p>\n<p><span style=\"color: #000000;\">Ky \u00ebsht\u00eb kontingjenti i kat\u00ebrt i emigrant\u00ebve q\u00eb mb\u00ebrrijn\u00eb n\u00eb Shqip\u00ebri, n\u00eb baz\u00eb t\u00eb dekretit t\u00eb ri t\u00eb qeveris\u00eb Meloni p\u00ebr sjelljen n\u00eb Gjad\u00ebr t\u00eb emigrant\u00ebve t\u00eb cil\u00ebve u \u00ebsht\u00eb refuzuar azili n\u00eb shtetin fqinj.<\/span><\/p>\n<p><span style=\"color: #000000;\">Aktualisht n\u00eb kampin e Gjadrit jan\u00eb rreth 30 emigrant\u00eb t\u00eb d\u00ebbuar.<\/span><\/p>\n","protected":false,"gt_translate_keys":[{"key":"rendered","format":"html"}]},"excerpt":{"rendered":"<p>Nj\u00eb tjet\u00ebr anije me 15 emigrant\u00eb, t\u00eb cil\u00ebve u \u00ebsht\u00eb refuzuar azili n\u00eb Itali, ka mb\u00ebrritur pasditen e k\u00ebsaj t\u00eb enjte n\u00eb portin e Sh\u00ebngjinit. \u00a0Mjeti lundrues i roj\u00ebs bregdetare italiane \u00ebsht\u00eb ankoruar n\u00eb port rreth or\u00ebs 18:00 dhe, pas procedurave n\u00eb qendr\u00ebn prit\u00ebse, emigrant\u00ebt do t\u00eb transferohen n\u00eb kampin e Gjadrit. Ky \u00ebsht\u00eb kontingjenti [&hellip;]<\/p>\n","protected":false,"gt_translate_keys":[{"key":"rendered","format":"html"}]},"author":32,"featured_media":748661,"comment_status":"closed","ping_status":"open","sticky":false,"template":"","format":"standard","meta":{"footnotes":""},"categories":[65],"tags":[],"class_list":["post-748657","post","type-post","status-publish","format-standard","has-post-thumbnail","hentry","category-lajme"],"gt_translate_keys":[{"key":"link","format":"url"}],"_links":{"self":[{"href":"https:\/\/www.hashtag.al\/index.php\/wp-json\/wp\/v2\/posts\/748657","targetHints":{"allow":["GET"]}}],"collection":[{"href":"https:\/\/www.hashtag.al\/index.php\/wp-json\/wp\/v2\/posts"}],"about":[{"href":"https:\/\/www.hashtag.al\/index.php\/wp-json\/wp\/v2\/types\/post"}],"author":[{"embeddable":true,"href":"https:\/\/www.hashtag.al\/index.php\/wp-json\/wp\/v2\/users\/32"}],"replies":[{"embeddable":true,"href":"https:\/\/www.hashtag.al\/index.php\/wp-json\/wp\/v2\/comments?post=748657"}],"version-history":[{"count":99999,"href":"https:\/\/www.hashtag.al\/index.php\/wp-json\/wp\/v2\/posts\/748657\/revisions"}],"predecessor-version":[{"id":748662,"href":"https:\/\/www.hashtag.al\/index.php\/wp-json\/wp\/v2\/posts\/748657\/revisions\/748662"}],"wp:featuredmedia":[{"embeddable":true,"href":"https:\/\/www.hashtag.al\/index.php\/wp-json\/wp\/v2\/media\/748661"}],"wp:attachment":[{"href":"https:\/\/www.hashtag.al\/index.php\/wp-json\/wp\/v2\/media?parent=748657"}],"wp:term":[{"taxonomy":"category","embeddable":true,"href":"https:\/\/www.hashtag.al\/index.php\/wp-json\/wp\/v2\/categories?post=748657"},{"taxonomy":"post_tag","embeddable":true,"href":"https:\/\/www.hashtag.al\/index.php\/wp-json\/wp\/v2\/tags?post=748657"}],"curies":[{"name":"wp","href":"https:\/\/api.w.org\/{rel}","templated":true}]}}