{"id":748634,"date":"2025-06-26T15:55:23","date_gmt":"2025-06-26T13:55:23","guid":{"rendered":"https:\/\/www.hashtag.al\/?p=748634"},"modified":"2025-06-26T15:55:23","modified_gmt":"2025-06-26T13:55:23","slug":"meta-reagon-pas-vendimit-te-gjkko-drejtesi-me-regji-akuzat-vijne-nga-tribunat-e-rilindjes","status":"publish","type":"post","link":"https:\/\/www.hashtag.al\/index.php\/2025\/06\/26\/meta-reagon-pas-vendimit-te-gjkko-drejtesi-me-regji-akuzat-vijne-nga-tribunat-e-rilindjes\/","title":{"rendered":"Meta reagon pas vendimit t\u00eb GJKKO: Drejt\u00ebsi me regji, akuzat vijn\u00eb nga tribunat e &#8220;Rilindjes&#8221;","gt_translate_keys":[{"key":"rendered","format":"text"}]},"content":{"rendered":"<p><span style=\"color: #000000;\"><img loading=\"lazy\" decoding=\"async\" class=\"alignnone size-medium wp-image-748622\" src=\"https:\/\/www.hashtag.al\/wp-content\/uploads\/2025\/06\/ilir-meta1-1-1-300x190.jpg\" alt=\"\" width=\"300\" height=\"190\" srcset=\"https:\/\/www.hashtag.al\/wp-content\/uploads\/2025\/06\/ilir-meta1-1-1-300x190.jpg 300w, https:\/\/www.hashtag.al\/wp-content\/uploads\/2025\/06\/ilir-meta1-1-1-1024x648.jpg 1024w, https:\/\/www.hashtag.al\/wp-content\/uploads\/2025\/06\/ilir-meta1-1-1-768x486.jpg 768w, https:\/\/www.hashtag.al\/wp-content\/uploads\/2025\/06\/ilir-meta1-1-1.jpg 1266w\" sizes=\"auto, (max-width: 300px) 100vw, 300px\" \/><\/span><\/p>\n<p><span style=\"color: #000000;\">Kreu i Partis\u00eb s\u00eb Liris\u00eb, Ilir Meta, ka reaguar pas vendimit t\u00eb GJKKO-s\u00eb p\u00ebr t\u00eb l\u00ebn\u00eb n\u00eb fuqi mas\u00ebn e arrestit me burg ndaj tij.<\/span><\/p>\n<p><span style=\"color: #000000;\">N\u00eb nj\u00eb deklarat\u00eb t\u00eb publikuar n\u00eb rrjetet sociale, Meta e cil\u00ebson vendimin si nj\u00eb skenar t\u00eb p\u00ebrgatitur nga &#8220;drejt\u00ebsia me regji&#8221; dhe akuzon organet e drejt\u00ebsis\u00eb se veprojn\u00eb n\u00ebn ndikimin e mazhoranc\u00ebs.<\/span><\/p>\n<p><span style=\"color: #000000;\"><em>\u201cAsnj\u00eb \u00e7udi nga drejt\u00ebsia me regji, ku SPAK p\u00ebrgjon gjykatat dhe ku, af\u00ebrmendsh, akuzat formulohen nga tribunat e Rilindjes,<\/em>\u201d shkruan Meta, duke n\u00ebnvizuar se procesi ndaj tij \u00ebsht\u00eb nj\u00eb fars\u00eb politike.<\/span><\/p>\n<p><span style=\"color: #000000;\">Ai premton se do t\u00eb sfidoj\u00eb k\u00ebto akuza n\u00eb Gjykat\u00ebn Evropiane p\u00ebr t\u00eb Drejtat e Njeriut n\u00eb Strasburg dhe n\u00eb opinionin publik.<\/span><\/p>\n<p><span style=\"color: #000000;\"><em>\u201cNe do ta \u00e7montojm\u00eb k\u00ebt\u00eb fars\u00eb hap pas hapi dhe do ta shpartallojm\u00eb n\u00eb Gjykat\u00ebn e Strasburgut por edhe n\u00eb debatin publik,<\/em>\u201d shprehet Meta.<\/span><\/p>\n<p><span style=\"color: #000000;\">Ish-presidenti i vendit njofton gjithashtu dy dalje publike p\u00ebr t\u00eb sqaruar pozicionin e tij: nj\u00eb komunikim p\u00ebrmes Sekretarit t\u00eb P\u00ebrgjithsh\u00ebm t\u00eb PL, Tedi Blushi, sot n\u00eb or\u00ebn 17:30, ku do t\u00eb paraqiten \u201cargumentet kryesore kund\u00ebr pretendimeve qesharake t\u00eb akuz\u00ebs\u201d, dhe nj\u00eb konferenc\u00eb p\u00ebr media t\u00eb nes\u00ebrmen n\u00eb or\u00ebn 11:00, ku gazetar\u00ebt do t\u00eb ken\u00eb mund\u00ebsin\u00eb t\u00eb b\u00ebjn\u00eb pyetje p\u00ebrmes telefonit t\u00eb zotit Blushi.<\/span><\/p>\n<p><span style=\"color: #000000;\"><em>\u201cNuk ka fuqi q\u00eb i mbyt t\u00eb v\u00ebrtetat e Ilir Met\u00ebs dhe kauzat e Partis\u00eb s\u00eb Liris\u00eb<\/em>,\u201d p\u00ebrfundon reagimin e tij Meta.<\/span><\/p>\n","protected":false,"gt_translate_keys":[{"key":"rendered","format":"html"}]},"excerpt":{"rendered":"<p>Kreu i Partis\u00eb s\u00eb Liris\u00eb, Ilir Meta, ka reaguar pas vendimit t\u00eb GJKKO-s\u00eb p\u00ebr t\u00eb l\u00ebn\u00eb n\u00eb fuqi mas\u00ebn e arrestit me burg ndaj tij. N\u00eb nj\u00eb deklarat\u00eb t\u00eb publikuar n\u00eb rrjetet sociale, Meta e cil\u00ebson vendimin si nj\u00eb skenar t\u00eb p\u00ebrgatitur nga &#8220;drejt\u00ebsia me regji&#8221; dhe akuzon organet e drejt\u00ebsis\u00eb se veprojn\u00eb n\u00ebn ndikimin [&hellip;]<\/p>\n","protected":false,"gt_translate_keys":[{"key":"rendered","format":"html"}]},"author":32,"featured_media":748622,"comment_status":"closed","ping_status":"open","sticky":false,"template":"","format":"standard","meta":{"footnotes":""},"categories":[65],"tags":[],"class_list":["post-748634","post","type-post","status-publish","format-standard","has-post-thumbnail","hentry","category-lajme"],"gt_translate_keys":[{"key":"link","format":"url"}],"_links":{"self":[{"href":"https:\/\/www.hashtag.al\/index.php\/wp-json\/wp\/v2\/posts\/748634","targetHints":{"allow":["GET"]}}],"collection":[{"href":"https:\/\/www.hashtag.al\/index.php\/wp-json\/wp\/v2\/posts"}],"about":[{"href":"https:\/\/www.hashtag.al\/index.php\/wp-json\/wp\/v2\/types\/post"}],"author":[{"embeddable":true,"href":"https:\/\/www.hashtag.al\/index.php\/wp-json\/wp\/v2\/users\/32"}],"replies":[{"embeddable":true,"href":"https:\/\/www.hashtag.al\/index.php\/wp-json\/wp\/v2\/comments?post=748634"}],"version-history":[{"count":99999,"href":"https:\/\/www.hashtag.al\/index.php\/wp-json\/wp\/v2\/posts\/748634\/revisions"}],"predecessor-version":[{"id":748635,"href":"https:\/\/www.hashtag.al\/index.php\/wp-json\/wp\/v2\/posts\/748634\/revisions\/748635"}],"wp:featuredmedia":[{"embeddable":true,"href":"https:\/\/www.hashtag.al\/index.php\/wp-json\/wp\/v2\/media\/748622"}],"wp:attachment":[{"href":"https:\/\/www.hashtag.al\/index.php\/wp-json\/wp\/v2\/media?parent=748634"}],"wp:term":[{"taxonomy":"category","embeddable":true,"href":"https:\/\/www.hashtag.al\/index.php\/wp-json\/wp\/v2\/categories?post=748634"},{"taxonomy":"post_tag","embeddable":true,"href":"https:\/\/www.hashtag.al\/index.php\/wp-json\/wp\/v2\/tags?post=748634"}],"curies":[{"name":"wp","href":"https:\/\/api.w.org\/{rel}","templated":true}]}}