{"id":748604,"date":"2025-06-26T13:46:52","date_gmt":"2025-06-26T11:46:52","guid":{"rendered":"https:\/\/www.hashtag.al\/?p=748604"},"modified":"2025-06-26T13:46:52","modified_gmt":"2025-06-26T11:46:52","slug":"meta-perplaset-ashper-ne-seance-me-prokuroret-e-spak-ut","status":"publish","type":"post","link":"https:\/\/www.hashtag.al\/index.php\/2025\/06\/26\/meta-perplaset-ashper-ne-seance-me-prokuroret-e-spak-ut\/","title":{"rendered":"Meta p\u00ebrplaset ashp\u00ebr n\u00eb seanc\u00eb me prokuror\u00ebt e SPAK-ut","gt_translate_keys":[{"key":"rendered","format":"text"}]},"content":{"rendered":"<p><img loading=\"lazy\" decoding=\"async\" class=\"aligncenter size-full wp-image-706670\" src=\"https:\/\/www.hashtag.al\/wp-content\/uploads\/2024\/10\/meta-6.jpg\" alt=\"\" width=\"640\" height=\"404\" srcset=\"https:\/\/www.hashtag.al\/wp-content\/uploads\/2024\/10\/meta-6.jpg 640w, https:\/\/www.hashtag.al\/wp-content\/uploads\/2024\/10\/meta-6-300x189.jpg 300w\" sizes=\"auto, (max-width: 640px) 100vw, 640px\" \/><\/p>\n<p><span style=\"color: #000000;\">Kreu i Paris\u00eb s\u00eb Liris\u00eb Meta ka marr\u00eb pjes\u00eb n\u00eb seanc\u00ebn n\u00eb Gjykat\u00ebn e Posa\u00e7me ku ka k\u00ebrkuar ndryshim t\u00eb mas\u00ebs s\u00eb siguris\u00eb.<\/span><\/p>\n<p><span style=\"color: #000000;\">Sipas gazteares <a style=\"color: #000000;\" href=\"https:\/\/www.balkanweb.com\/kerkon-zevendesim-te-mases-arrest-me-burg-meta-i-pranishem-ne-seancen-ne-gjkko-kundershton-me-tone-te-ashpra-pretendimet-e-prokuroreve\/#gsc.tab=0\"><span style=\"color: #0000ff;\">Klodiana Lala<\/span><\/a>, ish-presidenti \u00ebsht\u00eb p\u00ebrplasur ashp\u00ebr me prokuror\u00ebt e \u00e7\u00ebshtjes duke kund\u00ebrshtuar pretendimet e tyre.<\/span><\/p>\n<p><span style=\"color: #000000;\">Meta k\u00ebrkon ndryshim t\u00eb mas\u00ebs s\u00eb siguris\u00eb nga arrest n\u00eb burg n\u00eb nj\u00eb mas\u00eb m\u00eb t\u00eb leht\u00eb.<\/span><\/p>\n<p><span style=\"color: #000000;\">Krei i Partis\u00eb s\u00eb Liris\u00eb u arrestua n\u00eb tetor 2024 pas nj\u00eb operacioni n\u00eb mes t\u00eb rrug\u00ebs nd\u00ebrsa akuzohet p\u00ebr pastrim parash e fshehje pasurie.<\/span><\/p>\n","protected":false,"gt_translate_keys":[{"key":"rendered","format":"html"}]},"excerpt":{"rendered":"<p>Kreu i Paris\u00eb s\u00eb Liris\u00eb Meta ka marr\u00eb pjes\u00eb n\u00eb seanc\u00ebn n\u00eb Gjykat\u00ebn e Posa\u00e7me ku ka k\u00ebrkuar ndryshim t\u00eb mas\u00ebs s\u00eb siguris\u00eb. Sipas gazteares Klodiana Lala, ish-presidenti \u00ebsht\u00eb p\u00ebrplasur ashp\u00ebr me prokuror\u00ebt e \u00e7\u00ebshtjes duke kund\u00ebrshtuar pretendimet e tyre. Meta k\u00ebrkon ndryshim t\u00eb mas\u00ebs s\u00eb siguris\u00eb nga arrest n\u00eb burg n\u00eb nj\u00eb mas\u00eb m\u00eb [&hellip;]<\/p>\n","protected":false,"gt_translate_keys":[{"key":"rendered","format":"html"}]},"author":51,"featured_media":706670,"comment_status":"closed","ping_status":"open","sticky":false,"template":"","format":"standard","meta":{"footnotes":""},"categories":[65],"tags":[],"class_list":["post-748604","post","type-post","status-publish","format-standard","has-post-thumbnail","hentry","category-lajme"],"gt_translate_keys":[{"key":"link","format":"url"}],"_links":{"self":[{"href":"https:\/\/www.hashtag.al\/index.php\/wp-json\/wp\/v2\/posts\/748604","targetHints":{"allow":["GET"]}}],"collection":[{"href":"https:\/\/www.hashtag.al\/index.php\/wp-json\/wp\/v2\/posts"}],"about":[{"href":"https:\/\/www.hashtag.al\/index.php\/wp-json\/wp\/v2\/types\/post"}],"author":[{"embeddable":true,"href":"https:\/\/www.hashtag.al\/index.php\/wp-json\/wp\/v2\/users\/51"}],"replies":[{"embeddable":true,"href":"https:\/\/www.hashtag.al\/index.php\/wp-json\/wp\/v2\/comments?post=748604"}],"version-history":[{"count":99999,"href":"https:\/\/www.hashtag.al\/index.php\/wp-json\/wp\/v2\/posts\/748604\/revisions"}],"predecessor-version":[{"id":748605,"href":"https:\/\/www.hashtag.al\/index.php\/wp-json\/wp\/v2\/posts\/748604\/revisions\/748605"}],"wp:featuredmedia":[{"embeddable":true,"href":"https:\/\/www.hashtag.al\/index.php\/wp-json\/wp\/v2\/media\/706670"}],"wp:attachment":[{"href":"https:\/\/www.hashtag.al\/index.php\/wp-json\/wp\/v2\/media?parent=748604"}],"wp:term":[{"taxonomy":"category","embeddable":true,"href":"https:\/\/www.hashtag.al\/index.php\/wp-json\/wp\/v2\/categories?post=748604"},{"taxonomy":"post_tag","embeddable":true,"href":"https:\/\/www.hashtag.al\/index.php\/wp-json\/wp\/v2\/tags?post=748604"}],"curies":[{"name":"wp","href":"https:\/\/api.w.org\/{rel}","templated":true}]}}