{"id":748584,"date":"2025-06-26T12:03:16","date_gmt":"2025-06-26T10:03:16","guid":{"rendered":"https:\/\/www.hashtag.al\/?p=748584"},"modified":"2025-06-26T12:16:10","modified_gmt":"2025-06-26T10:16:10","slug":"ivanka-trump-e-jared-kushner-vizitojne-vloren","status":"publish","type":"post","link":"https:\/\/www.hashtag.al\/index.php\/2025\/06\/26\/ivanka-trump-e-jared-kushner-vizitojne-vloren\/","title":{"rendered":"Ivanka Trump e Jared Kushner vizitojn\u00eb Vlor\u00ebn","gt_translate_keys":[{"key":"rendered","format":"text"}]},"content":{"rendered":"<p><img loading=\"lazy\" decoding=\"async\" class=\"aligncenter size-full wp-image-748586\" src=\"https:\/\/www.hashtag.al\/wp-content\/uploads\/2025\/06\/1750930775_ivankatrump.jpg\" alt=\"\" width=\"780\" height=\"440\" srcset=\"https:\/\/www.hashtag.al\/wp-content\/uploads\/2025\/06\/1750930775_ivankatrump.jpg 780w, https:\/\/www.hashtag.al\/wp-content\/uploads\/2025\/06\/1750930775_ivankatrump-300x169.jpg 300w, https:\/\/www.hashtag.al\/wp-content\/uploads\/2025\/06\/1750930775_ivankatrump-768x433.jpg 768w\" sizes=\"auto, (max-width: 780px) 100vw, 780px\" \/><\/p>\n<p><span style=\"color: #000000;\">Vajza e presidentit amerikan Donald Trump, Ivanka dhe bashk\u00ebshorti i saj Jared Kushner kan\u00eb mb\u00ebrritur n\u00eb Vlor\u00eb n\u00eb nj\u00eb vizit\u00eb private. <\/span><\/p>\n<p><span style=\"color: #000000;\">Vizita e tyre besohet se \u00ebsht\u00eb e lidhur me investimin q\u00eb grupi i Kushner do b\u00ebj\u00eb n\u00eb sektorin e turizmit me resortin n\u00eb ishullin Sazan, Vlor\u00eb.<\/span><\/p>\n<p><span style=\"color: #000000;\"> P\u00ebrve\u00e7 Sazanit ata kan\u00eb vizituar edhe Zv\u00ebrnecin ku gjithashtu mund t\u00eb parashikojn\u00eb nj\u00eb investim n\u00eb turiz\u00ebm.<\/span><\/p>\n","protected":false,"gt_translate_keys":[{"key":"rendered","format":"html"}]},"excerpt":{"rendered":"<p>Vajza e presidentit amerikan Donald Trump, Ivanka dhe bashk\u00ebshorti i saj Jared Kushner kan\u00eb mb\u00ebrritur n\u00eb Vlor\u00eb n\u00eb nj\u00eb vizit\u00eb private. Vizita e tyre besohet se \u00ebsht\u00eb e lidhur me investimin q\u00eb grupi i Kushner do b\u00ebj\u00eb n\u00eb sektorin e turizmit me resortin n\u00eb ishullin Sazan, Vlor\u00eb. P\u00ebrve\u00e7 Sazanit ata kan\u00eb vizituar edhe Zv\u00ebrnecin ku [&hellip;]<\/p>\n","protected":false,"gt_translate_keys":[{"key":"rendered","format":"html"}]},"author":51,"featured_media":748586,"comment_status":"closed","ping_status":"open","sticky":false,"template":"","format":"standard","meta":{"footnotes":""},"categories":[53],"tags":[],"class_list":["post-748584","post","type-post","status-publish","format-standard","has-post-thumbnail","hentry","category-fast-foodi"],"gt_translate_keys":[{"key":"link","format":"url"}],"_links":{"self":[{"href":"https:\/\/www.hashtag.al\/index.php\/wp-json\/wp\/v2\/posts\/748584","targetHints":{"allow":["GET"]}}],"collection":[{"href":"https:\/\/www.hashtag.al\/index.php\/wp-json\/wp\/v2\/posts"}],"about":[{"href":"https:\/\/www.hashtag.al\/index.php\/wp-json\/wp\/v2\/types\/post"}],"author":[{"embeddable":true,"href":"https:\/\/www.hashtag.al\/index.php\/wp-json\/wp\/v2\/users\/51"}],"replies":[{"embeddable":true,"href":"https:\/\/www.hashtag.al\/index.php\/wp-json\/wp\/v2\/comments?post=748584"}],"version-history":[{"count":99999,"href":"https:\/\/www.hashtag.al\/index.php\/wp-json\/wp\/v2\/posts\/748584\/revisions"}],"predecessor-version":[{"id":748587,"href":"https:\/\/www.hashtag.al\/index.php\/wp-json\/wp\/v2\/posts\/748584\/revisions\/748587"}],"wp:featuredmedia":[{"embeddable":true,"href":"https:\/\/www.hashtag.al\/index.php\/wp-json\/wp\/v2\/media\/748586"}],"wp:attachment":[{"href":"https:\/\/www.hashtag.al\/index.php\/wp-json\/wp\/v2\/media?parent=748584"}],"wp:term":[{"taxonomy":"category","embeddable":true,"href":"https:\/\/www.hashtag.al\/index.php\/wp-json\/wp\/v2\/categories?post=748584"},{"taxonomy":"post_tag","embeddable":true,"href":"https:\/\/www.hashtag.al\/index.php\/wp-json\/wp\/v2\/tags?post=748584"}],"curies":[{"name":"wp","href":"https:\/\/api.w.org\/{rel}","templated":true}]}}