{"id":748572,"date":"2025-06-26T11:40:25","date_gmt":"2025-06-26T09:40:25","guid":{"rendered":"https:\/\/www.hashtag.al\/?p=748572"},"modified":"2025-06-26T11:47:45","modified_gmt":"2025-06-26T09:47:45","slug":"ti-burgose-fatos-nanon-per-politike-perplasje-e-forte-berisha-koci-ne-kuvend-ty-te-nxoren-kartelet-nga-parlamenti","status":"publish","type":"post","link":"https:\/\/www.hashtag.al\/index.php\/2025\/06\/26\/ti-burgose-fatos-nanon-per-politike-perplasje-e-forte-berisha-koci-ne-kuvend-ty-te-nxoren-kartelet-nga-parlamenti\/","title":{"rendered":"&#8220;Ti burgose Fatos Nanon p\u00ebr politik\u00eb&#8221;- P\u00ebrplasja Berisha &#8211; Ko\u00e7i n\u00eb Kuvend: Ty t\u00eb nxor\u00ebn kartelet nga parlamenti","gt_translate_keys":[{"key":"rendered","format":"text"}]},"content":{"rendered":"<p><span style=\"color: #000000;\"><img loading=\"lazy\" decoding=\"async\" class=\"aligncenter size-full wp-image-748573\" src=\"https:\/\/www.hashtag.al\/wp-content\/uploads\/2025\/06\/Screenshot-2025-06-26-112714.png\" alt=\"\" width=\"663\" height=\"349\" srcset=\"https:\/\/www.hashtag.al\/wp-content\/uploads\/2025\/06\/Screenshot-2025-06-26-112714.png 663w, https:\/\/www.hashtag.al\/wp-content\/uploads\/2025\/06\/Screenshot-2025-06-26-112714-300x158.png 300w\" sizes=\"auto, (max-width: 663px) 100vw, 663px\" \/><\/span><\/p>\n<p data-start=\"94\" data-end=\"254\"><span style=\"color: #000000;\">Seanca plenare e s\u00eb enjtes n\u00eb Kuvendin e Shqip\u00ebris\u00eb u shoq\u00ebrua me nj\u00eb p\u00ebrplasje t\u00eb ashp\u00ebr mes ish-kryeministrit Sali Berisha dhe deputetit socialist Petro Ko\u00e7i.<\/span><\/p>\n<p data-start=\"256\" data-end=\"593\"><span style=\"color: #000000;\">Gjat\u00eb fjal\u00ebs s\u00eb tij, Berisha akuzoi Ko\u00e7in se ishte larguar nga politika p\u00ebr shkak t\u00eb karteleve t\u00eb drog\u00ebs.<\/span><\/p>\n<p><span style=\"color: #000000;\"><em>\u201cPetro kush t\u00eb nxori ty nga parlamenti, kartelet t\u00eb nxor\u00ebn. E di q\u00eb do t\u00eb thuash jo, por ata t\u00eb nxor\u00ebn se po t\u00eb kishe qen\u00eb i tyre nuk dilje ti. Ti do thuash at\u00eb q\u00eb t\u00eb kan\u00eb programuar, fol, nuk fol nj\u00eblloj flet.\u201d, u shpreh ai.<\/em><\/span><\/p>\n<p><span style=\"color: #000000;\">M\u00eb pas, Berisha vijoi me akuzat e nj\u00ebjta p\u00ebr vjedhje zgjedhjesh. <em>\u201cK\u00ebt\u00eb ver\u00eb nuk festuat dot fitoren me fars\u00eb sepse n\u00eb Bruksel, Strasburg dhe forumet nd\u00ebrkomb\u00ebtare u damkos\u00ebt si nj\u00eb grup i shkrir\u00eb n\u00eb nj\u00eb me kartelet e drog\u00ebs.\u201d<\/em>, u shpreh Berisha.<\/span><\/p>\n<p data-start=\"595\" data-end=\"938\"><span style=\"color: #000000;\">P\u00ebrgjigja e Petro Ko\u00e7it ishte po aq e fort\u00eb. Deputeti socialist e akuzoi Berish\u00ebn si njeriun e fundit q\u00eb mund t\u00eb flas\u00eb p\u00ebr zgjedhje t\u00eb lira n\u00eb Shqip\u00ebri, duke i kujtuar ngjarjet e vitit 1996. \u201cJe kampion i vjedhjes s\u00eb votave dhe grushtit t\u00eb shtetit. Ke rrahur komisioner\u00ebt e PS-s\u00eb dhe ke burgosur Fatos Nanon p\u00ebr arsye politike,\u201d deklaroi Ko\u00e7i.<\/span><\/p>\n<p data-start=\"940\" data-end=\"1197\"><span style=\"color: #000000;\">Ai e akuzoi gjithashtu Berish\u00ebn p\u00ebr diskreditim t\u00eb vendit n\u00eb aren\u00ebn nd\u00ebrkomb\u00ebtare duke e krahasuar me presidentin e Venezuel\u00ebs, Nicol\u00e1s Maduro: \u201cTi je n\u00eb t\u00eb nj\u00ebjt\u00ebn val\u00eb me Maduron, duke e paraqitur Shqip\u00ebrin\u00eb si vend t\u00eb karteleve dhe mafies. Turp t\u00eb kesh!\u201d<\/span><\/p>\n<p><span style=\"color: #000000;\"><em>&#8220;Sali, ti je i fundit n\u00eb Republik\u00ebn e Shqip\u00ebris\u00eb q\u00eb mund t\u00eb flas\u00ebsh p\u00ebr zgjedhje t\u00eb lira. Je kampion i vjedhjeve dhe grushtit t\u00eb shtetit t\u00eb 1996. <\/em><\/span><\/p>\n<p><span style=\"color: #000000;\"><em>A e mban mend ca i ke b\u00ebr\u00eb kryetarit t\u00eb PS n\u00eb Librazhd dhe kryetarit t\u00eb PS n\u00eb Bulqiz\u00eb, i masakruat, nj\u00eb rrahje barbare me bandat e tyre elektorale. E mbani mend ca i keni b\u00ebr\u00eb komisionerit t\u00eb fierit, i keni rrahur dhe nxjerr\u00eb nga qendrat e votimit. <\/em><\/span><\/p>\n<p><span style=\"color: #000000;\"><em>Ke b\u00ebr\u00eb t\u00eb nj\u00ebjt\u00ebn gj\u00eb edhe m\u00eb 20 tetor t\u00eb atij viti n\u00eb prezenc\u00eb t\u00eb deputet\u00ebve q\u00eb vinin nga Italia. N\u00eb sy t\u00eb tyre, banda juaj q\u00eblloi komsionerin e PS, Viktor Binaj, nj\u00eb trim mbi trimat.<\/em><\/span><\/p>\n<p><span style=\"color: #000000;\"><em> E q\u00eblluat n\u00eb sy t\u00eb tyre, u ndalua votimi sepse nd\u00ebrhyri ambasadori italian. Ti burgose Fatos Nanon p\u00ebr politik\u00eb, dakord dhe mos fol m\u00eb p\u00ebr zgjedhje. <\/em><\/span><\/p>\n<p><span style=\"color: #000000;\"><em>Je n\u00eb t\u00eb nj\u00ebjt\u00ebn val\u00eb me Maduron. Duke akuzuar shqiptar\u00ebt si mafie nd\u00ebrkomb\u00ebtare e karteleve dhe bandave t\u00eb drog\u00ebs, turp t\u00eb kesh&#8221;,<\/em> tha Petro Ko\u00e7i.<\/span><\/p>\n","protected":false,"gt_translate_keys":[{"key":"rendered","format":"html"}]},"excerpt":{"rendered":"<p>Seanca plenare e s\u00eb enjtes n\u00eb Kuvendin e Shqip\u00ebris\u00eb u shoq\u00ebrua me nj\u00eb p\u00ebrplasje t\u00eb ashp\u00ebr mes ish-kryeministrit Sali Berisha dhe deputetit socialist Petro Ko\u00e7i. Gjat\u00eb fjal\u00ebs s\u00eb tij, Berisha akuzoi Ko\u00e7in se ishte larguar nga politika p\u00ebr shkak t\u00eb karteleve t\u00eb drog\u00ebs. \u201cPetro kush t\u00eb nxori ty nga parlamenti, kartelet t\u00eb nxor\u00ebn. E di [&hellip;]<\/p>\n","protected":false,"gt_translate_keys":[{"key":"rendered","format":"html"}]},"author":49,"featured_media":748573,"comment_status":"closed","ping_status":"open","sticky":false,"template":"","format":"standard","meta":{"footnotes":""},"categories":[65],"tags":[],"class_list":["post-748572","post","type-post","status-publish","format-standard","has-post-thumbnail","hentry","category-lajme"],"gt_translate_keys":[{"key":"link","format":"url"}],"_links":{"self":[{"href":"https:\/\/www.hashtag.al\/index.php\/wp-json\/wp\/v2\/posts\/748572","targetHints":{"allow":["GET"]}}],"collection":[{"href":"https:\/\/www.hashtag.al\/index.php\/wp-json\/wp\/v2\/posts"}],"about":[{"href":"https:\/\/www.hashtag.al\/index.php\/wp-json\/wp\/v2\/types\/post"}],"author":[{"embeddable":true,"href":"https:\/\/www.hashtag.al\/index.php\/wp-json\/wp\/v2\/users\/49"}],"replies":[{"embeddable":true,"href":"https:\/\/www.hashtag.al\/index.php\/wp-json\/wp\/v2\/comments?post=748572"}],"version-history":[{"count":99999,"href":"https:\/\/www.hashtag.al\/index.php\/wp-json\/wp\/v2\/posts\/748572\/revisions"}],"predecessor-version":[{"id":748580,"href":"https:\/\/www.hashtag.al\/index.php\/wp-json\/wp\/v2\/posts\/748572\/revisions\/748580"}],"wp:featuredmedia":[{"embeddable":true,"href":"https:\/\/www.hashtag.al\/index.php\/wp-json\/wp\/v2\/media\/748573"}],"wp:attachment":[{"href":"https:\/\/www.hashtag.al\/index.php\/wp-json\/wp\/v2\/media?parent=748572"}],"wp:term":[{"taxonomy":"category","embeddable":true,"href":"https:\/\/www.hashtag.al\/index.php\/wp-json\/wp\/v2\/categories?post=748572"},{"taxonomy":"post_tag","embeddable":true,"href":"https:\/\/www.hashtag.al\/index.php\/wp-json\/wp\/v2\/tags?post=748572"}],"curies":[{"name":"wp","href":"https:\/\/api.w.org\/{rel}","templated":true}]}}