{"id":748521,"date":"2025-06-25T22:04:01","date_gmt":"2025-06-25T20:04:01","guid":{"rendered":"https:\/\/www.hashtag.al\/?p=748521"},"modified":"2025-06-25T22:04:01","modified_gmt":"2025-06-25T20:04:01","slug":"shba-ja-e-evropa-bien-dakord-per-objektivin-5-te-shpenzimeve-per-mbrojtjen","status":"publish","type":"post","link":"https:\/\/www.hashtag.al\/index.php\/2025\/06\/25\/shba-ja-e-evropa-bien-dakord-per-objektivin-5-te-shpenzimeve-per-mbrojtjen\/","title":{"rendered":"SHBA-ja e Evropa bien dakord p\u00ebr objektivin 5% t\u00eb shpenzimeve p\u00ebr mbrojtjen","gt_translate_keys":[{"key":"rendered","format":"text"}]},"content":{"rendered":"<p><img loading=\"lazy\" decoding=\"async\" class=\"aligncenter size-full wp-image-748526\" src=\"https:\/\/www.hashtag.al\/wp-content\/uploads\/2025\/06\/250625-rutte-and-trump-rs-d65830-ezgif.com-webp-to-jpg-converter.jpg\" alt=\"\" width=\"1500\" height=\"1000\" srcset=\"https:\/\/www.hashtag.al\/wp-content\/uploads\/2025\/06\/250625-rutte-and-trump-rs-d65830-ezgif.com-webp-to-jpg-converter.jpg 1500w, https:\/\/www.hashtag.al\/wp-content\/uploads\/2025\/06\/250625-rutte-and-trump-rs-d65830-ezgif.com-webp-to-jpg-converter-300x200.jpg 300w, https:\/\/www.hashtag.al\/wp-content\/uploads\/2025\/06\/250625-rutte-and-trump-rs-d65830-ezgif.com-webp-to-jpg-converter-1024x683.jpg 1024w, https:\/\/www.hashtag.al\/wp-content\/uploads\/2025\/06\/250625-rutte-and-trump-rs-d65830-ezgif.com-webp-to-jpg-converter-768x512.jpg 768w\" sizes=\"auto, (max-width: 1500px) 100vw, 1500px\" \/><\/p>\n<p><span style=\"color: #000000;\">32 an\u00ebtar\u00ebt e NATO-s jan\u00eb zotuar t\u00eb p\u00ebrmbushin k\u00ebrkes\u00ebn e presidentit amerikan Donald Trump p\u00ebr t\u00eb rritur shpenzimet e mbrojtjes n\u00eb 5 p\u00ebrqind t\u00eb PBB-s\u00eb p\u00ebr t\u00eb siguruar mbrojtjen amerikane nga SHBA-ja, duke premtuar &#8220;plane vjetore q\u00eb tregojn\u00eb nj\u00eb rrug\u00eb t\u00eb besueshme dhe t\u00eb \u00ebprshkall\u00ebzuar&#8221; drejt q\u00ebllimit.<\/span><\/p>\n<p><span style=\"color: #000000;\">N\u00eb nj\u00eb deklarat\u00eb t\u00eb p\u00ebrbashk\u00ebt t\u00eb l\u00ebshuar gjat\u00eb nj\u00eb samiti t\u00eb aleanc\u00ebs n\u00eb Hag\u00eb t\u00eb m\u00ebrkur\u00ebn, aleat\u00ebt than\u00eb gjithashtu se &#8220;riafirmojn\u00eb angazhimin ton\u00eb t\u00eb pal\u00ebkundur p\u00ebr mbrojtjen e p\u00ebrbashk\u00ebt&#8221;.<\/span><\/p>\n<p><span style=\"color: #000000;\">Trump i quajti arritjet e samitit &#8220;t\u00eb jasht\u00ebzakonshme&#8221;, duke shtuar se fokusi kishte qen\u00eb &#8220;nevoja q\u00eb an\u00ebtar\u00ebt e tjer\u00eb t\u00eb NATO-s t\u00eb merrnin barr\u00ebn e mbrojtjes s\u00eb Evrop\u00ebs&#8221;.<\/span><\/p>\n<p><span style=\"color: #000000;\"><em>&#8220;Ishte 2 p\u00ebrqind e PBB-s\u00eb dhe ne e kemi rritur at\u00eb n\u00eb 5 p\u00ebrqind&#8221;<\/em>, tha ai.<\/span><\/p>\n<p><span style=\"color: #000000;\">Nj\u00eb rishikim i objektivit t\u00eb shpenzimeve do zhvillohet n\u00eb vitin 2029, tha komunikata.<\/span><\/p>\n<p><span style=\"color: #000000;\">Zyrtar\u00ebt i than\u00eb <span style=\"color: #0000ff;\"><a style=\"color: #0000ff;\" href=\"https:\/\/www.ft.com\/content\/37b1b233-21b5-4c6a-8dc1-f333f8d76001\">FT<\/a> <\/span>se teksti i r\u00ebn\u00eb dakord nga udh\u00ebheq\u00ebsit u mbajt n\u00eb vet\u00ebm pes\u00eb paragraf\u00eb, n\u00eb p\u00ebrputhje me strategjin\u00eb e Sekretarit t\u00eb P\u00ebrgjithsh\u00ebm t\u00eb NATO-s, Mark Rutte, p\u00ebr ta mbajtur takimin t\u00eb shkurt\u00ebr, t\u00eb p\u00ebrqendruar dhe sa m\u00eb t\u00eb thjesht\u00eb q\u00eb t\u00eb ishte e mundur p\u00ebr t\u00eb shmangur humbjen e v\u00ebmendjes s\u00eb Trump.<\/span><\/p>\n<p><span style=\"color: #000000;\"><em>&#8220;Aleat\u00ebt zotohen t\u00eb investojn\u00eb 5% t\u00eb PBB-s\u00eb \u00e7do vit n\u00eb k\u00ebrkesat thelb\u00ebsore t\u00eb mbrojtjes, si dhe n\u00eb shpenzimet q\u00eb lidhen me mbrojtjen dhe sigurin\u00eb deri n\u00eb vitin 2035 p\u00ebr t\u00eb siguruar detyrimet tona individuale dhe kolektive&#8221;<\/em>, tha deklarata.<\/span><\/p>\n<p><span style=\"color: #000000;\">Teksti kishte p\u00ebr q\u00ebllim t\u00eb leht\u00ebsonte acarimin e Trumpit, i cili kishte qen\u00eb prej koh\u00ebsh i lidhur me at\u00eb q\u00eb ai e ka quajtur mb\u00ebshtetje t\u00eb tepruar nga aleat\u00ebt evropian\u00eb n\u00eb shpenzimet e mbrojtjes s\u00eb SHBA-s\u00eb.<\/span><\/p>\n<p><span style=\"color: #000000;\">N\u00eb p\u00ebrgjigje t\u00eb pohimit t\u00eb Trump-it jav\u00ebn e kaluar se premtimi i ri prej 5% p\u00ebr shpenzimet e mbrojtjes nuk do zbatohej p\u00ebr Uashingtonin, Rutte tha se SHBA-t\u00eb jan\u00eb &#8220;pak a shum\u00eb atje&#8221; tashm\u00eb.<\/span><\/p>\n<p><span style=\"color: #000000;\">Kur u pyet gjat\u00eb samitit p\u00ebr t\u00eb sqaruar q\u00ebndrimin e tij mbi Nenin 5, paktin e mbrojtjes s\u00eb nd\u00ebrsjell\u00eb t\u00eb NATO-s, Trump tha: <em>&#8220;Kjo \u00ebsht\u00eb arsyeja pse jam k\u00ebtu&#8221;<\/em>, duke shtuar se n\u00ebse nuk do mb\u00ebshteste aleanc\u00ebn, <em>&#8220;nuk do isha k\u00ebtu&#8221;.<\/em><\/span><\/p>\n<p><span style=\"color: #000000;\">Deklarata p\u00ebrmbante vet\u00ebm nj\u00eb referenc\u00eb p\u00ebr Rusin\u00eb, duke p\u00ebrmendur &#8220;k\u00ebrc\u00ebnimin afatgjat\u00eb q\u00eb paraqet Rusia p\u00ebr sigurin\u00eb euroatlantike&#8221; dhe nj\u00eb fjali q\u00eb i referohej &#8220;zotimeve t\u00eb q\u00ebndrueshme sovrane p\u00ebr t\u00eb ofruar mb\u00ebshtetje p\u00ebr Ukrain\u00ebn&#8221;.<\/span><\/p>\n<p><span style=\"color: #000000;\">Komunikata p\u00ebrmbante formulimin &#8220;aleat\u00ebt pajtohen&#8221; me premtimin e shpenzimeve, n\u00eb vend t\u00eb &#8220;ne pajtohemi&#8221; q\u00eb ishte n\u00eb draftet e m\u00ebparshme, t\u00eb cilit iu vu veto nga Spanja.<\/span><\/p>\n<p><span style=\"color: #000000;\">Madridi kishte argumentuar se mund t\u00eb ofronte aft\u00ebsit\u00eb e k\u00ebrkuara ushtarake t\u00eb k\u00ebrkuara nga NATO duke shpenzuar m\u00eb pak se 5 p\u00ebrqind t\u00eb PBB-s\u00eb.<\/span><\/p>\n","protected":false,"gt_translate_keys":[{"key":"rendered","format":"html"}]},"excerpt":{"rendered":"<p>32 an\u00ebtar\u00ebt e NATO-s jan\u00eb zotuar t\u00eb p\u00ebrmbushin k\u00ebrkes\u00ebn e presidentit amerikan Donald Trump p\u00ebr t\u00eb rritur shpenzimet e mbrojtjes n\u00eb 5 p\u00ebrqind t\u00eb PBB-s\u00eb p\u00ebr t\u00eb siguruar mbrojtjen amerikane nga SHBA-ja, duke premtuar &#8220;plane vjetore q\u00eb tregojn\u00eb nj\u00eb rrug\u00eb t\u00eb besueshme dhe t\u00eb \u00ebprshkall\u00ebzuar&#8221; drejt q\u00ebllimit. N\u00eb nj\u00eb deklarat\u00eb t\u00eb p\u00ebrbashk\u00ebt t\u00eb l\u00ebshuar gjat\u00eb [&hellip;]<\/p>\n","protected":false,"gt_translate_keys":[{"key":"rendered","format":"html"}]},"author":51,"featured_media":748526,"comment_status":"closed","ping_status":"open","sticky":false,"template":"","format":"standard","meta":{"footnotes":""},"categories":[53],"tags":[],"class_list":["post-748521","post","type-post","status-publish","format-standard","has-post-thumbnail","hentry","category-fast-foodi"],"gt_translate_keys":[{"key":"link","format":"url"}],"_links":{"self":[{"href":"https:\/\/www.hashtag.al\/index.php\/wp-json\/wp\/v2\/posts\/748521","targetHints":{"allow":["GET"]}}],"collection":[{"href":"https:\/\/www.hashtag.al\/index.php\/wp-json\/wp\/v2\/posts"}],"about":[{"href":"https:\/\/www.hashtag.al\/index.php\/wp-json\/wp\/v2\/types\/post"}],"author":[{"embeddable":true,"href":"https:\/\/www.hashtag.al\/index.php\/wp-json\/wp\/v2\/users\/51"}],"replies":[{"embeddable":true,"href":"https:\/\/www.hashtag.al\/index.php\/wp-json\/wp\/v2\/comments?post=748521"}],"version-history":[{"count":99999,"href":"https:\/\/www.hashtag.al\/index.php\/wp-json\/wp\/v2\/posts\/748521\/revisions"}],"predecessor-version":[{"id":748527,"href":"https:\/\/www.hashtag.al\/index.php\/wp-json\/wp\/v2\/posts\/748521\/revisions\/748527"}],"wp:featuredmedia":[{"embeddable":true,"href":"https:\/\/www.hashtag.al\/index.php\/wp-json\/wp\/v2\/media\/748526"}],"wp:attachment":[{"href":"https:\/\/www.hashtag.al\/index.php\/wp-json\/wp\/v2\/media?parent=748521"}],"wp:term":[{"taxonomy":"category","embeddable":true,"href":"https:\/\/www.hashtag.al\/index.php\/wp-json\/wp\/v2\/categories?post=748521"},{"taxonomy":"post_tag","embeddable":true,"href":"https:\/\/www.hashtag.al\/index.php\/wp-json\/wp\/v2\/tags?post=748521"}],"curies":[{"name":"wp","href":"https:\/\/api.w.org\/{rel}","templated":true}]}}