{"id":748455,"date":"2025-06-25T15:07:39","date_gmt":"2025-06-25T13:07:39","guid":{"rendered":"https:\/\/www.hashtag.al\/?p=748455"},"modified":"2025-06-25T15:07:39","modified_gmt":"2025-06-25T13:07:39","slug":"anetaret-e-nato-s-konfirmojne-rritjen-e-shpenzimeve-per-mbrojtje-dhe-siguri-ne-5-te-pbb-se-deri-ne-vitin-2035","status":"publish","type":"post","link":"https:\/\/www.hashtag.al\/index.php\/2025\/06\/25\/anetaret-e-nato-s-konfirmojne-rritjen-e-shpenzimeve-per-mbrojtje-dhe-siguri-ne-5-te-pbb-se-deri-ne-vitin-2035\/","title":{"rendered":"An\u00ebtar\u00ebt e NATO-s konfirmojn\u00eb rritjen e shpenzimeve p\u00ebr mbrojtje dhe siguri n\u00eb 5% t\u00eb PBB-s\u00eb deri n\u00eb vitin 2035","gt_translate_keys":[{"key":"rendered","format":"text"}]},"content":{"rendered":"<p><span style=\"color: #000000;\"><img loading=\"lazy\" decoding=\"async\" class=\"alignnone size-medium wp-image-748456\" src=\"https:\/\/www.hashtag.al\/wp-content\/uploads\/2025\/06\/Screenshot-2025-06-25-150005-300x200.png\" alt=\"\" width=\"300\" height=\"200\" srcset=\"https:\/\/www.hashtag.al\/wp-content\/uploads\/2025\/06\/Screenshot-2025-06-25-150005-300x200.png 300w, https:\/\/www.hashtag.al\/wp-content\/uploads\/2025\/06\/Screenshot-2025-06-25-150005.png 506w\" sizes=\"auto, (max-width: 300px) 100vw, 300px\" \/><\/span><\/p>\n<p><span style=\"color: #000000;\">An\u00ebtar\u00ebt e NATO-s kan\u00eb r\u00ebn\u00eb dakord q\u00eb deri n\u00eb vitin 2035 t\u00eb rrisin shpenzimet p\u00ebr mbrojtje dhe siguri n\u00eb 5% t\u00eb Prodhimit t\u00eb Brendsh\u00ebm Bruto (PBB), duke e p\u00ebrfshir\u00eb k\u00ebt\u00eb objektiv n\u00eb nj\u00eb deklarat\u00eb zyrtare t\u00eb quajtur \u201cDeklarata e Hag\u00ebs\u201d.<\/span><\/p>\n<p><span style=\"color: #000000;\">Aktualisht, objektivi p\u00ebr shpenzimet baz\u00eb t\u00eb mbrojtjes \u00ebsht\u00eb 2% e PBB-s\u00eb, nj\u00eb prag q\u00eb disa vende an\u00ebtare ende nuk e kan\u00eb arritur n\u00eb vitin 2024.<\/span><\/p>\n<p><span style=\"color: #000000;\">N\u00eb deklarat\u00eb, aleat\u00ebt theksojn\u00eb: <em>\u201cRiafirmojm\u00eb angazhimin ton\u00eb t\u00eb hekurt ndaj mbrojtjes kolektive, si\u00e7 \u00ebsht\u00eb p\u00ebrcaktuar n\u00eb nenin 5 t\u00eb Traktatit t\u00eb Uashingtonit \u2013 q\u00eb nj\u00eb sulm ndaj nj\u00ebrit \u00ebsht\u00eb sulm ndaj t\u00eb gjith\u00ebve.\u201d<\/em><\/span><\/p>\n<p><span style=\"color: #000000;\">Kjo deklarat\u00eb vjen pasi presidenti amerikan Donald Trump hodhi hije dyshimi mbi konceptin e mbrojtjes kolektive, duke th\u00ebn\u00eb gjat\u00eb rrug\u00ebs p\u00ebr n\u00eb samitin e Hag\u00ebs: <em>\u201cKa shum\u00eb p\u00ebrkufizime t\u00eb nenit 5, e dini k\u00ebt\u00eb apo jo?\u201d<\/em><\/span><\/p>\n<p><span style=\"color: #000000;\">Sipas <span style=\"color: #0000ff;\"><a style=\"color: #0000ff;\" href=\"https:\/\/www.bbc.com\/news\/live\/cm2ld0e0rzkt\">BBC<\/a><\/span> objektivi i ri 5% p\u00ebrfshin jo vet\u00ebm shpenzimet p\u00ebr ushtrin\u00eb tradicionale, por edhe investime n\u00eb siguri m\u00eb t\u00eb gjer\u00eb, p\u00ebrfshir\u00eb teknologji, mbrojtje kibernetike, infrastruktur\u00eb kritike dhe kapacitete t\u00eb reja p\u00ebrball\u00eb k\u00ebrc\u00ebnimeve hibride.<\/span><\/p>\n<p><span style=\"color: #000000;\">Ky vendim sh\u00ebnon nj\u00eb nga ndryshimet m\u00eb t\u00eb m\u00ebdha t\u00eb strategjis\u00eb financiare t\u00eb NATO-s n\u00eb dekada dhe vjen n\u00eb nj\u00eb koh\u00eb tensionesh t\u00eb shtuara globale dhe shqet\u00ebsimesh n\u00eb rritje p\u00ebr besueshm\u00ebrin\u00eb e mbrojtjes kolektive mes vendeve aleate.<\/span><\/p>\n","protected":false,"gt_translate_keys":[{"key":"rendered","format":"html"}]},"excerpt":{"rendered":"<p>An\u00ebtar\u00ebt e NATO-s kan\u00eb r\u00ebn\u00eb dakord q\u00eb deri n\u00eb vitin 2035 t\u00eb rrisin shpenzimet p\u00ebr mbrojtje dhe siguri n\u00eb 5% t\u00eb Prodhimit t\u00eb Brendsh\u00ebm Bruto (PBB), duke e p\u00ebrfshir\u00eb k\u00ebt\u00eb objektiv n\u00eb nj\u00eb deklarat\u00eb zyrtare t\u00eb quajtur \u201cDeklarata e Hag\u00ebs\u201d. Aktualisht, objektivi p\u00ebr shpenzimet baz\u00eb t\u00eb mbrojtjes \u00ebsht\u00eb 2% e PBB-s\u00eb, nj\u00eb prag q\u00eb disa [&hellip;]<\/p>\n","protected":false,"gt_translate_keys":[{"key":"rendered","format":"html"}]},"author":32,"featured_media":748456,"comment_status":"closed","ping_status":"open","sticky":false,"template":"","format":"standard","meta":{"footnotes":""},"categories":[6],"tags":[],"class_list":["post-748455","post","type-post","status-publish","format-standard","has-post-thumbnail","hentry","category-nderkombetare"],"gt_translate_keys":[{"key":"link","format":"url"}],"_links":{"self":[{"href":"https:\/\/www.hashtag.al\/index.php\/wp-json\/wp\/v2\/posts\/748455","targetHints":{"allow":["GET"]}}],"collection":[{"href":"https:\/\/www.hashtag.al\/index.php\/wp-json\/wp\/v2\/posts"}],"about":[{"href":"https:\/\/www.hashtag.al\/index.php\/wp-json\/wp\/v2\/types\/post"}],"author":[{"embeddable":true,"href":"https:\/\/www.hashtag.al\/index.php\/wp-json\/wp\/v2\/users\/32"}],"replies":[{"embeddable":true,"href":"https:\/\/www.hashtag.al\/index.php\/wp-json\/wp\/v2\/comments?post=748455"}],"version-history":[{"count":99999,"href":"https:\/\/www.hashtag.al\/index.php\/wp-json\/wp\/v2\/posts\/748455\/revisions"}],"predecessor-version":[{"id":748457,"href":"https:\/\/www.hashtag.al\/index.php\/wp-json\/wp\/v2\/posts\/748455\/revisions\/748457"}],"wp:featuredmedia":[{"embeddable":true,"href":"https:\/\/www.hashtag.al\/index.php\/wp-json\/wp\/v2\/media\/748456"}],"wp:attachment":[{"href":"https:\/\/www.hashtag.al\/index.php\/wp-json\/wp\/v2\/media?parent=748455"}],"wp:term":[{"taxonomy":"category","embeddable":true,"href":"https:\/\/www.hashtag.al\/index.php\/wp-json\/wp\/v2\/categories?post=748455"},{"taxonomy":"post_tag","embeddable":true,"href":"https:\/\/www.hashtag.al\/index.php\/wp-json\/wp\/v2\/tags?post=748455"}],"curies":[{"name":"wp","href":"https:\/\/api.w.org\/{rel}","templated":true}]}}