{"id":748314,"date":"2025-06-24T18:32:00","date_gmt":"2025-06-24T16:32:00","guid":{"rendered":"https:\/\/www.hashtag.al\/?p=748314"},"modified":"2025-06-24T18:32:00","modified_gmt":"2025-06-24T16:32:00","slug":"situata-me-zjarret-ministria-e-mbrojtjes-jane-raportuar-7-vatra-zjarri-2-ende-aktive","status":"publish","type":"post","link":"https:\/\/www.hashtag.al\/index.php\/2025\/06\/24\/situata-me-zjarret-ministria-e-mbrojtjes-jane-raportuar-7-vatra-zjarri-2-ende-aktive\/","title":{"rendered":"Situata me zjarret\/ Ministria e Mbrojtjes: Jan\u00eb raportuar 7 vatra zjarri, 2 ende aktive","gt_translate_keys":[{"key":"rendered","format":"text"}]},"content":{"rendered":"<p><span style=\"color: #000000;\"><img loading=\"lazy\" decoding=\"async\" class=\"alignnone size-medium wp-image-467211\" src=\"https:\/\/www.hashtag.al\/wp-content\/uploads\/2021\/08\/zjarre-300x159.jpg\" alt=\"\" width=\"300\" height=\"159\" srcset=\"https:\/\/www.hashtag.al\/wp-content\/uploads\/2021\/08\/zjarre-300x159.jpg 300w, https:\/\/www.hashtag.al\/wp-content\/uploads\/2021\/08\/zjarre-768x407.jpg 768w, https:\/\/www.hashtag.al\/wp-content\/uploads\/2021\/08\/zjarre-1024x542.jpg 1024w, https:\/\/www.hashtag.al\/wp-content\/uploads\/2021\/08\/zjarre.jpg 1280w\" sizes=\"auto, (max-width: 300px) 100vw, 300px\" \/><\/span><\/p>\n<p><span style=\"color: #000000;\">Sipas t\u00eb dh\u00ebnave nga Qendra Komb\u00ebtare Operacionale e Emergjencave Civile n\u00eb AKMC, gjat\u00eb or\u00ebve t\u00eb fundit jan\u00eb raportuar 7 vatra zjarri.<\/span><\/p>\n<p><span style=\"color: #000000;\">Nga k\u00ebto jan\u00eb shuar 5 vatra zjarri dhe jan\u00eb aktive 2 vatra zjarri.<\/span><\/p>\n<p><span style=\"color: #000000;\">Pas nj\u00eb pune t\u00eb pand\u00ebrprer\u00eb t\u00eb forcave operacionale n\u00eb terren u b\u00eb i mundur izolimi i plot\u00eb dhe shuarja e vatrave n\u00eb:<\/span><\/p>\n<p>&nbsp;<\/p>\n<p><span style=\"color: #000000;\">1.N\u00eb fshatin Nd\u00ebrfan, nj\u00ebsia administrative Rr\u00ebshen, bashkia Mirdit\u00eb.<\/span><\/p>\n<p><span style=\"color: #000000;\">2.N\u00eb zon\u00ebn e Astirit, nj\u00ebsia administrative 14, bashkia Tiran\u00eb.<\/span><\/p>\n<p><span style=\"color: #000000;\">3.N\u00eb lagjen \u201cIsh-Fidanishtja\u201d, nj\u00ebsia administrative Rajoni 5, bashkia Vlor\u00eb.<\/span><\/p>\n<p><span style=\"color: #000000;\">4.N\u00eb fshatin Amonic\u00eb, nj\u00ebsia administrative Sevaster, bashkia Selenic\u00eb.<\/span><\/p>\n<p><span style=\"color: #000000;\">5.N\u00eb fshatin Shijon, nj\u00ebsia administrative Bradashesh, bashkia Elbasan.<\/span><\/p>\n<p>&nbsp;<\/p>\n<p><span style=\"color: #000000;\">Aktualisht, jan\u00eb aktive vatrat n\u00eb:<\/span><\/p>\n<p>&nbsp;<\/p>\n<p><span style=\"color: #000000;\">1.Qarku Vlor\u00eb<\/span><\/p>\n<p><span style=\"color: #000000;\">N\u00eb bashkin\u00eb Himar\u00eb, jan\u00eb fikur vatrat n\u00eb Porto Palermo dhe n\u00eb Zon\u00ebn Qaf\u00eb Ler\u00eb \u2013 Llaman, nd\u00ebrsa vatra n\u00eb vendin e quajtur Vumlo n\u00eb af\u00ebrsi t\u00eb fshatit Kudh\u00ebs u izolua fillimisht, por p\u00ebr shkak t\u00eb intensitetit t\u00eb er\u00ebs dhe nxeht\u00ebsis\u00eb, zjarri \u00ebsht\u00eb p\u00ebrhapur n\u00eb nj\u00eb sip\u00ebrfaqe ku \u00ebsht\u00eb e v\u00ebshtir\u00eb nd\u00ebrhyrja p\u00ebr shkak t\u00eb terrenit t\u00eb v\u00ebshtir\u00eb. Po punohet me mjete rrethanore dhe pompa shpine nga forca t\u00eb MZSH, Sh\u00ebrbimi Pyjor dhe nd\u00ebrmarrjes s\u00eb sh\u00ebrbimeve t\u00eb bashkis\u00eb. Nuk ka rrezik p\u00ebr zonat e banuara.<\/span><\/p>\n<p>&nbsp;<\/p>\n<p><span style=\"color: #000000;\">2.Qarku Kuk\u00ebs.<\/span><\/p>\n<p><span style=\"color: #000000;\">N\u00eb fshatin Kolsh, nj\u00ebsia administrative Mam\u00ebz, bashkia Kuk\u00ebs, po punohet p\u00ebr fikjen e zjarrit t\u00eb r\u00ebn\u00eb n\u00eb vendgrumbullimin e mbetjeve urbane, me 2 automjete zjarrfik\u00ebse me 10 efektiv\u00eb, 1 fadrom\u00eb, 1 ekskavator, 4 kamion\u00eb nga Drejtoria e Sh\u00ebrbimeve t\u00eb Bashkis\u00eb.<\/span><\/p>\n","protected":false,"gt_translate_keys":[{"key":"rendered","format":"html"}]},"excerpt":{"rendered":"<p>Sipas t\u00eb dh\u00ebnave nga Qendra Komb\u00ebtare Operacionale e Emergjencave Civile n\u00eb AKMC, gjat\u00eb or\u00ebve t\u00eb fundit jan\u00eb raportuar 7 vatra zjarri. Nga k\u00ebto jan\u00eb shuar 5 vatra zjarri dhe jan\u00eb aktive 2 vatra zjarri. Pas nj\u00eb pune t\u00eb pand\u00ebrprer\u00eb t\u00eb forcave operacionale n\u00eb terren u b\u00eb i mundur izolimi i plot\u00eb dhe shuarja e vatrave [&hellip;]<\/p>\n","protected":false,"gt_translate_keys":[{"key":"rendered","format":"html"}]},"author":32,"featured_media":467211,"comment_status":"closed","ping_status":"open","sticky":false,"template":"","format":"standard","meta":{"footnotes":""},"categories":[65],"tags":[],"class_list":["post-748314","post","type-post","status-publish","format-standard","has-post-thumbnail","hentry","category-lajme"],"gt_translate_keys":[{"key":"link","format":"url"}],"_links":{"self":[{"href":"https:\/\/www.hashtag.al\/index.php\/wp-json\/wp\/v2\/posts\/748314","targetHints":{"allow":["GET"]}}],"collection":[{"href":"https:\/\/www.hashtag.al\/index.php\/wp-json\/wp\/v2\/posts"}],"about":[{"href":"https:\/\/www.hashtag.al\/index.php\/wp-json\/wp\/v2\/types\/post"}],"author":[{"embeddable":true,"href":"https:\/\/www.hashtag.al\/index.php\/wp-json\/wp\/v2\/users\/32"}],"replies":[{"embeddable":true,"href":"https:\/\/www.hashtag.al\/index.php\/wp-json\/wp\/v2\/comments?post=748314"}],"version-history":[{"count":99999,"href":"https:\/\/www.hashtag.al\/index.php\/wp-json\/wp\/v2\/posts\/748314\/revisions"}],"predecessor-version":[{"id":748317,"href":"https:\/\/www.hashtag.al\/index.php\/wp-json\/wp\/v2\/posts\/748314\/revisions\/748317"}],"wp:featuredmedia":[{"embeddable":true,"href":"https:\/\/www.hashtag.al\/index.php\/wp-json\/wp\/v2\/media\/467211"}],"wp:attachment":[{"href":"https:\/\/www.hashtag.al\/index.php\/wp-json\/wp\/v2\/media?parent=748314"}],"wp:term":[{"taxonomy":"category","embeddable":true,"href":"https:\/\/www.hashtag.al\/index.php\/wp-json\/wp\/v2\/categories?post=748314"},{"taxonomy":"post_tag","embeddable":true,"href":"https:\/\/www.hashtag.al\/index.php\/wp-json\/wp\/v2\/tags?post=748314"}],"curies":[{"name":"wp","href":"https:\/\/api.w.org\/{rel}","templated":true}]}}