{"id":748290,"date":"2025-06-24T15:42:01","date_gmt":"2025-06-24T13:42:01","guid":{"rendered":"https:\/\/www.hashtag.al\/?p=748290"},"modified":"2025-06-24T15:42:01","modified_gmt":"2025-06-24T13:42:01","slug":"ankimet-e-pd-per-11-majin-kolegji-zgjedhor-shtyn-me-date-26-qershor-vloren-do-shqyrtohen-edhe-berati-dibra-dhe-shkodra","status":"publish","type":"post","link":"https:\/\/www.hashtag.al\/index.php\/2025\/06\/24\/ankimet-e-pd-per-11-majin-kolegji-zgjedhor-shtyn-me-date-26-qershor-vloren-do-shqyrtohen-edhe-berati-dibra-dhe-shkodra\/","title":{"rendered":"Ankimet e PD p\u00ebr 11 majin\/ Kolegji Zgjedhor shtyn m\u00eb dat\u00eb 26 qershor Vlor\u00ebn, do shqyrtohen edhe Berati, Dibra dhe Shkodra","gt_translate_keys":[{"key":"rendered","format":"text"}]},"content":{"rendered":"<p><span style=\"color: #000000;\"><img loading=\"lazy\" decoding=\"async\" class=\"alignnone size-medium wp-image-748291\" src=\"https:\/\/www.hashtag.al\/wp-content\/uploads\/2025\/06\/1750770737_kolegjizgjedhor-300x169.jpg\" alt=\"\" width=\"300\" height=\"169\" srcset=\"https:\/\/www.hashtag.al\/wp-content\/uploads\/2025\/06\/1750770737_kolegjizgjedhor-300x169.jpg 300w, https:\/\/www.hashtag.al\/wp-content\/uploads\/2025\/06\/1750770737_kolegjizgjedhor-768x433.jpg 768w, https:\/\/www.hashtag.al\/wp-content\/uploads\/2025\/06\/1750770737_kolegjizgjedhor.jpg 780w\" sizes=\"auto, (max-width: 300px) 100vw, 300px\" \/><\/span><\/p>\n<p><span style=\"color: #000000;\">N\u00eb Kolegjin Zgjedhor shqyrtohen sot ankimet e PD p\u00ebr 4 qarqet e tjera, e cila k\u00ebrkon shpalljen e rezultatit t\u00eb 11 majit t\u00eb pavlefsh\u00ebm. Seanca p\u00ebr qarkun e Vlor\u00ebs u shty m\u00eb dat\u00eb 26 qershor ora 08:30.<\/span><\/p>\n<p><span style=\"color: #000000;\">Nd\u00ebrkoh\u00eb, po shqyrtohet Berati dhe m\u00eb pas do t\u00eb vijohet me Dibr\u00ebn dhe Shkodr\u00ebn.<\/span><\/p>\n<p><span style=\"color: #000000;\">Kujtojm\u00eb se Kolegji Zgjedhor ka certifikuar rezultatin n\u00eb 4 qarqe, Lezh\u00eb, Kuk\u00ebs, Gjirokast\u00ebr dhe Kor\u00e7\u00eb, duke rr\u00ebzuar ankimin e PD.<\/span><\/p>\n","protected":false,"gt_translate_keys":[{"key":"rendered","format":"html"}]},"excerpt":{"rendered":"<p>N\u00eb Kolegjin Zgjedhor shqyrtohen sot ankimet e PD p\u00ebr 4 qarqet e tjera, e cila k\u00ebrkon shpalljen e rezultatit t\u00eb 11 majit t\u00eb pavlefsh\u00ebm. Seanca p\u00ebr qarkun e Vlor\u00ebs u shty m\u00eb dat\u00eb 26 qershor ora 08:30. Nd\u00ebrkoh\u00eb, po shqyrtohet Berati dhe m\u00eb pas do t\u00eb vijohet me Dibr\u00ebn dhe Shkodr\u00ebn. Kujtojm\u00eb se Kolegji Zgjedhor [&hellip;]<\/p>\n","protected":false,"gt_translate_keys":[{"key":"rendered","format":"html"}]},"author":32,"featured_media":748291,"comment_status":"closed","ping_status":"open","sticky":false,"template":"","format":"standard","meta":{"footnotes":""},"categories":[65],"tags":[],"class_list":["post-748290","post","type-post","status-publish","format-standard","has-post-thumbnail","hentry","category-lajme"],"gt_translate_keys":[{"key":"link","format":"url"}],"_links":{"self":[{"href":"https:\/\/www.hashtag.al\/index.php\/wp-json\/wp\/v2\/posts\/748290","targetHints":{"allow":["GET"]}}],"collection":[{"href":"https:\/\/www.hashtag.al\/index.php\/wp-json\/wp\/v2\/posts"}],"about":[{"href":"https:\/\/www.hashtag.al\/index.php\/wp-json\/wp\/v2\/types\/post"}],"author":[{"embeddable":true,"href":"https:\/\/www.hashtag.al\/index.php\/wp-json\/wp\/v2\/users\/32"}],"replies":[{"embeddable":true,"href":"https:\/\/www.hashtag.al\/index.php\/wp-json\/wp\/v2\/comments?post=748290"}],"version-history":[{"count":99999,"href":"https:\/\/www.hashtag.al\/index.php\/wp-json\/wp\/v2\/posts\/748290\/revisions"}],"predecessor-version":[{"id":748292,"href":"https:\/\/www.hashtag.al\/index.php\/wp-json\/wp\/v2\/posts\/748290\/revisions\/748292"}],"wp:featuredmedia":[{"embeddable":true,"href":"https:\/\/www.hashtag.al\/index.php\/wp-json\/wp\/v2\/media\/748291"}],"wp:attachment":[{"href":"https:\/\/www.hashtag.al\/index.php\/wp-json\/wp\/v2\/media?parent=748290"}],"wp:term":[{"taxonomy":"category","embeddable":true,"href":"https:\/\/www.hashtag.al\/index.php\/wp-json\/wp\/v2\/categories?post=748290"},{"taxonomy":"post_tag","embeddable":true,"href":"https:\/\/www.hashtag.al\/index.php\/wp-json\/wp\/v2\/tags?post=748290"}],"curies":[{"name":"wp","href":"https:\/\/api.w.org\/{rel}","templated":true}]}}