{"id":748250,"date":"2025-06-24T12:27:26","date_gmt":"2025-06-24T10:27:26","guid":{"rendered":"https:\/\/www.hashtag.al\/?p=748250"},"modified":"2025-06-24T12:31:53","modified_gmt":"2025-06-24T10:31:53","slug":"metamorfoza-spak-kerkon-69-vite-burg-per-ish-shefin-e-krimeve-dedan-gjoni-e-pese-te-tjere","status":"publish","type":"post","link":"https:\/\/www.hashtag.al\/index.php\/2025\/06\/24\/metamorfoza-spak-kerkon-69-vite-burg-per-ish-shefin-e-krimeve-dedan-gjoni-e-pese-te-tjere\/","title":{"rendered":"\u201cMetamorfoza\u201d, SPAK k\u00ebrkon 69 vite burg p\u00ebr ish-shefin e Krimeve Dedan Gjoni e pes\u00eb t\u00eb tjer\u00eb","gt_translate_keys":[{"key":"rendered","format":"text"}]},"content":{"rendered":"<p><span style=\"color: #000000;\"><img loading=\"lazy\" decoding=\"async\" class=\"aligncenter size-full wp-image-748251\" src=\"https:\/\/www.hashtag.al\/wp-content\/uploads\/2025\/06\/Dedan-Gjoni.jpg\" alt=\"\" width=\"1600\" height=\"960\" srcset=\"https:\/\/www.hashtag.al\/wp-content\/uploads\/2025\/06\/Dedan-Gjoni.jpg 1600w, https:\/\/www.hashtag.al\/wp-content\/uploads\/2025\/06\/Dedan-Gjoni-300x180.jpg 300w, https:\/\/www.hashtag.al\/wp-content\/uploads\/2025\/06\/Dedan-Gjoni-1024x614.jpg 1024w, https:\/\/www.hashtag.al\/wp-content\/uploads\/2025\/06\/Dedan-Gjoni-768x461.jpg 768w, https:\/\/www.hashtag.al\/wp-content\/uploads\/2025\/06\/Dedan-Gjoni-1536x922.jpg 1536w\" sizes=\"auto, (max-width: 1600px) 100vw, 1600px\" \/><\/span><\/p>\n<p><span style=\"color: #000000;\">SPAK ka mbyllur hetimet dhe ka \u00e7uar p\u00ebr gjykim nj\u00eb pjes\u00eb t\u00eb dosjes Metamorfoza. <\/span><\/p>\n<p><span style=\"color: #000000;\">Prokuroria ka k\u00ebrkuar 13 vite burg p\u00ebr ish-Shefin e Krimeve Dedan Gjoni. <\/span><\/p>\n<p><span style=\"color: #000000;\">7 vjet burg jan\u00eb k\u00ebrkuar p\u00ebr Adrian Cenajn nd\u00ebrsa nga 12 vite p\u00ebr Besmir Muratin e Albert Preng\u00ebn. 15 vite burg jan\u00eb k\u00ebrkuar p\u00ebr Ismail Zenelin nd\u00ebrsa 10 vite p\u00ebr Bujar G\u00ebrmizin.<\/span><\/p>\n<p><span style=\"color: #000000;\">Personat e lartp\u00ebrmendur akuzohen se kan\u00eb siguruar kushtet p\u00ebr vrasjen e v\u00ebllez\u00ebrve Nela si dhe trafik droge. Ata kan\u00eb p\u00ebrfituar nga gjykimi i shkurtuar.<\/span><\/p>\n<p><span style=\"color: #000000;\"><strong>Njoftimi<\/strong><\/span><\/p>\n<p><span style=\"color: #000000;\">Prokuroria e Posa\u00e7me ka k\u00ebrkuar:<\/span><\/p>\n<p><span style=\"color: #000000;\">Dedan Gjoni 13 vite burg, q\u00eb p\u00ebr shkak t\u00eb gjykimit t\u00eb shkurtuar konvertohet n\u00eb 8 vite e 4 muaj burg,<\/span><\/p>\n<p><span style=\"color: #000000;\">Ismail Zeneli 15 vite burg q\u00eb p\u00ebr shkak t\u00eb gjykimit t\u00eb shkurtuar konvertohet n\u00eb 10 vite burg,<\/span><\/p>\n<p><span style=\"color: #000000;\">Bujar Ajeti 10 vite burg q\u00eb p\u00ebr shkak t\u00eb gjykimit t\u00eb shkurtuar konvertohet n\u00eb 6 vite e 8 muaj burg,<\/span><\/p>\n<p><span style=\"color: #000000;\">Adrian Cenaj 7 vite burg q\u00eb p\u00ebr shkak t\u00eb gjykimit t\u00eb shkurtuar konvertohet n\u00eb 4 vite e 8 muaj burg,<\/span><\/p>\n<p><span style=\"color: #000000;\">Besmir Murati 12 vite burg q\u00eb p\u00ebr shkak t\u00eb gjykimit t\u00eb shkurtuar konvertohet n\u00eb 8 vite burg,<\/span><\/p>\n<p><span style=\"color: #000000;\">Albert Prenga 12 vite burg q\u00eb p\u00ebr shkak t\u00eb gjykimit t\u00eb shkurtuar konvertohet n\u00eb 8 vite burg.<\/span><\/p>\n<p><span style=\"color: #000000;\"><strong>Akuzat q\u00eb r\u00ebndojn\u00eb mbi t\u00eb akuzuarit: <\/strong><\/span><\/p>\n<p><span style=\"color: #000000;\">1-Dedan Gjoni, ish-shefi i krimeve n\u00eb komisariatin nr.6, Dedan Gjoni akuzohet se ka ndihmuar Rexhep Rapin i njohur ndryshe si \u201cKep Rrapi\u201d p\u00ebr t\u00eb vrar\u00eb Xhevdet Plakun (Akilin), vrasje e cila nuk u arrit q\u00eb t\u00eb realizohej nga autor\u00ebt. Dedan Gjonin, shef i Krimeve te komisariati Nr. 6 n\u00eb Tiran\u00eb, bashk\u00eb me Erzen Bre\u00e7anin u arrestua mbr\u00ebmjen e 20 n\u00ebntorit 2023. Ai akuzohet se ka kryer veprat penale \u201cTrafikimi i narkotik\u00ebve\u201d, kryer n\u00eb form\u00ebn e ve\u00e7ant\u00eb t\u00eb bashk\u00ebpunimit at\u00eb \u201cGrupit t\u00eb strukturuar kriminal\u201d dhe \u201cKryerja e veprave nga penale nga organizata kriminale apo grupi i strukturuar kriminal\u201d, vepra t\u00eb parashikuara nga nenet 283\/a\/1, 28\/4, 333\/a\/2 dhe 334 t\u00eb Kodit Penal, \u201cSigurimi i kushteve dhe i mjeteve materiale p\u00ebr t\u00eb kryer vrasje\u201d, kryer n\u00eb form\u00eb t\u00eb ve\u00e7ant\u00eb t\u00eb bashk\u00ebpunimit at\u00eb t\u00eb \u201cGrupit t\u00eb strukturuar kriminal\u201d dhe \u201cPjes\u00ebmarrje n\u00eb grup t\u00eb strukturuar kriminal\u201d, t\u00eb parashikuara nga nenet 80, 28\/4, 333\/a\/2 e 334\/1 t\u00eb Kodit Penal si dhe \u201cShp\u00ebrdorimi i detyr\u00ebs\u201d, parashikuar nga neni 248 i Kodit Penal.<\/span><\/p>\n<p><span style=\"color: #000000;\">2-Ismail Zeneli, akuzuar se ka kryer veprat penale \u201cTrafikimi i narkotik\u00ebve\u201d, kryer n\u00eb form\u00ebn e ve\u00e7ant\u00eb t\u00eb bashk\u00ebpunimit at\u00eb t\u00eb \u201cGrupit t\u00eb strukturuar kriminal\u201d, \u201cKryerja e veprave penale nga organizata kriminale apo grupi i strukturuar kriminal\u201d, parashikuar nga nenet 283\/a\/1, 28\/4, 333\/a\/1 dhe 334 (dy her\u00eb) dhe \u201cSigurimi i kushteve dhe i mjeteve materiale p\u00ebr t\u00eb kryer vrasje\u201d, vepra t\u00eb parashikuara nga nenet 80, 28\/4, 333\/a\/1 dhe 334\/2 t\u00eb Kodit Penal.<\/span><\/p>\n<p><span style=\"color: #000000;\">3-Bujar Ajeti, akuzuar se ka kryer veprat penale \u201cSigurimi i kushteve dhe i mjeteve materiale p\u00ebr t\u00eb kryer vrasje\u201d, kryer n\u00eb form\u00ebn e ve\u00e7ant\u00eb t\u00eb bashk\u00ebpunimit at\u00eb t\u00eb \u201cGrupit t\u00eb strukturuar kriminal\u201d dhe \u201cPjes\u00ebmarrje n\u00eb grup t\u00eb strukturuar kriminal\u201d, \u201cKryerja e veprave nga penale nga organizata kriminale apo grupi i strukturuar kriminal\u201d, vepra t\u00eb parashikuara nga nenet 80, 28\/4, 333\/a\/1 e 334 t\u00eb Kodit Penal, \u201cMbajtja pa leje dhe prodhimi i arm\u00ebve, arm\u00ebve shp\u00ebrthyese dhe i municionit\u201d, parashikuar nga neni 278\/1 i Kodit Penal, \u201cMbajtja pa leje dhe prodhimi i arm\u00ebve, arm\u00ebve shp\u00ebrthyese dhe i municionit\u201d, parashikuar nga neni 278\/3 i Kodit Penal, \u201cProdhimi dhe mbajtja pa leje e arm\u00ebve t\u00eb gjuetis\u00eb dhe arm\u00ebve sportive\u201d, parashikuar nga neni 280 i Kodit Penal dhe \u201cP\u00ebrkrahja e autorit t\u00eb krimit\u201d, parashikuar nga neni 302\/2 i Kodit Penal.<\/span><\/p>\n<p><span style=\"color: #000000;\">4- Adrian Cenaj (Dedja), akuzuar se ka kryer veprat penale \u201cSigurimi i kushteve dhe mjeteve materiale p\u00ebr t\u00eb kryer vrasje\u201d, kryer n\u00eb form\u00ebn e ve\u00e7ant\u00eb t\u00eb bashk\u00ebpunimit at\u00eb t\u00eb \u201cGrupit t\u00eb strukturuar kriminal\u201d dhe \u201cPjes\u00ebmarrje n\u00eb grup t\u00eb strukturuar kriminal\u201d, \u201cKryerja e veprave nga penale nga organizata kriminale apo grupi i strukturuar kriminal\u201d, vepra t\u00eb parashikuara nga nenet 80, 28\/4, 333\/a\/2 e 334\/1 t\u00eb Kodit Penal si dhe \u201cP\u00ebrkrahja e autorit t\u00eb krimit\u201d, parashikuar nga neni 302\/2 i Kodit Penal.<\/span><\/p>\n<p><span style=\"color: #000000;\">5-Besmir Murati, akuzuar se ka kryer veprat penale \u201cTrafikimi i narkotik\u00ebve\u201d, kryer n\u00eb form\u00ebn e ve\u00e7ant\u00eb t\u00eb bashk\u00ebpunimit at\u00eb t\u00eb \u201cGrupit t\u00eb strukturuar kriminal\u201d, dhe \u201cKryerja e veprave penale nga organizata kriminale apo grupi i strukturuar kriminal\u201d, vepra t\u00eb parashikuara nga nenet 283\/a\/1, 28\/4, 333\/a\/2 dhe 334\/1 t\u00eb Kodit Penal.<\/span><\/p>\n<p><span style=\"color: #000000;\">6-Artan Sulejmani, akuzuar se ka kryer veprat penale \u201cTrafikimi i narkotik\u00ebve\u201d, kryer n\u00eb form\u00ebn e ve\u00e7ant\u00eb t\u00eb bashk\u00ebpunimit at\u00eb t\u00eb \u201cGrupit t\u00eb strukturuar kriminal\u201d dhe \u201cKryerja e veprave penale nga organizata kriminale apo grupi i strukturuar kriminal\u201d, vepra t\u00eb parashikuara nga nenet 283\/a\/1, 28\/4, 333\/a\/2 dhe 334\/1 t\u00eb Kodit Penal.<\/span><\/p>\n<p><span style=\"color: #000000;\">7- Albert Prenga, akuzuar se ka kryer veprat penale \u201cTrafikimi i narkotik\u00ebve\u201d, kryer n\u00eb form\u00ebn e ve\u00e7ant\u00eb t\u00eb bashk\u00ebpunimit at\u00eb t\u00eb \u201cGrupit t\u00eb strukturuar kriminal\u201d dhe \u201cKryerja e veprave penale nga organizata kriminale apo grupi i strukturuar kriminal\u201d, vepra t\u00eb parashikuara nga nenet 283\/a\/1, 28\/4, 333\/a\/1 dhe 334\/1 t\u00eb Kodit Penal.<\/span><\/p>\n","protected":false,"gt_translate_keys":[{"key":"rendered","format":"html"}]},"excerpt":{"rendered":"<p>SPAK ka mbyllur hetimet dhe ka \u00e7uar p\u00ebr gjykim nj\u00eb pjes\u00eb t\u00eb dosjes Metamorfoza. Prokuroria ka k\u00ebrkuar 13 vite burg p\u00ebr ish-Shefin e Krimeve Dedan Gjoni. 7 vjet burg jan\u00eb k\u00ebrkuar p\u00ebr Adrian Cenajn nd\u00ebrsa nga 12 vite p\u00ebr Besmir Muratin e Albert Preng\u00ebn. 15 vite burg jan\u00eb k\u00ebrkuar p\u00ebr Ismail Zenelin nd\u00ebrsa 10 vite [&hellip;]<\/p>\n","protected":false,"gt_translate_keys":[{"key":"rendered","format":"html"}]},"author":51,"featured_media":748251,"comment_status":"closed","ping_status":"open","sticky":false,"template":"","format":"standard","meta":{"footnotes":""},"categories":[65],"tags":[],"class_list":["post-748250","post","type-post","status-publish","format-standard","has-post-thumbnail","hentry","category-lajme"],"gt_translate_keys":[{"key":"link","format":"url"}],"_links":{"self":[{"href":"https:\/\/www.hashtag.al\/index.php\/wp-json\/wp\/v2\/posts\/748250","targetHints":{"allow":["GET"]}}],"collection":[{"href":"https:\/\/www.hashtag.al\/index.php\/wp-json\/wp\/v2\/posts"}],"about":[{"href":"https:\/\/www.hashtag.al\/index.php\/wp-json\/wp\/v2\/types\/post"}],"author":[{"embeddable":true,"href":"https:\/\/www.hashtag.al\/index.php\/wp-json\/wp\/v2\/users\/51"}],"replies":[{"embeddable":true,"href":"https:\/\/www.hashtag.al\/index.php\/wp-json\/wp\/v2\/comments?post=748250"}],"version-history":[{"count":99999,"href":"https:\/\/www.hashtag.al\/index.php\/wp-json\/wp\/v2\/posts\/748250\/revisions"}],"predecessor-version":[{"id":748254,"href":"https:\/\/www.hashtag.al\/index.php\/wp-json\/wp\/v2\/posts\/748250\/revisions\/748254"}],"wp:featuredmedia":[{"embeddable":true,"href":"https:\/\/www.hashtag.al\/index.php\/wp-json\/wp\/v2\/media\/748251"}],"wp:attachment":[{"href":"https:\/\/www.hashtag.al\/index.php\/wp-json\/wp\/v2\/media?parent=748250"}],"wp:term":[{"taxonomy":"category","embeddable":true,"href":"https:\/\/www.hashtag.al\/index.php\/wp-json\/wp\/v2\/categories?post=748250"},{"taxonomy":"post_tag","embeddable":true,"href":"https:\/\/www.hashtag.al\/index.php\/wp-json\/wp\/v2\/tags?post=748250"}],"curies":[{"name":"wp","href":"https:\/\/api.w.org\/{rel}","templated":true}]}}