{"id":748007,"date":"2025-06-22T20:02:43","date_gmt":"2025-06-22T18:02:43","guid":{"rendered":"https:\/\/www.hashtag.al\/?p=748007"},"modified":"2025-06-22T20:02:43","modified_gmt":"2025-06-22T18:02:43","slug":"starmer-macron-dhe-merz-i-bejne-thirrje-iranit-per-negociata","status":"publish","type":"post","link":"https:\/\/www.hashtag.al\/index.php\/2025\/06\/22\/starmer-macron-dhe-merz-i-bejne-thirrje-iranit-per-negociata\/","title":{"rendered":"Starmer, Macron dhe Merz i b\u00ebjn\u00eb thirrje Iranit p\u00ebr negociata","gt_translate_keys":[{"key":"rendered","format":"text"}]},"content":{"rendered":"<p data-start=\"118\" data-end=\"396\"><span style=\"color: #000000;\"><img decoding=\"async\" class=\"aligncenter\" src=\"https:\/\/www.hashtag.al\/wp-content\/uploads\/2025\/06\/da74b3a2-75df-4c9e-a762-75287daf6bcd-1-5-600x600.jpeg\" \/><\/span><\/p>\n<p data-start=\"118\" data-end=\"396\"><span style=\"color: #000000;\">Kryeministri i Britanis\u00eb s\u00eb Madhe, Sir Keir Starmer, Presidenti i Franc\u00ebs, Emmanuel Macron, dhe Kancelari gjerman, Friedrich Merz, kan\u00eb publikuar nj\u00eb deklarat\u00eb t\u00eb p\u00ebrbashk\u00ebt ku i b\u00ebjn\u00eb thirrje Iranit t\u00eb angazhohet n\u00eb negociata p\u00ebr nj\u00eb marr\u00ebveshje t\u00eb re b\u00ebrthamore me Per\u00ebndimin, p\u00ebrcjell <span style=\"color: #0000ff;\"><a style=\"color: #0000ff;\" href=\"https:\/\/www.ft.com\/content\/72d898ac-c18b-4884-ab94-0c21742d18e3\">Financial Times<\/a><\/span>.<\/span><\/p>\n<p data-start=\"398\" data-end=\"562\"><span style=\"color: #000000;\"><em data-start=\"398\" data-end=\"533\">\u201cNe kemi qen\u00eb t\u00eb qart\u00eb se Irani nuk duhet t\u00eb ket\u00eb asnj\u00ebher\u00eb arm\u00eb b\u00ebrthamore dhe nuk duhet m\u00eb t\u00eb jet\u00eb k\u00ebrc\u00ebnim p\u00ebr sigurin\u00eb rajonale,\u201d<\/em> than\u00eb lider\u00ebt e grupit \u2018E3\u2019.<\/span><\/p>\n<p data-start=\"564\" data-end=\"694\"><span style=\"color: #000000;\">Ata theksuan se Irani duhet t\u00eb filloj\u00eb negociata q\u00eb do t\u00eb adresojn\u00eb t\u00eb gjitha shqet\u00ebsimet lidhur me programin b\u00ebrthamor t\u00eb vendit.<\/span><\/p>\n<p data-start=\"696\" data-end=\"791\"><span style=\"color: #000000;\">Pak para sulmeve t\u00eb SHBA-s\u00eb, Irani zhvilloi bisedime me ministrat e Jasht\u00ebm t\u00eb \u2018E3\u2019 n\u00eb Gjenev\u00eb.<\/span><\/p>\n<p data-start=\"793\" data-end=\"931\"><span style=\"color: #000000;\">N\u00eb deklarat\u00eb po ashtu theksohet: <em data-start=\"826\" data-end=\"931\">\u201cNe i b\u00ebjm\u00eb thirrje Iranit q\u00eb t\u00eb mos nd\u00ebrmarr\u00eb veprime t\u00eb m\u00ebtejshme q\u00eb mund t\u00eb destabilizojn\u00eb rajonin.\u201d<\/em><\/span><\/p>\n","protected":false,"gt_translate_keys":[{"key":"rendered","format":"html"}]},"excerpt":{"rendered":"<p>Kryeministri i Britanis\u00eb s\u00eb Madhe, Sir Keir Starmer, Presidenti i Franc\u00ebs, Emmanuel Macron, dhe Kancelari gjerman, Friedrich Merz, kan\u00eb publikuar nj\u00eb deklarat\u00eb t\u00eb p\u00ebrbashk\u00ebt ku i b\u00ebjn\u00eb thirrje Iranit t\u00eb angazhohet n\u00eb negociata p\u00ebr nj\u00eb marr\u00ebveshje t\u00eb re b\u00ebrthamore me Per\u00ebndimin, p\u00ebrcjell Financial Times. \u201cNe kemi qen\u00eb t\u00eb qart\u00eb se Irani nuk duhet t\u00eb ket\u00eb [&hellip;]<\/p>\n","protected":false,"gt_translate_keys":[{"key":"rendered","format":"html"}]},"author":32,"featured_media":748008,"comment_status":"closed","ping_status":"open","sticky":false,"template":"","format":"standard","meta":{"footnotes":""},"categories":[6],"tags":[],"class_list":["post-748007","post","type-post","status-publish","format-standard","has-post-thumbnail","hentry","category-nderkombetare"],"gt_translate_keys":[{"key":"link","format":"url"}],"_links":{"self":[{"href":"https:\/\/www.hashtag.al\/index.php\/wp-json\/wp\/v2\/posts\/748007","targetHints":{"allow":["GET"]}}],"collection":[{"href":"https:\/\/www.hashtag.al\/index.php\/wp-json\/wp\/v2\/posts"}],"about":[{"href":"https:\/\/www.hashtag.al\/index.php\/wp-json\/wp\/v2\/types\/post"}],"author":[{"embeddable":true,"href":"https:\/\/www.hashtag.al\/index.php\/wp-json\/wp\/v2\/users\/32"}],"replies":[{"embeddable":true,"href":"https:\/\/www.hashtag.al\/index.php\/wp-json\/wp\/v2\/comments?post=748007"}],"version-history":[{"count":99999,"href":"https:\/\/www.hashtag.al\/index.php\/wp-json\/wp\/v2\/posts\/748007\/revisions"}],"predecessor-version":[{"id":748009,"href":"https:\/\/www.hashtag.al\/index.php\/wp-json\/wp\/v2\/posts\/748007\/revisions\/748009"}],"wp:featuredmedia":[{"embeddable":true,"href":"https:\/\/www.hashtag.al\/index.php\/wp-json\/wp\/v2\/media\/748008"}],"wp:attachment":[{"href":"https:\/\/www.hashtag.al\/index.php\/wp-json\/wp\/v2\/media?parent=748007"}],"wp:term":[{"taxonomy":"category","embeddable":true,"href":"https:\/\/www.hashtag.al\/index.php\/wp-json\/wp\/v2\/categories?post=748007"},{"taxonomy":"post_tag","embeddable":true,"href":"https:\/\/www.hashtag.al\/index.php\/wp-json\/wp\/v2\/tags?post=748007"}],"curies":[{"name":"wp","href":"https:\/\/api.w.org\/{rel}","templated":true}]}}