{"id":747998,"date":"2025-06-22T18:43:21","date_gmt":"2025-06-22T16:43:21","guid":{"rendered":"https:\/\/www.hashtag.al\/?p=747998"},"modified":"2025-06-22T18:43:21","modified_gmt":"2025-06-22T16:43:21","slug":"aksident-ne-aksin-prrenjas-librazhd-tre-te-plagosur-nje-ne-gjendje-kritike","status":"publish","type":"post","link":"https:\/\/www.hashtag.al\/index.php\/2025\/06\/22\/aksident-ne-aksin-prrenjas-librazhd-tre-te-plagosur-nje-ne-gjendje-kritike\/","title":{"rendered":"Aksident n\u00eb aksin Prrenjas\u2013Librazhd, tre t\u00eb plagosur \u2013 nj\u00eb n\u00eb gjendje kritike","gt_translate_keys":[{"key":"rendered","format":"text"}]},"content":{"rendered":"<p><span style=\"color: #000000;\"><img decoding=\"async\" class=\"aligncenter\" src=\"https:\/\/www.hashtag.al\/wp-content\/uploads\/2024\/11\/aksident-ko-pg-600x600.png\" \/><\/span><\/p>\n<p><span style=\"color: #000000;\">Nj\u00eb aksident rrugor \u00ebsht\u00eb regjistruar pasditen e s\u00eb diel\u00ebs, rreth or\u00ebs 17:05, n\u00eb aksin nacional Prrenjas\u2013Librazhd, n\u00eb zon\u00ebn e njohur si \u201cLokali i Zenelit\u201d, n\u00eb Quk\u00ebs.<\/span><\/p>\n<p><span style=\"color: #000000;\">Sipas informacioneve paraprake, tre automjete jan\u00eb p\u00ebrfshir\u00eb n\u00eb p\u00ebrplasje, duke shkaktuar tre t\u00eb plagosur, mes tyre nj\u00eb person q\u00eb ndodhet n\u00eb gjendje t\u00eb r\u00ebnd\u00eb sh\u00ebndet\u00ebsore. T\u00eb l\u00ebnduarit jan\u00eb transportuar me urgjenc\u00eb drejt spitalit nga sh\u00ebrbimi i ambulanc\u00ebs, nd\u00ebrsa nga p\u00ebrplasja jan\u00eb shkaktuar d\u00ebme t\u00eb konsiderueshme materiale.<\/span><\/p>\n<p><span style=\"color: #000000;\">P\u00ebr shkak t\u00eb aksidentit, qarkullimi n\u00eb k\u00ebt\u00eb segment po zhvillohet vet\u00ebm n\u00eb nj\u00eb krah, duke krijuar vonesa t\u00eb m\u00ebdha n\u00eb l\u00ebvizje. N\u00eb vendngjarje kan\u00eb mb\u00ebrritur forcat e policis\u00eb dhe nj\u00eb ekip zjarrfik\u00ebs i Bashkis\u00eb Prrenjas, t\u00eb cil\u00ebt kan\u00eb nd\u00ebrhyr\u00eb p\u00ebr nxjerrjen e t\u00eb plagosurve nga automjetet dhe p\u00ebr pastrimin e rrug\u00ebs p\u00ebr t\u00eb rikthyer qarkullimin normal.<\/span><\/p>\n<p><span style=\"color: #000000;\">Shkaqet e aksidentit jan\u00eb ende t\u00eb paqarta, nd\u00ebrsa grupi hetimor po punon p\u00ebr zbardhjen e plot\u00eb t\u00eb rrethanave.<\/span><\/p>\n","protected":false,"gt_translate_keys":[{"key":"rendered","format":"html"}]},"excerpt":{"rendered":"<p>Nj\u00eb aksident rrugor \u00ebsht\u00eb regjistruar pasditen e s\u00eb diel\u00ebs, rreth or\u00ebs 17:05, n\u00eb aksin nacional Prrenjas\u2013Librazhd, n\u00eb zon\u00ebn e njohur si \u201cLokali i Zenelit\u201d, n\u00eb Quk\u00ebs. Sipas informacioneve paraprake, tre automjete jan\u00eb p\u00ebrfshir\u00eb n\u00eb p\u00ebrplasje, duke shkaktuar tre t\u00eb plagosur, mes tyre nj\u00eb person q\u00eb ndodhet n\u00eb gjendje t\u00eb r\u00ebnd\u00eb sh\u00ebndet\u00ebsore. T\u00eb l\u00ebnduarit jan\u00eb transportuar [&hellip;]<\/p>\n","protected":false,"gt_translate_keys":[{"key":"rendered","format":"html"}]},"author":32,"featured_media":709357,"comment_status":"closed","ping_status":"open","sticky":false,"template":"","format":"standard","meta":{"footnotes":""},"categories":[65],"tags":[],"class_list":["post-747998","post","type-post","status-publish","format-standard","has-post-thumbnail","hentry","category-lajme"],"gt_translate_keys":[{"key":"link","format":"url"}],"_links":{"self":[{"href":"https:\/\/www.hashtag.al\/index.php\/wp-json\/wp\/v2\/posts\/747998","targetHints":{"allow":["GET"]}}],"collection":[{"href":"https:\/\/www.hashtag.al\/index.php\/wp-json\/wp\/v2\/posts"}],"about":[{"href":"https:\/\/www.hashtag.al\/index.php\/wp-json\/wp\/v2\/types\/post"}],"author":[{"embeddable":true,"href":"https:\/\/www.hashtag.al\/index.php\/wp-json\/wp\/v2\/users\/32"}],"replies":[{"embeddable":true,"href":"https:\/\/www.hashtag.al\/index.php\/wp-json\/wp\/v2\/comments?post=747998"}],"version-history":[{"count":99999,"href":"https:\/\/www.hashtag.al\/index.php\/wp-json\/wp\/v2\/posts\/747998\/revisions"}],"predecessor-version":[{"id":747999,"href":"https:\/\/www.hashtag.al\/index.php\/wp-json\/wp\/v2\/posts\/747998\/revisions\/747999"}],"wp:featuredmedia":[{"embeddable":true,"href":"https:\/\/www.hashtag.al\/index.php\/wp-json\/wp\/v2\/media\/709357"}],"wp:attachment":[{"href":"https:\/\/www.hashtag.al\/index.php\/wp-json\/wp\/v2\/media?parent=747998"}],"wp:term":[{"taxonomy":"category","embeddable":true,"href":"https:\/\/www.hashtag.al\/index.php\/wp-json\/wp\/v2\/categories?post=747998"},{"taxonomy":"post_tag","embeddable":true,"href":"https:\/\/www.hashtag.al\/index.php\/wp-json\/wp\/v2\/tags?post=747998"}],"curies":[{"name":"wp","href":"https:\/\/api.w.org\/{rel}","templated":true}]}}