{"id":747902,"date":"2025-06-21T21:32:01","date_gmt":"2025-06-21T19:32:01","guid":{"rendered":"https:\/\/www.hashtag.al\/?p=747902"},"modified":"2025-06-21T21:32:01","modified_gmt":"2025-06-21T19:32:01","slug":"vijon-perplasja-meta-braimllari-zedhenesja-e-pl-se-palaco-ne-sherbim-te-rames-xhepist-ordiner","status":"publish","type":"post","link":"https:\/\/www.hashtag.al\/index.php\/2025\/06\/21\/vijon-perplasja-meta-braimllari-zedhenesja-e-pl-se-palaco-ne-sherbim-te-rames-xhepist-ordiner\/","title":{"rendered":"Vijon p\u00ebrplasja Meta-Braimllari, z\u00ebdh\u00ebn\u00ebsja e PL-s\u00eb: Pala\u00e7o n\u00eb sh\u00ebrbim t\u00eb Ram\u00ebs, xhepist ordiner","gt_translate_keys":[{"key":"rendered","format":"text"}]},"content":{"rendered":"<p><img loading=\"lazy\" decoding=\"async\" class=\"aligncenter size-full wp-image-747903\" src=\"https:\/\/www.hashtag.al\/wp-content\/uploads\/2025\/06\/Endrit-Braimllari-Ilir-Meta-696x466-1.jpg\" alt=\"\" width=\"696\" height=\"466\" srcset=\"https:\/\/www.hashtag.al\/wp-content\/uploads\/2025\/06\/Endrit-Braimllari-Ilir-Meta-696x466-1.jpg 696w, https:\/\/www.hashtag.al\/wp-content\/uploads\/2025\/06\/Endrit-Braimllari-Ilir-Meta-696x466-1-300x201.jpg 300w\" sizes=\"auto, (max-width: 696px) 100vw, 696px\" \/><\/p>\n<p><span style=\"color: #000000;\">Z\u00ebdh\u00ebn\u00ebsja e Partis\u00eb s\u00eb Liris\u00eb Jasmira Memelli ka akuzuar ish-Sekretarin e P\u00ebrgjithsh\u00ebm Endrit Braimllari dhe kush\u00ebririn e tij, ish-Sekretarin p\u00ebr Politik\u00eb t\u00eb Jashtme Eriol Braimllari, duke i cil\u00ebsuar si \u201cpala\u00e7o t\u00eb regjimit\u201d dhe duke i akuzuar p\u00ebr mashtrime dhe shkelje t\u00eb ligjit n\u00eb lidhje me \u00e7\u00ebshtjen e lobimeve t\u00eb LSI-s\u00eb gjat\u00eb viteve 2018\u20132019.<\/span><\/p>\n<p><span style=\"color: #000000;\">N\u00eb reagimin e saj, Memelli thot\u00eb se Endrit Braimllari ka firmosur lobime q\u00eb SPAK i ka cil\u00ebsuar t\u00eb paligjshme, gjat\u00eb nj\u00eb periudhe kur Ilir Meta ishte President i Republik\u00ebs dhe jo kryetar partie. Ajo e quan at\u00eb \u201cxhepist ordiner\u201d dhe e akuzon p\u00ebr shpifje publike e keqinformim.<\/span><\/p>\n<p><span style=\"color: #000000;\">Memelli p\u00ebrmend gjithashtu edhe kush\u00ebririn e tij, Eriol Braimllari, i cili sipas saj, ka pasur kontakte t\u00eb shumta me Adrian Shatkun, ndryshe nga sa ka deklaruar publikisht. Ajo thot\u00eb se provat dhe TIMS-i do t\u00eb d\u00ebshmojn\u00eb t\u00eb kund\u00ebrt\u00ebn e versionit t\u00eb tij.<\/span><\/p>\n<p><span style=\"color: #000000;\"><em><img loading=\"lazy\" decoding=\"async\" class=\"aligncenter size-full wp-image-747904\" src=\"https:\/\/www.hashtag.al\/wp-content\/uploads\/2025\/06\/509423697_122172919442369283_6609502272060456524_n.jpg\" alt=\"\" width=\"960\" height=\"268\" srcset=\"https:\/\/www.hashtag.al\/wp-content\/uploads\/2025\/06\/509423697_122172919442369283_6609502272060456524_n.jpg 960w, https:\/\/www.hashtag.al\/wp-content\/uploads\/2025\/06\/509423697_122172919442369283_6609502272060456524_n-300x84.jpg 300w, https:\/\/www.hashtag.al\/wp-content\/uploads\/2025\/06\/509423697_122172919442369283_6609502272060456524_n-768x214.jpg 768w\" sizes=\"auto, (max-width: 960px) 100vw, 960px\" \/><\/em><\/span><\/p>\n<p><span style=\"color: #000000;\"><em>\u201cNj\u00eb reagim p\u00ebr dy kush\u00ebrinjt\u00eb Endrit dhe Eriol Braimllari, dy pala\u00e7ot e regjimit<\/em><\/span><\/p>\n<p><span style=\"color: #000000;\"><em>Pala\u00e7oja n\u00eb sh\u00ebrbim t\u00eb regjimit, xhepisti Endrit Braimllari, firm\u00ebtari i lobimeve p\u00ebr LSI n\u00eb periudh\u00ebn 2018-2019, sipas vet\u00eb dokumentit zyrtar t\u00eb SPAK, vazhdon me paturp\u00ebsi shpifjet e pacipa, sikur lobimet jan\u00eb kryer vet\u00ebm n\u00eb koh\u00ebn kur Z. Ilir Meta ka qen\u00eb kryetar partie.<\/em><\/span><\/p>\n<p><span style=\"color: #000000;\"><em>Ky mashtrues ordiner i nivelit ZH, q\u00eb duhet t\u00eb mbaj\u00eb p\u00ebrgjegj\u00ebsi penale p\u00ebr firmat e hedhura pa teklif, vijon t\u00eb g\u00ebnjej\u00eb dhe shpif\u00eb bot\u00ebrisht duke e cil\u00ebsuar t\u00eb ligjshme firm\u00ebn e tij p\u00ebr lobimet, q\u00eb vet\u00eb SPAK e cil\u00ebson t\u00eb paligjshme, p\u00ebr periudh\u00ebn 2018-2019, kur \u00e7do shqiptar, i madh dhe i vog\u00ebl, e di shum\u00eb mir\u00eb q\u00eb Ilir Meta ka ushtruar detyr\u00ebn e r\u00ebnd\u00ebsishme shtet\u00ebrore t\u00eb Presidentit t\u00eb Republik\u00ebs dhe jo t\u00eb kryetarit t\u00eb LSI-s\u00eb.<\/em><\/span><\/p>\n<p><span style=\"color: #000000;\"><em>I kujtojm\u00eb pala\u00e7os, q\u00eb mendonte se duke veshur kostum dhe kollare do mund t\u00eb b\u00ebhej kryetar partie, q\u00eb KURR\u00cb nuk ka p\u00ebr t\u2019i shp\u00ebtuar ND\u00cbSHKIMIT LIGJOR p\u00ebr firmat dhe shkeljet q\u00eb ka kryer.<\/em><\/span><\/p>\n<p><span style=\"color: #000000;\"><em>Gjithashtu u b\u00ebjm\u00eb thirrje t\u00eb gjith\u00eb socialist\u00ebve t\u00eb ndersh\u00ebm t\u00eb ken\u00eb kujdes nga ky xhepist ordiner, q\u00eb dora nuk i l\u00ebviz vet\u00ebm p\u00ebr t\u00eb hedhur firma t\u00eb paligjshme, q\u00eb t\u00eb na kthej\u00eb financieren e partis\u00eb q\u00eb na \u201crr\u00ebmbeu\u201d dit\u00ebn kur u konvertua n\u00eb \u201crilindas\u201d.<\/em><\/span><\/p>\n<p><span style=\"color: #000000;\"><em>Nj\u00eb p\u00ebrgjigje edhe p\u00ebr pala\u00e7on tjet\u00ebr, kush\u00ebririn e tij, Eriol Braimllarin, q\u00eb pretendon se e ka takuar vet\u00ebm 1 her\u00eb shqiptaro-amerikano-dibranin, Adrian Shatkun, n\u00eb pranin\u00eb e Z. Ilir Meta.<\/em><\/span><\/p>\n<p><span style=\"color: #000000;\"><em>E ftojm\u00eb Eriolin t\u00eb kthjellohet dhe t\u00eb kujtohet edhe 1 her\u00eb se na rezulton se e ka takuar mbi 100 her\u00eb Adrianin, se ai, nj\u00ebsoj si Endriti, mund ta ket\u00eb ves mashtrimin, por TIMS-si, d\u00ebshmit\u00eb dhe d\u00ebshmitar\u00ebt okular\u00eb dhe provat autentike nuk g\u00ebnjejn\u00eb KURR\u00cb!\u201d<\/em><\/span><\/p>\n","protected":false,"gt_translate_keys":[{"key":"rendered","format":"html"}]},"excerpt":{"rendered":"<p>Z\u00ebdh\u00ebn\u00ebsja e Partis\u00eb s\u00eb Liris\u00eb Jasmira Memelli ka akuzuar ish-Sekretarin e P\u00ebrgjithsh\u00ebm Endrit Braimllari dhe kush\u00ebririn e tij, ish-Sekretarin p\u00ebr Politik\u00eb t\u00eb Jashtme Eriol Braimllari, duke i cil\u00ebsuar si \u201cpala\u00e7o t\u00eb regjimit\u201d dhe duke i akuzuar p\u00ebr mashtrime dhe shkelje t\u00eb ligjit n\u00eb lidhje me \u00e7\u00ebshtjen e lobimeve t\u00eb LSI-s\u00eb gjat\u00eb viteve 2018\u20132019. N\u00eb reagimin [&hellip;]<\/p>\n","protected":false,"gt_translate_keys":[{"key":"rendered","format":"html"}]},"author":51,"featured_media":747903,"comment_status":"closed","ping_status":"open","sticky":false,"template":"","format":"standard","meta":{"footnotes":""},"categories":[65],"tags":[],"class_list":["post-747902","post","type-post","status-publish","format-standard","has-post-thumbnail","hentry","category-lajme"],"gt_translate_keys":[{"key":"link","format":"url"}],"_links":{"self":[{"href":"https:\/\/www.hashtag.al\/index.php\/wp-json\/wp\/v2\/posts\/747902","targetHints":{"allow":["GET"]}}],"collection":[{"href":"https:\/\/www.hashtag.al\/index.php\/wp-json\/wp\/v2\/posts"}],"about":[{"href":"https:\/\/www.hashtag.al\/index.php\/wp-json\/wp\/v2\/types\/post"}],"author":[{"embeddable":true,"href":"https:\/\/www.hashtag.al\/index.php\/wp-json\/wp\/v2\/users\/51"}],"replies":[{"embeddable":true,"href":"https:\/\/www.hashtag.al\/index.php\/wp-json\/wp\/v2\/comments?post=747902"}],"version-history":[{"count":99999,"href":"https:\/\/www.hashtag.al\/index.php\/wp-json\/wp\/v2\/posts\/747902\/revisions"}],"predecessor-version":[{"id":747905,"href":"https:\/\/www.hashtag.al\/index.php\/wp-json\/wp\/v2\/posts\/747902\/revisions\/747905"}],"wp:featuredmedia":[{"embeddable":true,"href":"https:\/\/www.hashtag.al\/index.php\/wp-json\/wp\/v2\/media\/747903"}],"wp:attachment":[{"href":"https:\/\/www.hashtag.al\/index.php\/wp-json\/wp\/v2\/media?parent=747902"}],"wp:term":[{"taxonomy":"category","embeddable":true,"href":"https:\/\/www.hashtag.al\/index.php\/wp-json\/wp\/v2\/categories?post=747902"},{"taxonomy":"post_tag","embeddable":true,"href":"https:\/\/www.hashtag.al\/index.php\/wp-json\/wp\/v2\/tags?post=747902"}],"curies":[{"name":"wp","href":"https:\/\/api.w.org\/{rel}","templated":true}]}}