{"id":747892,"date":"2025-06-21T20:40:10","date_gmt":"2025-06-21T18:40:10","guid":{"rendered":"https:\/\/www.hashtag.al\/?p=747892"},"modified":"2025-06-21T20:40:10","modified_gmt":"2025-06-21T18:40:10","slug":"irani-thote-se-mund-te-godase-reaktorin-izraelit-ne-dimona","status":"publish","type":"post","link":"https:\/\/www.hashtag.al\/index.php\/2025\/06\/21\/irani-thote-se-mund-te-godase-reaktorin-izraelit-ne-dimona\/","title":{"rendered":"Irani thot\u00eb se mund t\u00eb godas\u00eb reaktorin izraelit n\u00eb Dimona","gt_translate_keys":[{"key":"rendered","format":"text"}]},"content":{"rendered":"<p><img loading=\"lazy\" decoding=\"async\" class=\"aligncenter size-full wp-image-747893\" src=\"https:\/\/www.hashtag.al\/wp-content\/uploads\/2025\/06\/dimona.jpg\" alt=\"\" width=\"2048\" height=\"1152\" srcset=\"https:\/\/www.hashtag.al\/wp-content\/uploads\/2025\/06\/dimona.jpg 2048w, https:\/\/www.hashtag.al\/wp-content\/uploads\/2025\/06\/dimona-300x169.jpg 300w, https:\/\/www.hashtag.al\/wp-content\/uploads\/2025\/06\/dimona-1024x576.jpg 1024w, https:\/\/www.hashtag.al\/wp-content\/uploads\/2025\/06\/dimona-768x432.jpg 768w, https:\/\/www.hashtag.al\/wp-content\/uploads\/2025\/06\/dimona-1536x864.jpg 1536w\" sizes=\"auto, (max-width: 2048px) 100vw, 2048px\" \/><\/p>\n<p><span style=\"color: #000000;\">Nj\u00eb zyrtar i lart\u00eb iranian i tha stacionit televiziv t\u00eb Katarit, Al Jazeera, se &#8220;reaktori n\u00eb Dimona mund t\u00eb jet\u00eb nj\u00eb objektiv legjitim n\u00ebse lufta p\u00ebrshkall\u00ebzohet n\u00eb dimensione t\u00eb reja&#8221;. <\/span><\/p>\n<p><span style=\"color: #000000;\">Sipas zyrtarit, <em>&#8220;sulmet kund\u00ebr objektivave izraelite jan\u00eb shum\u00eb efektive, nd\u00ebrsa ushtria izraelite e mban sekret k\u00ebt\u00eb. Ne kemi raketa m\u00eb t\u00eb p\u00ebrparuara se ato q\u00eb kemi p\u00ebrdorur deri m\u00eb tani dhe nuk ka dyshim se do t&#8217;i p\u00ebrdorim ato&#8221;<\/em>. Zyrtari i lart\u00eb shtoi se &#8220;bashkimi i SHBA-s\u00eb n\u00eb an\u00ebn e Izraelit do t\u00eb thot\u00eb q\u00eb lufta do t\u00eb arrij\u00eb dimensione rajonale&#8221;, shkruan <span style=\"color: #0000ff;\"><a style=\"color: #0000ff;\" href=\"https:\/\/www.ynetnews.com\/category\/3089\">Ynet<\/a><\/span>.<\/span><\/p>\n<p><span style=\"color: #000000;\">Nd\u00ebrkoh\u00eb z\u00ebdh\u00ebn\u00ebsi i IDF-s\u00eb, gjeneral brigade Efi Defrin, b\u00ebri nj\u00eb deklarat\u00eb, duke njoftuar se &#8220;avion\u00ebt e Forcave Ajrore Izraelite sulmuan tre avion\u00eb luftarak\u00eb F-14 t\u00eb ushtris\u00eb iraniane n\u00eb zem\u00ebr t\u00eb vendit. Ne po godasim t\u00eb gjitha komponent\u00ebt e prodhimit t\u00eb raketave dhe po e pengojm\u00eb ushtrin\u00eb iraniane t\u00eb rind\u00ebrtoj\u00eb aft\u00ebsit\u00eb e saj strategjike&#8221;.<\/span><\/p>\n<p><span style=\"color: #000000;\"> Sipas tij, &#8220;n\u00eb t\u00eb nj\u00ebjt\u00ebn koh\u00eb, forcat tona po intensifikojn\u00eb sulmet ndaj aft\u00ebsive t\u00eb qitjeve t\u00eb grupeve t\u00eb tyre t\u00eb artileris\u00eb. Aft\u00ebsit\u00eb e l\u00ebshimit t\u00eb raketave q\u00eb ato kan\u00eb sot jan\u00eb shum\u00eb larg aft\u00ebsive q\u00eb kishin kur filluam operacionin&#8221;. Gjeneral brigade Defrin shtoi se &#8220;jav\u00ebn e kaluar, m\u00eb shum\u00eb se 1,000 dron\u00eb u l\u00ebshuan drejt territorit izraelit. P\u00ebrve\u00e7 veprimeve mbrojt\u00ebse, Forcat Ajrore po prishin zinxhirin komandues t\u00eb selis\u00eb s\u00eb UAV-ve&#8221;.<\/span><\/p>\n","protected":false,"gt_translate_keys":[{"key":"rendered","format":"html"}]},"excerpt":{"rendered":"<p>Nj\u00eb zyrtar i lart\u00eb iranian i tha stacionit televiziv t\u00eb Katarit, Al Jazeera, se &#8220;reaktori n\u00eb Dimona mund t\u00eb jet\u00eb nj\u00eb objektiv legjitim n\u00ebse lufta p\u00ebrshkall\u00ebzohet n\u00eb dimensione t\u00eb reja&#8221;. Sipas zyrtarit, &#8220;sulmet kund\u00ebr objektivave izraelite jan\u00eb shum\u00eb efektive, nd\u00ebrsa ushtria izraelite e mban sekret k\u00ebt\u00eb. Ne kemi raketa m\u00eb t\u00eb p\u00ebrparuara se ato q\u00eb [&hellip;]<\/p>\n","protected":false,"gt_translate_keys":[{"key":"rendered","format":"html"}]},"author":51,"featured_media":747893,"comment_status":"closed","ping_status":"open","sticky":false,"template":"","format":"standard","meta":{"footnotes":""},"categories":[53],"tags":[],"class_list":["post-747892","post","type-post","status-publish","format-standard","has-post-thumbnail","hentry","category-fast-foodi"],"gt_translate_keys":[{"key":"link","format":"url"}],"_links":{"self":[{"href":"https:\/\/www.hashtag.al\/index.php\/wp-json\/wp\/v2\/posts\/747892","targetHints":{"allow":["GET"]}}],"collection":[{"href":"https:\/\/www.hashtag.al\/index.php\/wp-json\/wp\/v2\/posts"}],"about":[{"href":"https:\/\/www.hashtag.al\/index.php\/wp-json\/wp\/v2\/types\/post"}],"author":[{"embeddable":true,"href":"https:\/\/www.hashtag.al\/index.php\/wp-json\/wp\/v2\/users\/51"}],"replies":[{"embeddable":true,"href":"https:\/\/www.hashtag.al\/index.php\/wp-json\/wp\/v2\/comments?post=747892"}],"version-history":[{"count":99999,"href":"https:\/\/www.hashtag.al\/index.php\/wp-json\/wp\/v2\/posts\/747892\/revisions"}],"predecessor-version":[{"id":747894,"href":"https:\/\/www.hashtag.al\/index.php\/wp-json\/wp\/v2\/posts\/747892\/revisions\/747894"}],"wp:featuredmedia":[{"embeddable":true,"href":"https:\/\/www.hashtag.al\/index.php\/wp-json\/wp\/v2\/media\/747893"}],"wp:attachment":[{"href":"https:\/\/www.hashtag.al\/index.php\/wp-json\/wp\/v2\/media?parent=747892"}],"wp:term":[{"taxonomy":"category","embeddable":true,"href":"https:\/\/www.hashtag.al\/index.php\/wp-json\/wp\/v2\/categories?post=747892"},{"taxonomy":"post_tag","embeddable":true,"href":"https:\/\/www.hashtag.al\/index.php\/wp-json\/wp\/v2\/tags?post=747892"}],"curies":[{"name":"wp","href":"https:\/\/api.w.org\/{rel}","templated":true}]}}