{"id":747846,"date":"2025-06-21T16:10:46","date_gmt":"2025-06-21T14:10:46","guid":{"rendered":"https:\/\/www.hashtag.al\/?p=747846"},"modified":"2025-06-21T16:43:17","modified_gmt":"2025-06-21T14:43:17","slug":"khamenei-emeron-tre-pasardhes-te-mundshem-ne-rast-se-vritet","status":"publish","type":"post","link":"https:\/\/www.hashtag.al\/index.php\/2025\/06\/21\/khamenei-emeron-tre-pasardhes-te-mundshem-ne-rast-se-vritet\/","title":{"rendered":"Khamenei em\u00ebron tre pasardh\u00ebs t\u00eb mundsh\u00ebm","gt_translate_keys":[{"key":"rendered","format":"text"}]},"content":{"rendered":"<p><img loading=\"lazy\" decoding=\"async\" class=\"aligncenter size-full wp-image-448805\" src=\"https:\/\/www.hashtag.al\/wp-content\/uploads\/2021\/05\/Khamenei.jpg\" alt=\"\" width=\"980\" height=\"551\" srcset=\"https:\/\/www.hashtag.al\/wp-content\/uploads\/2021\/05\/Khamenei.jpg 980w, https:\/\/www.hashtag.al\/wp-content\/uploads\/2021\/05\/Khamenei-300x169.jpg 300w, https:\/\/www.hashtag.al\/wp-content\/uploads\/2021\/05\/Khamenei-768x432.jpg 768w\" sizes=\"auto, (max-width: 980px) 100vw, 980px\" \/><\/p>\n<p><span style=\"color: #000000;\">Lideri Suprem i Iranit, Ayatollah Ali Khamenei, \u00ebsht\u00eb strehuar n\u00eb nj\u00eb bunker q\u00eb prej nisjes s\u00eb sulmeve izraelite dhe ka em\u00ebruar fshehurazi tre pasardh\u00ebs t\u00eb mundsh\u00ebm n\u00eb rast se vritet, raportoi t\u00eb shtun\u00ebn <em>New York Times<\/em>, duke cituar zyrtar\u00eb iranian\u00eb.<\/span><\/p>\n<p><span style=\"color: #000000;\">Sipas raportit, Khamenei, 86 vje\u00e7, ka caktuar gjithashtu z\u00ebvend\u00ebsues p\u00ebr komand\u00ebn ushtarake m\u00eb t\u00eb lart\u00eb, duke pasur frik\u00eb se drejtues t\u00eb tjer\u00eb t\u00eb nivelit t\u00eb lart\u00eb mund t\u00eb jen\u00eb objektiv i sulmeve izraelite, pas vrasjes s\u00eb disa komandant\u00ebve gjat\u00eb dit\u00ebve t\u00eb para t\u00eb p\u00ebrshkall\u00ebzimit t\u00eb konfliktit.<\/span><\/p>\n<p><span style=\"color: #000000;\">Tre burimet iraniane, t\u00eb cilat k\u00ebrkuan t\u00eb mbeten anonime, than\u00eb se Khamenei tani komunikon me komandant\u00ebt vet\u00ebm p\u00ebrmes nj\u00eb ndihm\u00ebsi dhe ka nd\u00ebrprer\u00eb \u00e7do komunikim dixhital p\u00ebr t\u00eb shmangur zbulimin, sipas<span style=\"color: #0000ff;\"><a style=\"color: #0000ff;\" href=\"https:\/\/www.ynetnews.com\/article\/sy6ekqenxe\"> Ynet.<\/a><\/span><\/span><\/p>\n<p><span style=\"color: #000000;\">Vendimi i tij p\u00ebr t\u00eb identifikuar tre klerik\u00eb si pasardh\u00ebs t\u00eb mundsh\u00ebm pasqyron nivelin e lart\u00eb t\u00eb k\u00ebrc\u00ebnimit ndaj udh\u00ebheqjes s\u00eb tij n\u00eb k\u00ebt\u00eb koh\u00eb lufte. Zyrtar\u00ebt iranian\u00eb thon\u00eb se Lideri Suprem ka nd\u00ebrmarr\u00eb masa t\u00eb jasht\u00ebzakonshme p\u00ebr t\u00eb ruajtur stabilitetin e Republik\u00ebs Islamike q\u00eb nga nisja e konfliktit.<\/span><\/p>\n<p><span style=\"color: #000000;\">Megjith\u00ebse struktura komanduese e ushtris\u00eb mbetet funksionale, zyrtar\u00ebt pranojn\u00eb se ajo \u00ebsht\u00eb d\u00ebmtuar ndjesh\u00ebm. Deri tani, nuk ka shenja t\u00eb nj\u00eb revolte t\u00eb brendshme brenda regjimit.<\/span><\/p>\n<p><span style=\"color: #000000;\">Khamenei thuhet se e pranon mund\u00ebsin\u00eb e vrasjes nga Izraeli apo Shtetet e Bashkuara dhe beson se, n\u00ebse vritet, do t\u00eb vdes\u00eb si d\u00ebshmor.<\/span><\/p>\n<p><span style=\"color: #000000;\">N\u00eb nj\u00eb l\u00ebvizje t\u00eb rrall\u00eb, ai u ka dh\u00ebn\u00eb urdh\u00ebr an\u00ebtar\u00ebve t\u00eb Asambles\u00eb s\u00eb Ekspert\u00ebve\u2014trupi q\u00eb zgjedh liderin suprem\u2014q\u00eb t\u00eb p\u00ebrzgjedhin shpejt pasardh\u00ebsin e tij nga tre emrat e propozuar, p\u00ebr t\u00eb siguruar nj\u00eb kalim t\u00eb but\u00eb dhe t\u00eb shpejt\u00eb t\u00eb pushtetit.<\/span><\/p>\n<p><span style=\"color: #000000;\">N\u00eb kushte normale, procesi i zgjedhjes s\u00eb nj\u00eb lideri t\u00eb ri suprem zgjat me muaj, me klerik\u00ebt q\u00eb shqyrtojn\u00eb nj\u00eb list\u00eb kandidat\u00ebsh.<\/span><\/p>\n<p><span style=\"color: #000000;\">Por n\u00eb kushtet e tanishme lufte, Khamenei ka v\u00ebn\u00eb n\u00eb krye t\u00eb prioriteteve vazhdim\u00ebsin\u00eb e regjimit dhe ruajtjen e trash\u00ebgimis\u00eb s\u00eb tij politike.<\/span><\/p>\n<p><span style=\"color: #000000;\">M\u00eb par\u00eb, djali i tij Mojtaba\u2014edhe vet\u00eb klerik dhe i lidhur ngusht\u00eb me Gard\u00ebn Revolucionare Islamike\u2014kishte qen\u00eb konsideruar si nj\u00eb pasardh\u00ebs i mundsh\u00ebm.<\/span><\/p>\n<p><span style=\"color: #000000;\">Megjithat\u00eb, sipas <em>New York Times<\/em>, ai nuk \u00ebsht\u00eb mes emrave t\u00eb paraqitur nga Khamenei.<\/span><\/p>\n<p><span style=\"color: #000000;\">Nj\u00eb tjet\u00ebr kandidat i m\u00ebparsh\u00ebm, presidenti Ebrahim Raisi, vdiq vitin e kaluar n\u00eb nj\u00eb aksident me helikopter.<\/span><\/p>\n<p><span style=\"color: #000000;\">Q\u00eb nga nisja e luft\u00ebs, Khamenei ka publikuar dy mesazhe t\u00eb regjistruara p\u00ebr popullin iranian, duke premtuar se regjimi nuk do t\u00eb dor\u00ebzohet.<\/span><\/p>\n<p><span style=\"color: #000000;\">Nd\u00ebrsa zakonisht operon nga nj\u00eb kompleks i sigurt n\u00eb Teheran, vendimi i tij p\u00ebr t\u00eb u strehuar n\u00eb nj\u00eb bunker n\u00ebnvizon intensitetin e sulmeve izraelite dhe frik\u00ebn e thell\u00eb brenda udh\u00ebheqjes iraniane.<\/span><\/p>\n<p><span style=\"color: #000000;\">Raporti thekson gjithashtu se Ministria iraniane e Inteligjenc\u00ebs ka urdh\u00ebruar zyrtar\u00ebt m\u00eb t\u00eb lart\u00eb t\u00eb qeveris\u00eb dhe komandant\u00ebt ushtarak\u00eb t\u00eb q\u00ebndrojn\u00eb t\u00eb fshehur n\u00ebn tok\u00eb dhe t\u00eb mos p\u00ebrdorin telefona celular\u00eb apo pajisje t\u00eb tjera komunikimi elektronike, nga frika e infiltrimeve apo atentateve t\u00eb mundshme izraelite.<\/span><\/p>\n<p><span style=\"color: #000000;\">Dy burime iraniane than\u00eb se ky urdh\u00ebr reflekton shqet\u00ebsimin serioz p\u00ebr mund\u00ebsin\u00eb e sulmeve t\u00eb m\u00ebtejshme kund\u00ebr udh\u00ebheqjes s\u00eb lart\u00eb t\u00eb Iranit.<\/span><\/p>\n","protected":false,"gt_translate_keys":[{"key":"rendered","format":"html"}]},"excerpt":{"rendered":"<p>Lideri Suprem i Iranit, Ayatollah Ali Khamenei, \u00ebsht\u00eb strehuar n\u00eb nj\u00eb bunker q\u00eb prej nisjes s\u00eb sulmeve izraelite dhe ka em\u00ebruar fshehurazi tre pasardh\u00ebs t\u00eb mundsh\u00ebm n\u00eb rast se vritet, raportoi t\u00eb shtun\u00ebn New York Times, duke cituar zyrtar\u00eb iranian\u00eb. Sipas raportit, Khamenei, 86 vje\u00e7, ka caktuar gjithashtu z\u00ebvend\u00ebsues p\u00ebr komand\u00ebn ushtarake m\u00eb t\u00eb lart\u00eb, [&hellip;]<\/p>\n","protected":false,"gt_translate_keys":[{"key":"rendered","format":"html"}]},"author":32,"featured_media":448805,"comment_status":"closed","ping_status":"open","sticky":false,"template":"","format":"standard","meta":{"footnotes":""},"categories":[6],"tags":[],"class_list":["post-747846","post","type-post","status-publish","format-standard","has-post-thumbnail","hentry","category-nderkombetare"],"gt_translate_keys":[{"key":"link","format":"url"}],"_links":{"self":[{"href":"https:\/\/www.hashtag.al\/index.php\/wp-json\/wp\/v2\/posts\/747846","targetHints":{"allow":["GET"]}}],"collection":[{"href":"https:\/\/www.hashtag.al\/index.php\/wp-json\/wp\/v2\/posts"}],"about":[{"href":"https:\/\/www.hashtag.al\/index.php\/wp-json\/wp\/v2\/types\/post"}],"author":[{"embeddable":true,"href":"https:\/\/www.hashtag.al\/index.php\/wp-json\/wp\/v2\/users\/32"}],"replies":[{"embeddable":true,"href":"https:\/\/www.hashtag.al\/index.php\/wp-json\/wp\/v2\/comments?post=747846"}],"version-history":[{"count":99999,"href":"https:\/\/www.hashtag.al\/index.php\/wp-json\/wp\/v2\/posts\/747846\/revisions"}],"predecessor-version":[{"id":747853,"href":"https:\/\/www.hashtag.al\/index.php\/wp-json\/wp\/v2\/posts\/747846\/revisions\/747853"}],"wp:featuredmedia":[{"embeddable":true,"href":"https:\/\/www.hashtag.al\/index.php\/wp-json\/wp\/v2\/media\/448805"}],"wp:attachment":[{"href":"https:\/\/www.hashtag.al\/index.php\/wp-json\/wp\/v2\/media?parent=747846"}],"wp:term":[{"taxonomy":"category","embeddable":true,"href":"https:\/\/www.hashtag.al\/index.php\/wp-json\/wp\/v2\/categories?post=747846"},{"taxonomy":"post_tag","embeddable":true,"href":"https:\/\/www.hashtag.al\/index.php\/wp-json\/wp\/v2\/tags?post=747846"}],"curies":[{"name":"wp","href":"https:\/\/api.w.org\/{rel}","templated":true}]}}