{"id":747753,"date":"2025-06-20T20:47:42","date_gmt":"2025-06-20T18:47:42","guid":{"rendered":"https:\/\/www.hashtag.al\/?p=747753"},"modified":"2025-06-20T20:47:42","modified_gmt":"2025-06-20T18:47:42","slug":"ndertime-te-paligjshme-ne-uren-e-vashes-ne-hetim-nje-50-vjecar-nga-klosi","status":"publish","type":"post","link":"https:\/\/www.hashtag.al\/index.php\/2025\/06\/20\/ndertime-te-paligjshme-ne-uren-e-vashes-ne-hetim-nje-50-vjecar-nga-klosi\/","title":{"rendered":"Nd\u00ebrtime t\u00eb paligjshme n\u00eb \u201cUr\u00ebn e Vash\u00ebs\u201d, n\u00eb hetim nj\u00eb 50-vje\u00e7ar nga Klosi","gt_translate_keys":[{"key":"rendered","format":"text"}]},"content":{"rendered":"<p data-start=\"81\" data-end=\"442\"><span style=\"color: #000000;\"><img decoding=\"async\" class=\"aligncenter\" src=\"https:\/\/www.hashtag.al\/wp-content\/uploads\/2025\/05\/1742484421_policiaetiranes-1.jpg\" \/><\/span><\/p>\n<p data-start=\"81\" data-end=\"442\"><span style=\"color: #000000;\">Policia e Matit ka nisur nj\u00eb hetim penal ndaj nj\u00eb 50-vje\u00e7ari t\u00eb dyshuar p\u00ebr nd\u00ebrhyrje t\u00eb paligjshme n\u00eb monumentin e kultur\u00ebs \u201cUra e Vash\u00ebs\u201d, nj\u00eb nga veprat historike m\u00eb t\u00eb r\u00ebnd\u00ebsishme t\u00eb zon\u00ebs. Shtetasi F. S., banues n\u00eb fshatin Fshat t\u00eb Klosit, akuzohet p\u00ebr kryerjen e g\u00ebrmimeve, zhvendosjen e inertesh dhe nd\u00ebrtimin pa leje n\u00eb af\u00ebrsi t\u00eb monumentit t\u00eb mbrojtur.<\/span><\/p>\n<p data-start=\"444\" data-end=\"736\"><span style=\"color: #000000;\">Sipas njoftimit zyrtar, specialist\u00ebt p\u00ebr Hetimin e Krimeve n\u00eb Komisariatin e Policis\u00eb Mat kan\u00eb referuar materialet n\u00eb Prokurorin\u00eb e Dibr\u00ebs, nd\u00ebrsa ndaj 50-vje\u00e7arit ka nisur procedimi penal p\u00ebr veprat penale \u201cShkat\u00ebrrimi i veprave kulturore\u201d, \u201cShp\u00ebrdorimi i tok\u00ebs\u201d dhe \u201cNd\u00ebrtimi i paligjsh\u00ebm\u201d.<\/span><\/p>\n<p data-start=\"738\" data-end=\"1031\"><span style=\"color: #000000;\">Hetimet kan\u00eb konstatuar se nd\u00ebrhyrjet jan\u00eb kryer n\u00eb m\u00ebnyr\u00eb flagrante dhe pa asnj\u00eb autorizim, duke v\u00ebn\u00eb n\u00eb rrezik integritetin e nj\u00eb monumenti t\u00eb r\u00ebnd\u00ebsis\u00eb s\u00eb ve\u00e7ant\u00eb kulturore. F. S. \u00ebsht\u00eb kapur n\u00eb flagranc\u00eb nga autoritetet nd\u00ebrsa po nd\u00ebrtonte nj\u00eb objekt pa leje nd\u00ebrtimi pran\u00eb ur\u00ebs historike.<\/span><\/p>\n<p data-start=\"1033\" data-end=\"1340\" data-is-last-node=\"\" data-is-only-node=\"\"><span style=\"color: #000000;\">Materialet i jan\u00eb dor\u00ebzuar Prokuroris\u00eb pran\u00eb Gjykat\u00ebs s\u00eb Shkall\u00ebs s\u00eb Par\u00eb t\u00eb Juridiksionit t\u00eb P\u00ebrgjithsh\u00ebm Dib\u00ebr, e cila do t\u00eb vijoj\u00eb hetimet p\u00ebr zbardhjen e plot\u00eb t\u00eb rastit. Nd\u00ebrkoh\u00eb, autoritetet kan\u00eb theksuar se do t\u00eb intensifikojn\u00eb kontrollet p\u00ebr t\u00eb mbrojtur pasurit\u00eb kulturore nga d\u00ebmtimet dhe abuzimet.<\/span><\/p>\n","protected":false,"gt_translate_keys":[{"key":"rendered","format":"html"}]},"excerpt":{"rendered":"<p>Policia e Matit ka nisur nj\u00eb hetim penal ndaj nj\u00eb 50-vje\u00e7ari t\u00eb dyshuar p\u00ebr nd\u00ebrhyrje t\u00eb paligjshme n\u00eb monumentin e kultur\u00ebs \u201cUra e Vash\u00ebs\u201d, nj\u00eb nga veprat historike m\u00eb t\u00eb r\u00ebnd\u00ebsishme t\u00eb zon\u00ebs. Shtetasi F. S., banues n\u00eb fshatin Fshat t\u00eb Klosit, akuzohet p\u00ebr kryerjen e g\u00ebrmimeve, zhvendosjen e inertesh dhe nd\u00ebrtimin pa leje n\u00eb [&hellip;]<\/p>\n","protected":false,"gt_translate_keys":[{"key":"rendered","format":"html"}]},"author":32,"featured_media":742340,"comment_status":"closed","ping_status":"open","sticky":false,"template":"","format":"standard","meta":{"footnotes":""},"categories":[65],"tags":[],"class_list":["post-747753","post","type-post","status-publish","format-standard","has-post-thumbnail","hentry","category-lajme"],"gt_translate_keys":[{"key":"link","format":"url"}],"_links":{"self":[{"href":"https:\/\/www.hashtag.al\/index.php\/wp-json\/wp\/v2\/posts\/747753","targetHints":{"allow":["GET"]}}],"collection":[{"href":"https:\/\/www.hashtag.al\/index.php\/wp-json\/wp\/v2\/posts"}],"about":[{"href":"https:\/\/www.hashtag.al\/index.php\/wp-json\/wp\/v2\/types\/post"}],"author":[{"embeddable":true,"href":"https:\/\/www.hashtag.al\/index.php\/wp-json\/wp\/v2\/users\/32"}],"replies":[{"embeddable":true,"href":"https:\/\/www.hashtag.al\/index.php\/wp-json\/wp\/v2\/comments?post=747753"}],"version-history":[{"count":99999,"href":"https:\/\/www.hashtag.al\/index.php\/wp-json\/wp\/v2\/posts\/747753\/revisions"}],"predecessor-version":[{"id":747754,"href":"https:\/\/www.hashtag.al\/index.php\/wp-json\/wp\/v2\/posts\/747753\/revisions\/747754"}],"wp:featuredmedia":[{"embeddable":true,"href":"https:\/\/www.hashtag.al\/index.php\/wp-json\/wp\/v2\/media\/742340"}],"wp:attachment":[{"href":"https:\/\/www.hashtag.al\/index.php\/wp-json\/wp\/v2\/media?parent=747753"}],"wp:term":[{"taxonomy":"category","embeddable":true,"href":"https:\/\/www.hashtag.al\/index.php\/wp-json\/wp\/v2\/categories?post=747753"},{"taxonomy":"post_tag","embeddable":true,"href":"https:\/\/www.hashtag.al\/index.php\/wp-json\/wp\/v2\/tags?post=747753"}],"curies":[{"name":"wp","href":"https:\/\/api.w.org\/{rel}","templated":true}]}}