{"id":747677,"date":"2025-06-20T13:21:59","date_gmt":"2025-06-20T11:21:59","guid":{"rendered":"https:\/\/www.hashtag.al\/?p=747677"},"modified":"2025-06-20T13:32:36","modified_gmt":"2025-06-20T11:32:36","slug":"berisha-ironizon-akademine-politike-te-ps-se-socialistet-nuk-perfaqesojne-popullin-por-kartelet-e-droges","status":"publish","type":"post","link":"https:\/\/www.hashtag.al\/index.php\/2025\/06\/20\/berisha-ironizon-akademine-politike-te-ps-se-socialistet-nuk-perfaqesojne-popullin-por-kartelet-e-droges\/","title":{"rendered":"Berisha ironizon Akademin\u00eb Politike t\u00eb PS-s\u00eb: Socialist\u00ebt nuk p\u00ebrfaq\u00ebsojn\u00eb popullin, por kartelet e drog\u00ebs","gt_translate_keys":[{"key":"rendered","format":"text"}]},"content":{"rendered":"<p><span style=\"color: #000000;\"><img loading=\"lazy\" decoding=\"async\" class=\"alignnone size-medium wp-image-747678\" src=\"https:\/\/www.hashtag.al\/wp-content\/uploads\/2025\/06\/berisha-8-1-300x182.jpg\" alt=\"\" width=\"300\" height=\"182\" srcset=\"https:\/\/www.hashtag.al\/wp-content\/uploads\/2025\/06\/berisha-8-1-300x182.jpg 300w, https:\/\/www.hashtag.al\/wp-content\/uploads\/2025\/06\/berisha-8-1-1024x620.jpg 1024w, https:\/\/www.hashtag.al\/wp-content\/uploads\/2025\/06\/berisha-8-1-768x465.jpg 768w, https:\/\/www.hashtag.al\/wp-content\/uploads\/2025\/06\/berisha-8-1.jpg 1066w\" sizes=\"auto, (max-width: 300px) 100vw, 300px\" \/><\/span><\/p>\n<p><span style=\"color: #000000;\">Kreu i Partis\u00eb Demokratike, Sali Berisha, reagoi ashp\u00ebr ndaj nism\u00ebs s\u00eb Partis\u00eb Socialiste p\u00ebr Akademin\u00eb Politike, q\u00eb synon trajnimin e deputet\u00ebve t\u00eb rinj socialist\u00eb q\u00eb do t\u00eb marrin mandatin n\u00eb shtator.<\/span><\/p>\n<p><span style=\"color: #000000;\">Gjat\u00eb nj\u00eb deklarate p\u00ebr mediat t\u00eb enjten, Berisha ironizoi k\u00ebt\u00eb nism\u00eb duke th\u00ebn\u00eb se deputet\u00ebt e PS-s\u00eb nuk p\u00ebrfaq\u00ebsojn\u00eb qytetar\u00ebt, por kartelet kriminale dhe drog\u00ebn.<\/span><\/p>\n<p><span style=\"color: #000000;\"><em>\u201cDeputet\u00ebt e partis\u00eb s\u00eb krimit kisha vet\u00ebm nj\u00eb fjal\u00eb; nuk p\u00ebrfaq\u00ebsojn\u00eb popullin, p\u00ebrfaq\u00ebsojn\u00eb kartel\u00ebt e drog\u00ebs dhe t\u00eb krimit n\u00eb Shqip\u00ebri,\u201d<\/em> u shpreh Berisha.<\/span><\/p>\n<p><span style=\"color: #000000;\">Ai i k\u00ebrkoi atyre q\u00eb t\u00eb dor\u00ebzojn\u00eb mandatet, duke theksuar se vendi ka nevoj\u00eb p\u00ebr zgjedhje t\u00eb reja p\u00ebr t\u00eb rikthyer p\u00ebrfaq\u00ebsimin e v\u00ebrtet\u00eb t\u00eb qytetar\u00ebve n\u00eb Kuvend.<\/span><\/p>\n<p><span style=\"color: #000000;\"><em>\u201cJu vend n\u00eb parlament nuk keni. Kaq. Dor\u00ebzoni ato mandate t\u00eb b\u00ebhen zgjedhje dhe kjo \u00ebsht\u00eb e gjith\u00eb puna,\u201d<\/em> tha kreu i opozit\u00ebs.<\/span><\/p>\n<p><span style=\"color: #000000;\">Berisha p\u00ebrmendi gjithashtu parregullsit\u00eb n\u00eb procesin zgjedhor, duke e cil\u00ebsuar famoz\u00ebn Sara Mile si personin q\u00eb mori t\u00eb gjitha votat n\u00eb flet\u00ebt pa firma, duke l\u00ebn\u00eb t\u00eb n\u00ebnkuptohet nj\u00eb manipulim masiv n\u00eb proces.<\/span><\/p>\n<p><span style=\"color: #000000;\">Ai p\u00ebrmendi edhe t\u00eb ashtuquajturin &#8220;Treni Bullgar&#8221;, duke e cil\u00ebsuar si nj\u00eb nd\u00ebr komponent\u00ebt e skem\u00ebs s\u00eb manipulimit, por shtoi se kan\u00eb ndodhur edhe nd\u00ebrhyrje t\u00eb tjera m\u00eb t\u00eb m\u00ebdha q\u00eb, sipas tij, komprometojn\u00eb seriozisht integritetin e zgjedhjeve.<\/span><\/p>\n<p><span style=\"color: #000000;\">Deklaratat e Berish\u00ebs vijn\u00eb n\u00eb vazhd\u00ebn e akuzave t\u00eb tij t\u00eb ashpra kund\u00ebr mazhoranc\u00ebs socialiste, t\u00eb cilat jan\u00eb intensifikuar pas publikimit t\u00eb dyshimeve p\u00ebr manipulim t\u00eb vot\u00ebs s\u00eb diaspor\u00ebs dhe p\u00ebrfshirje t\u00eb strukturave shtet\u00ebrore n\u00eb procese t\u00eb paligjshme.<\/span><\/p>\n","protected":false,"gt_translate_keys":[{"key":"rendered","format":"html"}]},"excerpt":{"rendered":"<p>Kreu i Partis\u00eb Demokratike, Sali Berisha, reagoi ashp\u00ebr ndaj nism\u00ebs s\u00eb Partis\u00eb Socialiste p\u00ebr Akademin\u00eb Politike, q\u00eb synon trajnimin e deputet\u00ebve t\u00eb rinj socialist\u00eb q\u00eb do t\u00eb marrin mandatin n\u00eb shtator. Gjat\u00eb nj\u00eb deklarate p\u00ebr mediat t\u00eb enjten, Berisha ironizoi k\u00ebt\u00eb nism\u00eb duke th\u00ebn\u00eb se deputet\u00ebt e PS-s\u00eb nuk p\u00ebrfaq\u00ebsojn\u00eb qytetar\u00ebt, por kartelet kriminale dhe [&hellip;]<\/p>\n","protected":false,"gt_translate_keys":[{"key":"rendered","format":"html"}]},"author":32,"featured_media":747678,"comment_status":"closed","ping_status":"open","sticky":false,"template":"","format":"standard","meta":{"footnotes":""},"categories":[65],"tags":[],"class_list":["post-747677","post","type-post","status-publish","format-standard","has-post-thumbnail","hentry","category-lajme"],"gt_translate_keys":[{"key":"link","format":"url"}],"_links":{"self":[{"href":"https:\/\/www.hashtag.al\/index.php\/wp-json\/wp\/v2\/posts\/747677","targetHints":{"allow":["GET"]}}],"collection":[{"href":"https:\/\/www.hashtag.al\/index.php\/wp-json\/wp\/v2\/posts"}],"about":[{"href":"https:\/\/www.hashtag.al\/index.php\/wp-json\/wp\/v2\/types\/post"}],"author":[{"embeddable":true,"href":"https:\/\/www.hashtag.al\/index.php\/wp-json\/wp\/v2\/users\/32"}],"replies":[{"embeddable":true,"href":"https:\/\/www.hashtag.al\/index.php\/wp-json\/wp\/v2\/comments?post=747677"}],"version-history":[{"count":99999,"href":"https:\/\/www.hashtag.al\/index.php\/wp-json\/wp\/v2\/posts\/747677\/revisions"}],"predecessor-version":[{"id":747679,"href":"https:\/\/www.hashtag.al\/index.php\/wp-json\/wp\/v2\/posts\/747677\/revisions\/747679"}],"wp:featuredmedia":[{"embeddable":true,"href":"https:\/\/www.hashtag.al\/index.php\/wp-json\/wp\/v2\/media\/747678"}],"wp:attachment":[{"href":"https:\/\/www.hashtag.al\/index.php\/wp-json\/wp\/v2\/media?parent=747677"}],"wp:term":[{"taxonomy":"category","embeddable":true,"href":"https:\/\/www.hashtag.al\/index.php\/wp-json\/wp\/v2\/categories?post=747677"},{"taxonomy":"post_tag","embeddable":true,"href":"https:\/\/www.hashtag.al\/index.php\/wp-json\/wp\/v2\/tags?post=747677"}],"curies":[{"name":"wp","href":"https:\/\/api.w.org\/{rel}","templated":true}]}}