{"id":747403,"date":"2025-06-18T22:49:22","date_gmt":"2025-06-18T20:49:22","guid":{"rendered":"https:\/\/www.hashtag.al\/?p=747403"},"modified":"2025-06-18T22:49:22","modified_gmt":"2025-06-18T20:49:22","slug":"gjermania-franca-dhe-britania-drejt-bisedimeve-berthamore-me-iranin-ne-gjeneve","status":"publish","type":"post","link":"https:\/\/www.hashtag.al\/index.php\/2025\/06\/18\/gjermania-franca-dhe-britania-drejt-bisedimeve-berthamore-me-iranin-ne-gjeneve\/","title":{"rendered":"Gjermania, Franca dhe Britania drejt bisedimeve b\u00ebrthamore me Iranin n\u00eb Gjenev\u00eb","gt_translate_keys":[{"key":"rendered","format":"text"}]},"content":{"rendered":"<p data-start=\"200\" data-end=\"442\"><span style=\"color: #000000;\"><img decoding=\"async\" class=\"aligncenter\" src=\"https:\/\/www.hashtag.al\/wp-content\/uploads\/2024\/09\/khamenei.png\" \/><\/span><\/p>\n<p data-start=\"200\" data-end=\"442\"><span style=\"color: #000000;\">Ministrat e Jasht\u00ebm t\u00eb Gjermanis\u00eb, Franc\u00ebs dhe Britanis\u00eb s\u00eb Madhe pritet t\u00eb zhvillojn\u00eb nj\u00eb takim n\u00eb Gjenev\u00eb me homologun e tyre iranian p\u00ebr t\u00eb diskutuar \u00e7\u00ebshtjen b\u00ebrthamore, p\u00ebrcjell <span style=\"color: #0000ff;\"><a style=\"color: #0000ff;\" href=\"https:\/\/www.ynetnews.com\/article\/mbpk2ncoz?utm_source=ynetnews.com&amp;utm_medium=Share&amp;utm_campaign=whatsapputm_term=mbpk2ncoz&amp;utm_content=Flash\">YNetNews<\/a><\/span>.<\/span><\/p>\n<p data-start=\"444\" data-end=\"745\"><span style=\"color: #000000;\">Sipas burimeve diplomatike, takimi do t\u00eb zhvillohet n\u00eb dy faza: fillimisht, ministrat evropian\u00eb do t\u00eb takohen me P\u00ebrfaq\u00ebsuesen e Lart\u00eb p\u00ebr Politik\u00ebn e Jashtme t\u00eb Bashkimit Evropian, Kaja Kallas, e m\u00eb pas do t\u00eb mbahet nj\u00eb takim i p\u00ebrbashk\u00ebt me Ministrin e Jasht\u00ebm t\u00eb Iranit, Abbas Araghchi.<\/span><\/p>\n<p data-start=\"747\" data-end=\"950\"><span style=\"color: #000000;\">Bisedimet vijn\u00eb n\u00eb nj\u00eb moment tensioni t\u00eb shtuar n\u00eb Lindjen e Mesme dhe n\u00eb vijim t\u00eb shqet\u00ebsimeve nd\u00ebrkomb\u00ebtare mbi programin b\u00ebrthamor t\u00eb Iranit dhe p\u00ebrshkall\u00ebzimin e situat\u00ebs ushtarake n\u00eb rajon.<\/span><\/p>\n<p data-start=\"952\" data-end=\"1195\"><span style=\"color: #000000;\">Nuk jan\u00eb dh\u00ebn\u00eb ende detaje mbi axhend\u00ebn e plot\u00eb apo objektivat konkrete t\u00eb takimit, por pritet q\u00eb pal\u00ebt t\u00eb diskutojn\u00eb rritjen e transparenc\u00ebs b\u00ebrthamore, \u00e7\u00ebshtjet e siguris\u00eb dhe mund\u00ebsin\u00eb e rikthimit n\u00eb tryez\u00ebn e negociatave nd\u00ebrkomb\u00ebtare.<\/span><\/p>\n","protected":false,"gt_translate_keys":[{"key":"rendered","format":"html"}]},"excerpt":{"rendered":"<p>Ministrat e Jasht\u00ebm t\u00eb Gjermanis\u00eb, Franc\u00ebs dhe Britanis\u00eb s\u00eb Madhe pritet t\u00eb zhvillojn\u00eb nj\u00eb takim n\u00eb Gjenev\u00eb me homologun e tyre iranian p\u00ebr t\u00eb diskutuar \u00e7\u00ebshtjen b\u00ebrthamore, p\u00ebrcjell YNetNews. Sipas burimeve diplomatike, takimi do t\u00eb zhvillohet n\u00eb dy faza: fillimisht, ministrat evropian\u00eb do t\u00eb takohen me P\u00ebrfaq\u00ebsuesen e Lart\u00eb p\u00ebr Politik\u00ebn e Jashtme t\u00eb Bashkimit [&hellip;]<\/p>\n","protected":false,"gt_translate_keys":[{"key":"rendered","format":"html"}]},"author":32,"featured_media":701109,"comment_status":"closed","ping_status":"open","sticky":false,"template":"","format":"standard","meta":{"footnotes":""},"categories":[6],"tags":[],"class_list":["post-747403","post","type-post","status-publish","format-standard","has-post-thumbnail","hentry","category-nderkombetare"],"gt_translate_keys":[{"key":"link","format":"url"}],"_links":{"self":[{"href":"https:\/\/www.hashtag.al\/index.php\/wp-json\/wp\/v2\/posts\/747403","targetHints":{"allow":["GET"]}}],"collection":[{"href":"https:\/\/www.hashtag.al\/index.php\/wp-json\/wp\/v2\/posts"}],"about":[{"href":"https:\/\/www.hashtag.al\/index.php\/wp-json\/wp\/v2\/types\/post"}],"author":[{"embeddable":true,"href":"https:\/\/www.hashtag.al\/index.php\/wp-json\/wp\/v2\/users\/32"}],"replies":[{"embeddable":true,"href":"https:\/\/www.hashtag.al\/index.php\/wp-json\/wp\/v2\/comments?post=747403"}],"version-history":[{"count":99999,"href":"https:\/\/www.hashtag.al\/index.php\/wp-json\/wp\/v2\/posts\/747403\/revisions"}],"predecessor-version":[{"id":747404,"href":"https:\/\/www.hashtag.al\/index.php\/wp-json\/wp\/v2\/posts\/747403\/revisions\/747404"}],"wp:featuredmedia":[{"embeddable":true,"href":"https:\/\/www.hashtag.al\/index.php\/wp-json\/wp\/v2\/media\/701109"}],"wp:attachment":[{"href":"https:\/\/www.hashtag.al\/index.php\/wp-json\/wp\/v2\/media?parent=747403"}],"wp:term":[{"taxonomy":"category","embeddable":true,"href":"https:\/\/www.hashtag.al\/index.php\/wp-json\/wp\/v2\/categories?post=747403"},{"taxonomy":"post_tag","embeddable":true,"href":"https:\/\/www.hashtag.al\/index.php\/wp-json\/wp\/v2\/tags?post=747403"}],"curies":[{"name":"wp","href":"https:\/\/api.w.org\/{rel}","templated":true}]}}