{"id":747311,"date":"2025-06-18T14:50:01","date_gmt":"2025-06-18T12:50:01","guid":{"rendered":"https:\/\/www.hashtag.al\/?p=747311"},"modified":"2025-06-18T14:50:01","modified_gmt":"2025-06-18T12:50:01","slug":"kallas-rusia-ska-shanse-nese-nato-ja-qendron-e-bashkuar","status":"publish","type":"post","link":"https:\/\/www.hashtag.al\/index.php\/2025\/06\/18\/kallas-rusia-ska-shanse-nese-nato-ja-qendron-e-bashkuar\/","title":{"rendered":"Kallas: Rusia s\u2019ka shanse n\u00ebse NATO-ja q\u00ebndron e bashkuar","gt_translate_keys":[{"key":"rendered","format":"text"}]},"content":{"rendered":"<p>&nbsp;<\/p>\n<p><span style=\"color: #000000;\"><img loading=\"lazy\" decoding=\"async\" class=\"alignnone size-medium wp-image-731915\" src=\"https:\/\/www.hashtag.al\/wp-content\/uploads\/2025\/03\/kallas-300x200.jpg\" alt=\"\" width=\"300\" height=\"200\" srcset=\"https:\/\/www.hashtag.al\/wp-content\/uploads\/2025\/03\/kallas-300x200.jpg 300w, https:\/\/www.hashtag.al\/wp-content\/uploads\/2025\/03\/kallas-1024x683.jpg 1024w, https:\/\/www.hashtag.al\/wp-content\/uploads\/2025\/03\/kallas-768x512.jpg 768w, https:\/\/www.hashtag.al\/wp-content\/uploads\/2025\/03\/kallas-1536x1024.jpg 1536w, https:\/\/www.hashtag.al\/wp-content\/uploads\/2025\/03\/kallas.jpg 1800w\" sizes=\"auto, (max-width: 300px) 100vw, 300px\" \/><\/span><\/p>\n<p><span style=\"color: #000000;\">Shefja e diplomacis\u00eb e Bashkimit Evropian, Kaja Kallas, tha se Rusia \u201cs\u2019ka shanse\u201d kund\u00ebr NATO-s, por aleanca duhet \u201ct\u00eb q\u00ebndroj\u00eb e bashkuar\u201d p\u00ebrball\u00eb nj\u00eb Moske armiq\u00ebsore.<\/span><\/p>\n<p><span style=\"color: #000000;\">Duke folur para mbajtjes s\u00eb samitit t\u00eb NATO n\u00eb Holand\u00eb, ku an\u00ebtar\u00ebt e aleanc\u00ebs jan\u00eb n\u00eb presion nga Shtetet e Bashkuara p\u00ebr t\u00eb rritur shpenzimet p\u00ebr mbrojtje, Kallas paralajm\u00ebroi se vet\u00ebm rritja e shpenzimeve p\u00ebr mbrojtje nuk mjafton p\u00ebr t\u00eb frenuar Kremlinin.<\/span><\/p>\n<p><span style=\"color: #000000;\"><em>\u201cSot, kund\u00ebr NATO-s dhe BE-s\u00eb, Rusia s\u2019ka shanse. Por, ne duhet t\u00eb q\u00ebndrojm\u00eb t\u00eb bashkuar<\/em>\u201d, tha Kallas para Parlamentit Evropian n\u00eb Strasburg.<\/span><\/p>\n<p><span style=\"color: #000000;\"><em>\u201cKur udh\u00ebheq\u00ebsit e NATO-s t\u00eb takohen jav\u00ebn e ardhshme, mbajtja e unitetit n\u00eb aleanc\u00eb \u00ebsht\u00eb prioritet m\u00eb i madh sesa rritja e shpenzimeve p\u00ebr mbrojtje\u201d,<\/em> shtoi kryediplomatja evropiane.<\/span><\/p>\n<p><span style=\"color: #000000;\">Udh\u00ebheq\u00ebsit e NATO-s po synojn\u00eb q\u00eb t\u00eb arrijn\u00eb pajtim p\u00ebr rritjen e buxheteve p\u00ebr ushtrit\u00eb kur t\u00eb takohen n\u00eb Hag\u00eb jav\u00ebn e ardhshme.<\/span><\/p>\n<p><span style=\"color: #000000;\">Por, aleanca \u2013 ku nga 27 vendet an\u00ebtare, 23 prej tyre jan\u00eb shtete t\u00eb BE-s\u00eb \u2013 po p\u00ebrballet me dilema sa i p\u00ebrket p\u00ebrkushtimit t\u00eb SHBA-s\u00eb ndaj mbrojtjes s\u00eb Evrop\u00ebs.<\/span><\/p>\n<p><span style=\"color: #000000;\">T\u00eb mart\u00ebn, udh\u00ebheq\u00ebsit e Grupit t\u00eb Shtat\u00eb vendeve m\u00eb t\u00eb industrializuara n\u00eb bot\u00eb (G7) \u2013 ku b\u00ebjn\u00eb pjes\u00eb vendet e NATO-s sikurse Italia, SHBA-ja, Franca, Gjermania, Mbret\u00ebria e Bashkuara dhe Kanadaja \u2013 si dhe Japonia nuk arrit\u00ebn t\u00eb dilnin me nj\u00eb q\u00ebndrim t\u00eb p\u00ebrbashk\u00ebt p\u00ebr t\u00eb d\u00ebnuar Rusin\u00eb p\u00ebr sulmet kund\u00ebr Ukrain\u00ebs. Trump u largua nga samiti \u2013 q\u00eb u mbajt n\u00eb Kanada \u2013 para se ai t\u00eb p\u00ebrfundonte.<\/span><\/p>\n<p><span style=\"color: #000000;\">Presidenti amerikan, Donald Trump, po tenton q\u00eb p\u00ebrmes negociatave t\u2019i jap\u00eb fund luft\u00ebs s\u00eb Rusis\u00eb kund\u00ebr Ukrain\u00ebs, q\u00eb nisi n\u00eb shkurt t\u00eb vitit 2022.<\/span><\/p>\n<p><span style=\"color: #000000;\">Kallas tha se forcimi ushtarak i Rusis\u00eb paraqet k\u00ebrc\u00ebnim p\u00ebr sigurin\u00eb e Evrop\u00ebs dhe t\u00eb komunitetit transatlantik.<\/span><\/p>\n<p><span style=\"color: #000000;\"><em>\u201cVitin e kaluar, Rusia shpenzoj\u00eb m\u00eb shum\u00eb n\u00eb mbrojtje sesa t\u00eb gjitha shtetet e BE-s\u00eb s\u00eb bashku. K\u00ebt\u00eb vit, Rusia po shpenzon m\u00eb shum\u00eb n\u00eb mbrojtje sesa n\u00eb sektorin e sh\u00ebndet\u00ebsis\u00eb, arsimit dhe politikave sociale s\u00eb bashku\u201d,<\/em> tha ajo.<\/span><\/p>\n<p><span style=\"color: #000000;\"><em>\u00a0\u201cKy \u00ebsht\u00eb nj\u00eb plan afatgjat\u00eb p\u00ebr nj\u00eb agresion afatgjat\u00eb. Ju nuk shpenzoni kaq shum\u00eb n\u00eb ushtri n\u00ebse nuk planifikoni q\u00eb ta p\u00ebrdorni ushtrin\u00eb\u201d,<\/em> shtoi Kallas.<\/span><\/p>\n<p><span style=\"color: #000000;\">BE-ja ka lansuar nj\u00eb nism\u00eb q\u00eb synon mbledhjen e 800 miliard\u00eb eurove p\u00ebr t\u00eb ndihmuar shtetet an\u00ebtare q\u00eb t\u00eb forcojn\u00eb mbrojtjen.<\/span><\/p>\n<p><span style=\"color: #000000;\">Nj\u00eb dit\u00eb m\u00eb par\u00eb, Brukseli b\u00ebri publik planet p\u00ebr t\u00eb rritur prodhimin e industris\u00eb s\u00eb mbrojtjes n\u00eb Evrop\u00eb.\/<span style=\"color: #0000ff;\"><a style=\"color: #0000ff;\" href=\"https:\/\/www.evropaelire.org\/a\/kaja-kallar-rusia-perballe-nato\/33447319.html\">REL<\/a><\/span><\/span><\/p>\n","protected":false,"gt_translate_keys":[{"key":"rendered","format":"html"}]},"excerpt":{"rendered":"<p>&nbsp; Shefja e diplomacis\u00eb e Bashkimit Evropian, Kaja Kallas, tha se Rusia \u201cs\u2019ka shanse\u201d kund\u00ebr NATO-s, por aleanca duhet \u201ct\u00eb q\u00ebndroj\u00eb e bashkuar\u201d p\u00ebrball\u00eb nj\u00eb Moske armiq\u00ebsore. Duke folur para mbajtjes s\u00eb samitit t\u00eb NATO n\u00eb Holand\u00eb, ku an\u00ebtar\u00ebt e aleanc\u00ebs jan\u00eb n\u00eb presion nga Shtetet e Bashkuara p\u00ebr t\u00eb rritur shpenzimet p\u00ebr mbrojtje, Kallas [&hellip;]<\/p>\n","protected":false,"gt_translate_keys":[{"key":"rendered","format":"html"}]},"author":32,"featured_media":731915,"comment_status":"closed","ping_status":"open","sticky":false,"template":"","format":"standard","meta":{"footnotes":""},"categories":[6],"tags":[],"class_list":["post-747311","post","type-post","status-publish","format-standard","has-post-thumbnail","hentry","category-nderkombetare"],"gt_translate_keys":[{"key":"link","format":"url"}],"_links":{"self":[{"href":"https:\/\/www.hashtag.al\/index.php\/wp-json\/wp\/v2\/posts\/747311","targetHints":{"allow":["GET"]}}],"collection":[{"href":"https:\/\/www.hashtag.al\/index.php\/wp-json\/wp\/v2\/posts"}],"about":[{"href":"https:\/\/www.hashtag.al\/index.php\/wp-json\/wp\/v2\/types\/post"}],"author":[{"embeddable":true,"href":"https:\/\/www.hashtag.al\/index.php\/wp-json\/wp\/v2\/users\/32"}],"replies":[{"embeddable":true,"href":"https:\/\/www.hashtag.al\/index.php\/wp-json\/wp\/v2\/comments?post=747311"}],"version-history":[{"count":99999,"href":"https:\/\/www.hashtag.al\/index.php\/wp-json\/wp\/v2\/posts\/747311\/revisions"}],"predecessor-version":[{"id":747312,"href":"https:\/\/www.hashtag.al\/index.php\/wp-json\/wp\/v2\/posts\/747311\/revisions\/747312"}],"wp:featuredmedia":[{"embeddable":true,"href":"https:\/\/www.hashtag.al\/index.php\/wp-json\/wp\/v2\/media\/731915"}],"wp:attachment":[{"href":"https:\/\/www.hashtag.al\/index.php\/wp-json\/wp\/v2\/media?parent=747311"}],"wp:term":[{"taxonomy":"category","embeddable":true,"href":"https:\/\/www.hashtag.al\/index.php\/wp-json\/wp\/v2\/categories?post=747311"},{"taxonomy":"post_tag","embeddable":true,"href":"https:\/\/www.hashtag.al\/index.php\/wp-json\/wp\/v2\/tags?post=747311"}],"curies":[{"name":"wp","href":"https:\/\/api.w.org\/{rel}","templated":true}]}}