{"id":747296,"date":"2025-06-18T13:45:32","date_gmt":"2025-06-18T11:45:32","guid":{"rendered":"https:\/\/www.hashtag.al\/?p=747296"},"modified":"2025-06-18T13:45:32","modified_gmt":"2025-06-18T11:45:32","slug":"ish-presidentja-e-argjentines-denohet-me-6-vite-burg-per-korrupsion","status":"publish","type":"post","link":"https:\/\/www.hashtag.al\/index.php\/2025\/06\/18\/ish-presidentja-e-argjentines-denohet-me-6-vite-burg-per-korrupsion\/","title":{"rendered":"Ish-presidentja e Argjentin\u00ebs d\u00ebnohet me 6 vite burg p\u00ebr korrupsion","gt_translate_keys":[{"key":"rendered","format":"text"}]},"content":{"rendered":"<p><img loading=\"lazy\" decoding=\"async\" class=\"aligncenter size-full wp-image-747297\" src=\"https:\/\/www.hashtag.al\/wp-content\/uploads\/2025\/06\/kirchner.jpg\" alt=\"\" width=\"862\" height=\"485\" srcset=\"https:\/\/www.hashtag.al\/wp-content\/uploads\/2025\/06\/kirchner.jpg 862w, https:\/\/www.hashtag.al\/wp-content\/uploads\/2025\/06\/kirchner-300x169.jpg 300w, https:\/\/www.hashtag.al\/wp-content\/uploads\/2025\/06\/kirchner-768x432.jpg 768w\" sizes=\"auto, (max-width: 862px) 100vw, 862px\" \/><\/p>\n<p><span style=\"color: #000000;\">Ish-presidentja e Argjentin\u00ebs, Cristina Fernandez de Kirchner, do vuaj\u00eb nj\u00eb d\u00ebnim gjasht\u00ebvje\u00e7ar p\u00ebr akuza korrupsioni n\u00eb arrest sht\u00ebpiak, vendosi nj\u00eb gjykat\u00ebs federal t\u00eb mart\u00ebn.<\/span><\/p>\n<p><span style=\"color: #000000;\">Gjykata vendosi q\u00eb vendosja e 72-vje\u00e7ares Kirchner n\u00eb arrest sht\u00ebpiak ishte e p\u00ebrshtatshme, duke p\u00ebrmendur mosh\u00ebn dhe r\u00ebnd\u00ebsin\u00eb e saj si figur\u00eb politike, shkruan <span style=\"color: #0000ff;\"><a style=\"color: #0000ff;\" href=\"https:\/\/www.aa.com.tr\/en\/americas\/argentina-s-former-president-kirchner-to-serve-6-year-sentence-under-house-arrest\/3602459\">AA<\/a><\/span>.<\/span><\/p>\n<p><span style=\"color: #000000;\">Gjykata gjithashtu iu referua shqet\u00ebsimeve t\u00eb siguris\u00eb, duke v\u00ebn\u00eb n\u00eb dukje mbijetes\u00ebn e Kirchner nga nj\u00eb atentat n\u00eb vitin 2022, dhe tha se siguria e saj &#8220;do nd\u00ebrlikohej shum\u00eb n\u00eb burg &#8220;.<\/span><\/p>\n<p><span style=\"color: #000000;\">Sipas vendimit, Kirchner duhet t\u00eb filloj\u00eb t\u00eb vuaj\u00eb d\u00ebnimin e saj menj\u00ebher\u00eb. Ajo do mbik\u00ebqyret elektronikisht dhe do mbetet e mbyllur n\u00eb apartamentin e saj n\u00eb kryeqytetin Buenos Aires, ku banon me vajz\u00ebn dhe mbes\u00ebn e saj.<\/span><\/p>\n<p><span style=\"color: #000000;\">Gjykata urdh\u00ebroi q\u00eb Kirchner &#8220;duhet t\u00eb q\u00ebndroj\u00eb n\u00eb adres\u00ebn e regjistruar, nj\u00eb detyrim q\u00eb ajo nuk mund ta shkel\u00eb p\u00ebrve\u00e7 n\u00eb raste t\u00eb jasht\u00ebzakonshme&#8221;.<\/span><\/p>\n<p><span style=\"color: #000000;\">Ajo shtoi se \u00e7do vizitor i ardhsh\u00ebm n\u00eb apartament, p\u00ebrve\u00e7 stafit sht\u00ebpiak, personelit mjek\u00ebsor dhe individ\u00ebve t\u00eb tjer\u00eb t\u00eb autorizuar, duhet s\u00eb pari t\u00eb marr\u00eb miratimin e gjykat\u00ebs.<\/span><\/p>\n<p><span style=\"color: #000000;\">Kirchner u d\u00ebnua fillimisht n\u00eb vitin 2022 me gjasht\u00eb vjet burg dhe iu ndalua p\u00ebrgjithmon\u00eb t\u00eb mbante poste publike p\u00ebr korrupsion. Megjithat\u00eb, ajo kishte mbetur e lir\u00eb n\u00eb pritje t\u00eb shqyrtimit t\u00eb apelit t\u00eb saj nga Gjykata e Lart\u00eb.<\/span><\/p>\n<p><span style=\"color: #000000;\">Ish-Presidenti Carlos Menem vdiq para se t\u00eb vuante nj\u00eb d\u00ebnim me shtat\u00eb vjet burg n\u00eb rastin e shitjes s\u00eb paligjshme t\u00eb arm\u00ebve n\u00eb Ekuador dhe Kroaci dhe ai vuajti vet\u00ebm rreth gjasht\u00eb muaj paraburgim n\u00eb vitin 2001.<\/span><\/p>\n","protected":false,"gt_translate_keys":[{"key":"rendered","format":"html"}]},"excerpt":{"rendered":"<p>Ish-presidentja e Argjentin\u00ebs, Cristina Fernandez de Kirchner, do vuaj\u00eb nj\u00eb d\u00ebnim gjasht\u00ebvje\u00e7ar p\u00ebr akuza korrupsioni n\u00eb arrest sht\u00ebpiak, vendosi nj\u00eb gjykat\u00ebs federal t\u00eb mart\u00ebn. Gjykata vendosi q\u00eb vendosja e 72-vje\u00e7ares Kirchner n\u00eb arrest sht\u00ebpiak ishte e p\u00ebrshtatshme, duke p\u00ebrmendur mosh\u00ebn dhe r\u00ebnd\u00ebsin\u00eb e saj si figur\u00eb politike, shkruan AA. Gjykata gjithashtu iu referua shqet\u00ebsimeve t\u00eb [&hellip;]<\/p>\n","protected":false,"gt_translate_keys":[{"key":"rendered","format":"html"}]},"author":51,"featured_media":747297,"comment_status":"closed","ping_status":"open","sticky":false,"template":"","format":"standard","meta":{"footnotes":""},"categories":[53],"tags":[],"class_list":["post-747296","post","type-post","status-publish","format-standard","has-post-thumbnail","hentry","category-fast-foodi"],"gt_translate_keys":[{"key":"link","format":"url"}],"_links":{"self":[{"href":"https:\/\/www.hashtag.al\/index.php\/wp-json\/wp\/v2\/posts\/747296","targetHints":{"allow":["GET"]}}],"collection":[{"href":"https:\/\/www.hashtag.al\/index.php\/wp-json\/wp\/v2\/posts"}],"about":[{"href":"https:\/\/www.hashtag.al\/index.php\/wp-json\/wp\/v2\/types\/post"}],"author":[{"embeddable":true,"href":"https:\/\/www.hashtag.al\/index.php\/wp-json\/wp\/v2\/users\/51"}],"replies":[{"embeddable":true,"href":"https:\/\/www.hashtag.al\/index.php\/wp-json\/wp\/v2\/comments?post=747296"}],"version-history":[{"count":99999,"href":"https:\/\/www.hashtag.al\/index.php\/wp-json\/wp\/v2\/posts\/747296\/revisions"}],"predecessor-version":[{"id":747298,"href":"https:\/\/www.hashtag.al\/index.php\/wp-json\/wp\/v2\/posts\/747296\/revisions\/747298"}],"wp:featuredmedia":[{"embeddable":true,"href":"https:\/\/www.hashtag.al\/index.php\/wp-json\/wp\/v2\/media\/747297"}],"wp:attachment":[{"href":"https:\/\/www.hashtag.al\/index.php\/wp-json\/wp\/v2\/media?parent=747296"}],"wp:term":[{"taxonomy":"category","embeddable":true,"href":"https:\/\/www.hashtag.al\/index.php\/wp-json\/wp\/v2\/categories?post=747296"},{"taxonomy":"post_tag","embeddable":true,"href":"https:\/\/www.hashtag.al\/index.php\/wp-json\/wp\/v2\/tags?post=747296"}],"curies":[{"name":"wp","href":"https:\/\/api.w.org\/{rel}","templated":true}]}}