{"id":747182,"date":"2025-06-17T23:11:14","date_gmt":"2025-06-17T21:11:14","guid":{"rendered":"https:\/\/www.hashtag.al\/?p=747182"},"modified":"2025-06-17T23:11:14","modified_gmt":"2025-06-17T21:11:14","slug":"zjarri-qe-perfshiu-malin-e-krastes-ne-elbasan-eshte-vene-nen-kontroll","status":"publish","type":"post","link":"https:\/\/www.hashtag.al\/index.php\/2025\/06\/17\/zjarri-qe-perfshiu-malin-e-krastes-ne-elbasan-eshte-vene-nen-kontroll\/","title":{"rendered":"Zjarri q\u00eb p\u00ebrfshiu malin e Krast\u00ebs n\u00eb Elbasan \u00ebsht\u00eb v\u00ebn\u00eb n\u00ebn kontroll","gt_translate_keys":[{"key":"rendered","format":"text"}]},"content":{"rendered":"<p><span style=\"color: #000000;\"><img loading=\"lazy\" decoding=\"async\" class=\"size-medium wp-image-747183 aligncenter\" src=\"https:\/\/www.hashtag.al\/wp-content\/uploads\/2025\/06\/IMG_3715-300x202.jpeg\" alt=\"\" width=\"300\" height=\"202\" srcset=\"https:\/\/www.hashtag.al\/wp-content\/uploads\/2025\/06\/IMG_3715-300x202.jpeg 300w, https:\/\/www.hashtag.al\/wp-content\/uploads\/2025\/06\/IMG_3715-768x517.jpeg 768w, https:\/\/www.hashtag.al\/wp-content\/uploads\/2025\/06\/IMG_3715.jpeg 808w\" sizes=\"auto, (max-width: 300px) 100vw, 300px\" \/><br \/>\nZjarri q\u00eb p\u00ebrfshiu malin e Krast\u00ebs n\u00eb Elbasan \u00ebsht\u00eb v\u00ebn\u00eb n\u00ebn kontroll pas nd\u00ebrhyrjes s\u00eb forcave zjarrfik\u00ebse dhe Forcave t\u00eb Armatosura.<\/span><\/p>\n<p><span style=\"color: #000000;\">Sipas Ministris\u00eb s\u00eb Mbrojtjes, aktualisht po vijon puna p\u00ebr izolimin dhe shuarjen p\u00ebrfundimtare t\u00eb vatrave t\u00eb mbetura, nd\u00ebrsa terreni po monitorohet p\u00ebr t\u00eb parandaluar riaktivizimin e flak\u00ebve p\u00ebr shkak t\u00eb er\u00ebs.<\/span><\/p>\n<p style=\"text-align: left;\"><span style=\"color: #000000;\">Zjarri kishte p\u00ebrfshir\u00eb nj\u00eb zon\u00eb t\u00eb pyll\u00ebzuar pran\u00eb linjave t\u00eb tensionit t\u00eb lart\u00eb, duke rrezikuar infrastruktur\u00ebn energjetike. Autoritetet po hetojn\u00eb shkaqet e incidentit dhe po marrin masa p\u00ebr t\u00eb parandaluar raste t\u00eb ngjashme n\u00eb t\u00eb ardhmen.<\/span><\/p>\n","protected":false,"gt_translate_keys":[{"key":"rendered","format":"html"}]},"excerpt":{"rendered":"<p>Zjarri q\u00eb p\u00ebrfshiu malin e Krast\u00ebs n\u00eb Elbasan \u00ebsht\u00eb v\u00ebn\u00eb n\u00ebn kontroll pas nd\u00ebrhyrjes s\u00eb forcave zjarrfik\u00ebse dhe Forcave t\u00eb Armatosura. Sipas Ministris\u00eb s\u00eb Mbrojtjes, aktualisht po vijon puna p\u00ebr izolimin dhe shuarjen p\u00ebrfundimtare t\u00eb vatrave t\u00eb mbetura, nd\u00ebrsa terreni po monitorohet p\u00ebr t\u00eb parandaluar riaktivizimin e flak\u00ebve p\u00ebr shkak t\u00eb er\u00ebs. Zjarri kishte p\u00ebrfshir\u00eb [&hellip;]<\/p>\n","protected":false,"gt_translate_keys":[{"key":"rendered","format":"html"}]},"author":32,"featured_media":747183,"comment_status":"closed","ping_status":"open","sticky":false,"template":"","format":"standard","meta":{"footnotes":""},"categories":[65],"tags":[],"class_list":["post-747182","post","type-post","status-publish","format-standard","has-post-thumbnail","hentry","category-lajme"],"gt_translate_keys":[{"key":"link","format":"url"}],"_links":{"self":[{"href":"https:\/\/www.hashtag.al\/index.php\/wp-json\/wp\/v2\/posts\/747182","targetHints":{"allow":["GET"]}}],"collection":[{"href":"https:\/\/www.hashtag.al\/index.php\/wp-json\/wp\/v2\/posts"}],"about":[{"href":"https:\/\/www.hashtag.al\/index.php\/wp-json\/wp\/v2\/types\/post"}],"author":[{"embeddable":true,"href":"https:\/\/www.hashtag.al\/index.php\/wp-json\/wp\/v2\/users\/32"}],"replies":[{"embeddable":true,"href":"https:\/\/www.hashtag.al\/index.php\/wp-json\/wp\/v2\/comments?post=747182"}],"version-history":[{"count":99999,"href":"https:\/\/www.hashtag.al\/index.php\/wp-json\/wp\/v2\/posts\/747182\/revisions"}],"predecessor-version":[{"id":747184,"href":"https:\/\/www.hashtag.al\/index.php\/wp-json\/wp\/v2\/posts\/747182\/revisions\/747184"}],"wp:featuredmedia":[{"embeddable":true,"href":"https:\/\/www.hashtag.al\/index.php\/wp-json\/wp\/v2\/media\/747183"}],"wp:attachment":[{"href":"https:\/\/www.hashtag.al\/index.php\/wp-json\/wp\/v2\/media?parent=747182"}],"wp:term":[{"taxonomy":"category","embeddable":true,"href":"https:\/\/www.hashtag.al\/index.php\/wp-json\/wp\/v2\/categories?post=747182"},{"taxonomy":"post_tag","embeddable":true,"href":"https:\/\/www.hashtag.al\/index.php\/wp-json\/wp\/v2\/tags?post=747182"}],"curies":[{"name":"wp","href":"https:\/\/api.w.org\/{rel}","templated":true}]}}