{"id":747072,"date":"2025-06-17T11:51:56","date_gmt":"2025-06-17T09:51:56","guid":{"rendered":"https:\/\/www.hashtag.al\/?p=747072"},"modified":"2025-06-17T11:51:56","modified_gmt":"2025-06-17T09:51:56","slug":"fletet-pa-vule-ose-me-nje-vule-jane-llogaritur-per-ps-ne-denoncimi-i-kandidatit-te-pd-se-gjate-rinumerimit","status":"publish","type":"post","link":"https:\/\/www.hashtag.al\/index.php\/2025\/06\/17\/fletet-pa-vule-ose-me-nje-vule-jane-llogaritur-per-ps-ne-denoncimi-i-kandidatit-te-pd-se-gjate-rinumerimit\/","title":{"rendered":"\u201cFlet\u00ebt pa vul\u00eb ose me nj\u00eb vul\u00eb jan\u00eb llogaritur p\u00ebr PS-n\u00eb\u201d &#8211; Denoncimi i kandidatit t\u00eb PD-s\u00eb gjat\u00eb rinum\u00ebrimit","gt_translate_keys":[{"key":"rendered","format":"text"}]},"content":{"rendered":"<p><img loading=\"lazy\" decoding=\"async\" class=\"aligncenter size-full wp-image-747075\" src=\"https:\/\/www.hashtag.al\/wp-content\/uploads\/2025\/06\/image-4.jpg\" alt=\"\" width=\"600\" height=\"260\" srcset=\"https:\/\/www.hashtag.al\/wp-content\/uploads\/2025\/06\/image-4.jpg 600w, https:\/\/www.hashtag.al\/wp-content\/uploads\/2025\/06\/image-4-300x130.jpg 300w\" sizes=\"auto, (max-width: 600px) 100vw, 600px\" \/><\/p>\n<p><span style=\"color: #000000;\">Kandidati i PD-s\u00eb n\u00eb qarkun e Elbasanit Bledi Him\u00e7i, ka denoncuar gjat\u00eb rinum\u00ebrimit t\u00eb votave se flet\u00ebt pa vul\u00eb n\u00eb kuti jan\u00eb num\u00ebruar si vota p\u00ebr PS-n\u00eb.<\/span><\/p>\n<p><span style=\"color: #000000;\">Ai tha se flet\u00ebt q\u00eb kan\u00eb vet\u00ebm nj\u00eb vul\u00eb ose nuk kan\u00eb vul\u00eb fare jan\u00eb llogaritur vot\u00eb p\u00ebr PS-n\u00eb duke k\u00ebrkuar shpalljen t\u00eb pavlefshme t\u00eb kutis\u00eb dhe ndryshimin e tabel\u00ebs p\u00ebrmbledh\u00ebse.<\/span><\/p>\n<p><span style=\"color: #000000;\"><em>\u201cFleta hyn te kutia e t\u00eb vlefshmeve, \u00ebsht\u00eb vet\u00ebm m\u00eb nj\u00eb vul\u00eb dhe vazhdojn\u00eb\u00a0 e konstatojn\u00eb si t\u00eb vlefshme, dhe vota sigurisht \u00ebsht\u00eb p\u00ebr PS-n\u00eb. Edhe fleta tjet\u00ebr, q\u00eb s\u2019ka vul\u00eb far\u00eb \u00ebsht\u00eb sh\u00ebnuar e vlefshme p\u00ebr numrin 5, p\u00ebr PS-n\u00eb, pjes\u00eb e trenit bullgar. Po k\u00ebrkojn\u00eb t\u2019i konstatojn\u00eb p\u00ebrs\u00ebri t\u00eb vlefshme. Duhet b\u00ebr\u00eb korrigjimi edhe i tabel\u00ebs por jo vet\u00ebm, edhe konstatimi p\u00ebr pavlefshm\u00ebri i k\u00ebsaj kutie. P\u00ebr sa koh\u00eb futet nj\u00eb flet\u00eb bosh, e cila ka krijuar trenin bullgar dhe shikoni dhe rezultatin e k\u00ebsaj qendre, \u00ebsht\u00eb q\u00eb kjo kuti t\u00eb dali e gjitha e pavlefshme. Kjo \u00ebsht\u00eb k\u00ebrkesa jon\u00eb lidhur me k\u00ebt\u00eb kuti votimi. Ky \u00ebsht\u00eb nj\u00eb proces q\u00eb ne e kemi konstatuar nga pamjet filmike. Po e rishikojm\u00eb dhe k\u00ebtu dhe \u00ebsht\u00eb nj\u00eb situat\u00eb skandaloze\u201d<\/em>, tha Him\u00e7i, \u00a0shkruan Euronews.<\/span><\/p>\n<p><span style=\"color: #000000;\">KQZ vendosi rinum\u00ebrimin e 904 kutrive t\u00eb qarkut Elbasan, t\u00eb gjitha votat e qarqeve Tiran\u00eb e Fier dhe disa qindra kuti n\u00eb qarkun Durr\u00ebs.<\/span><\/p>\n<p><span style=\"color: #000000;\">Rinum\u00ebrimi po b\u00ebhet n\u00eb pallatin e sportit \u201cFarie Hoti\u201d dhe do kushtoj\u00eb 21 milion\u00eb lek\u00eb t\u00eb reja.<\/span><\/p>\n<div style=\"width: 720px;\" class=\"wp-video\"><video class=\"wp-video-shortcode\" id=\"video-747072-1\" width=\"720\" height=\"1280\" preload=\"metadata\" controls=\"controls\"><source type=\"video\/mp4\" src=\"https:\/\/www.hashtag.al\/wp-content\/uploads\/2025\/06\/snapsave-app_1430527771283602_hd-1.mp4?_=1\" \/><a href=\"https:\/\/www.hashtag.al\/wp-content\/uploads\/2025\/06\/snapsave-app_1430527771283602_hd-1.mp4\">https:\/\/www.hashtag.al\/wp-content\/uploads\/2025\/06\/snapsave-app_1430527771283602_hd-1.mp4<\/a><\/video><\/div>\n","protected":false,"gt_translate_keys":[{"key":"rendered","format":"html"}]},"excerpt":{"rendered":"<p>Kandidati i PD-s\u00eb n\u00eb qarkun e Elbasanit Bledi Him\u00e7i, ka denoncuar gjat\u00eb rinum\u00ebrimit t\u00eb votave se flet\u00ebt pa vul\u00eb n\u00eb kuti jan\u00eb num\u00ebruar si vota p\u00ebr PS-n\u00eb. Ai tha se flet\u00ebt q\u00eb kan\u00eb vet\u00ebm nj\u00eb vul\u00eb ose nuk kan\u00eb vul\u00eb fare jan\u00eb llogaritur vot\u00eb p\u00ebr PS-n\u00eb duke k\u00ebrkuar shpalljen t\u00eb pavlefshme t\u00eb kutis\u00eb dhe ndryshimin [&hellip;]<\/p>\n","protected":false,"gt_translate_keys":[{"key":"rendered","format":"html"}]},"author":51,"featured_media":747075,"comment_status":"closed","ping_status":"open","sticky":false,"template":"","format":"standard","meta":{"footnotes":""},"categories":[65],"tags":[],"class_list":["post-747072","post","type-post","status-publish","format-standard","has-post-thumbnail","hentry","category-lajme"],"gt_translate_keys":[{"key":"link","format":"url"}],"_links":{"self":[{"href":"https:\/\/www.hashtag.al\/index.php\/wp-json\/wp\/v2\/posts\/747072","targetHints":{"allow":["GET"]}}],"collection":[{"href":"https:\/\/www.hashtag.al\/index.php\/wp-json\/wp\/v2\/posts"}],"about":[{"href":"https:\/\/www.hashtag.al\/index.php\/wp-json\/wp\/v2\/types\/post"}],"author":[{"embeddable":true,"href":"https:\/\/www.hashtag.al\/index.php\/wp-json\/wp\/v2\/users\/51"}],"replies":[{"embeddable":true,"href":"https:\/\/www.hashtag.al\/index.php\/wp-json\/wp\/v2\/comments?post=747072"}],"version-history":[{"count":99999,"href":"https:\/\/www.hashtag.al\/index.php\/wp-json\/wp\/v2\/posts\/747072\/revisions"}],"predecessor-version":[{"id":747080,"href":"https:\/\/www.hashtag.al\/index.php\/wp-json\/wp\/v2\/posts\/747072\/revisions\/747080"}],"wp:featuredmedia":[{"embeddable":true,"href":"https:\/\/www.hashtag.al\/index.php\/wp-json\/wp\/v2\/media\/747075"}],"wp:attachment":[{"href":"https:\/\/www.hashtag.al\/index.php\/wp-json\/wp\/v2\/media?parent=747072"}],"wp:term":[{"taxonomy":"category","embeddable":true,"href":"https:\/\/www.hashtag.al\/index.php\/wp-json\/wp\/v2\/categories?post=747072"},{"taxonomy":"post_tag","embeddable":true,"href":"https:\/\/www.hashtag.al\/index.php\/wp-json\/wp\/v2\/tags?post=747072"}],"curies":[{"name":"wp","href":"https:\/\/api.w.org\/{rel}","templated":true}]}}