{"id":747010,"date":"2025-06-16T21:00:13","date_gmt":"2025-06-16T19:00:13","guid":{"rendered":"https:\/\/www.hashtag.al\/?p=747010"},"modified":"2025-06-16T21:00:13","modified_gmt":"2025-06-16T19:00:13","slug":"vjosa-osmani-ne-samitin-e-seecp-koha-qe-be-te-marre-vendime-konkrete-per-kosoven","status":"publish","type":"post","link":"https:\/\/www.hashtag.al\/index.php\/2025\/06\/16\/vjosa-osmani-ne-samitin-e-seecp-koha-qe-be-te-marre-vendime-konkrete-per-kosoven\/","title":{"rendered":"Vjosa Osmani n\u00eb Samitin e SEECP: Koha q\u00eb BE t\u00eb marr\u00eb vendime konkrete p\u00ebr Kosov\u00ebn","gt_translate_keys":[{"key":"rendered","format":"text"}]},"content":{"rendered":"<p><span style=\"color: #000000;\"><img loading=\"lazy\" decoding=\"async\" class=\"aligncenter\" src=\"https:\/\/www.hashtag.al\/wp-content\/uploads\/2025\/06\/57d10e56-02bb-4a34-99c7-a446b8af5ddf-47-300x300.jpg\" width=\"373\" height=\"373\" \/><\/span><\/p>\n<p><span style=\"color: #000000;\">Presidentja e Kosov\u00ebs, Vjosa Osmani, ka k\u00ebrkuar sot n\u00eb Samitin e SEECP n\u00eb Tiran\u00eb q\u00eb Bashkimi Evropian t\u00eb ec\u00eb p\u00ebrpara me vendime konkrete p\u00ebr Kosov\u00ebn, duke p\u00ebrfshir\u00eb heqjen e masave t\u00eb padrejta dhe dh\u00ebnien e statusit t\u00eb kandidatit.<\/span><\/p>\n<p><span style=\"color: #000000;\"><em>&#8220;Qytetar\u00ebt e Kosov\u00ebs nuk duhet t\u00eb mbahen peng nga masa q\u00eb i d\u00ebmtojn\u00eb drejtp\u00ebrdrejt dhe q\u00eb nuk i sh\u00ebrbejn\u00eb as paqes, as dialogut, e as t\u00eb ardhmes evropiane t\u00eb rajonit ton\u00eb&#8221;<\/em>, deklaroi Osmani.<\/span><\/p>\n<p><span style=\"color: #000000;\">Ajo theksoi se orientimi i Kosov\u00ebs \u00ebsht\u00eb i qart\u00eb dhe i pal\u00ebkundur: drejt BE-s\u00eb dhe NATO-s, si pjes\u00eb e natyrshme e familjes euroatlantike.<\/span><\/p>\n<p><span style=\"color: #000000;\">N\u00eb nj\u00eb mesazh n\u00eb rrjetet sociale, Osmani fal\u00ebnderoi Presidentin Bajram Begaj p\u00ebr mikpritjen dhe lidershipin n\u00eb k\u00ebt\u00eb samit t\u00eb nivelit t\u00eb lart\u00eb t\u00eb lider\u00ebve t\u00eb vendeve t\u00eb Evrop\u00ebs Juglindore.<\/span><\/p>\n","protected":false,"gt_translate_keys":[{"key":"rendered","format":"html"}]},"excerpt":{"rendered":"<p>Presidentja e Kosov\u00ebs, Vjosa Osmani, ka k\u00ebrkuar sot n\u00eb Samitin e SEECP n\u00eb Tiran\u00eb q\u00eb Bashkimi Evropian t\u00eb ec\u00eb p\u00ebrpara me vendime konkrete p\u00ebr Kosov\u00ebn, duke p\u00ebrfshir\u00eb heqjen e masave t\u00eb padrejta dhe dh\u00ebnien e statusit t\u00eb kandidatit. &#8220;Qytetar\u00ebt e Kosov\u00ebs nuk duhet t\u00eb mbahen peng nga masa q\u00eb i d\u00ebmtojn\u00eb drejtp\u00ebrdrejt dhe q\u00eb nuk [&hellip;]<\/p>\n","protected":false,"gt_translate_keys":[{"key":"rendered","format":"html"}]},"author":32,"featured_media":747011,"comment_status":"closed","ping_status":"open","sticky":false,"template":"","format":"standard","meta":{"footnotes":""},"categories":[149],"tags":[],"class_list":["post-747010","post","type-post","status-publish","format-standard","has-post-thumbnail","hentry","category-kosoverajon"],"gt_translate_keys":[{"key":"link","format":"url"}],"_links":{"self":[{"href":"https:\/\/www.hashtag.al\/index.php\/wp-json\/wp\/v2\/posts\/747010","targetHints":{"allow":["GET"]}}],"collection":[{"href":"https:\/\/www.hashtag.al\/index.php\/wp-json\/wp\/v2\/posts"}],"about":[{"href":"https:\/\/www.hashtag.al\/index.php\/wp-json\/wp\/v2\/types\/post"}],"author":[{"embeddable":true,"href":"https:\/\/www.hashtag.al\/index.php\/wp-json\/wp\/v2\/users\/32"}],"replies":[{"embeddable":true,"href":"https:\/\/www.hashtag.al\/index.php\/wp-json\/wp\/v2\/comments?post=747010"}],"version-history":[{"count":99999,"href":"https:\/\/www.hashtag.al\/index.php\/wp-json\/wp\/v2\/posts\/747010\/revisions"}],"predecessor-version":[{"id":747012,"href":"https:\/\/www.hashtag.al\/index.php\/wp-json\/wp\/v2\/posts\/747010\/revisions\/747012"}],"wp:featuredmedia":[{"embeddable":true,"href":"https:\/\/www.hashtag.al\/index.php\/wp-json\/wp\/v2\/media\/747011"}],"wp:attachment":[{"href":"https:\/\/www.hashtag.al\/index.php\/wp-json\/wp\/v2\/media?parent=747010"}],"wp:term":[{"taxonomy":"category","embeddable":true,"href":"https:\/\/www.hashtag.al\/index.php\/wp-json\/wp\/v2\/categories?post=747010"},{"taxonomy":"post_tag","embeddable":true,"href":"https:\/\/www.hashtag.al\/index.php\/wp-json\/wp\/v2\/tags?post=747010"}],"curies":[{"name":"wp","href":"https:\/\/api.w.org\/{rel}","templated":true}]}}