{"id":746995,"date":"2025-06-16T19:32:24","date_gmt":"2025-06-16T17:32:24","guid":{"rendered":"https:\/\/www.hashtag.al\/?p=746995"},"modified":"2025-06-16T19:32:24","modified_gmt":"2025-06-16T17:32:24","slug":"pse-drejtesia-e-erdoganit-eshte-me-e-mire-se-e-jona","status":"publish","type":"post","link":"https:\/\/www.hashtag.al\/index.php\/2025\/06\/16\/pse-drejtesia-e-erdoganit-eshte-me-e-mire-se-e-jona\/","title":{"rendered":"Pse drejt\u00ebsia e Erdoganit \u00ebsht\u00eb m\u00eb e mir\u00eb\u00a0se\u00a0e\u00a0jona","gt_translate_keys":[{"key":"rendered","format":"text"}]},"content":{"rendered":"<p><span style=\"color: #000000;\"><strong><img decoding=\"async\" class=\"aligncenter\" src=\"https:\/\/www.hashtag.al\/wp-content\/uploads\/2018\/12\/Manjani-Ylli.jpg\" \/><\/strong><\/span><\/p>\n<p><span style=\"color: #000000;\"><strong>Nga Ylli Manjani<\/strong><\/span><\/p>\n<p><span style=\"color: #000000;\">T\u00eb keqen e drejt\u00ebsis\u00eb s\u00eb &#8220;Sulltanit&#8221;&#8230;.<\/span><\/p>\n<p><span style=\"color: #000000;\">Kryetari i bashkis\u00eb Stamboll, u arrestua n\u00eb fund t\u00eb marsit t\u00eb k\u00ebtij viti. N\u00eb 2 muaj koh\u00eb e nxorr\u00ebn n\u00eb gjyq, e gjykuan dhe, tani kur jemi n\u00eb mes t\u00eb qeshorit \u00ebsht\u00eb gati p\u00ebr d\u00ebnim.<\/span><\/p>\n<p><span style=\"color: #000000;\">Nuk dua ti hyj aspak thelbit t\u00eb akuzave sepse nuk \u00ebsht\u00eb ky q\u00ebllimi k\u00ebtu. Ndoshta p\u00ebr nga p\u00ebrmbajtja e tyre biem t\u00eb gjith\u00eb dakord se jan\u00eb t\u00eb motivuara politikisht. Por t\u00eb pakt\u00ebn formalisht sistemi Turk nuk t\u00eb harroka n\u00eb paraburgim si person n\u00ebn hetim.<\/span><\/p>\n<p><span style=\"color: #000000;\">Shihni \u00e7&#8217;ndodh me homolog\u00ebt e Tij k\u00ebtu n\u00eb Shqip\u00ebrin\u00eb me drejt\u00ebsi t\u00eb reformuar nd\u00ebrkomb\u00ebtarisht madje. T\u00eb harrojn\u00eb n\u00eb paraburgim me muaj e vite madje. &#8220;Po hetojm\u00eb, e po mbledhim prova&#8221;- t\u00eb thon\u00eb prokuror\u00ebt kur iu duhet t\u00eb vijn\u00eb n\u00eb gjykat\u00eb.<\/span><\/p>\n<p><span style=\"color: #000000;\">-Po pse ore akoma si ke mbledhur provat?!<\/span><\/p>\n<p><span style=\"color: #000000;\">-Po si e mban tjetrin n\u00eb paraburgim pa prova?<\/span><\/p>\n<p><span style=\"color: #000000;\">-Ehaaaaaaa&#8230; ! Dhe n\u00ebn lexojn\u00eb n\u00ebp\u00ebr dh\u00ebmb\u00eb ca nene pa kuptim dhe ca vendime t\u00eb Gjykat\u00ebs s\u00eb Lart\u00eb edhe m\u00eb pa kuptim.<\/span><\/p>\n<p><span style=\"color: #000000;\">Tani, m\u00eb falni po t\u00eb pakt\u00ebn drejt\u00ebsia e &#8220;Sulltanit&#8221;, qoft\u00eb edhe p\u00ebr motive politike, t\u00eb jepka &#8220;hakun&#8221; n\u00eb koh\u00eb t\u00eb shpejt\u00eb.<\/span><\/p>\n<p><span style=\"color: #000000;\">Kjo drejt\u00ebsia jon\u00eb &#8220;nd\u00ebrkomb\u00ebtare&#8221;, intershtellare biles, t\u00eb kalb n\u00eb paraburgim, ku sido t\u00eb vij\u00eb puna n\u00eb gjykat\u00eb, burgun e ke b\u00ebr\u00eb&#8230; Pra je faktikisht i d\u00ebnuar dhe gjykata \u00ebsht\u00eb thjesht nj\u00eb bi\u00e7im ALUIZM i paraburgosjes!!!<\/span><\/p>\n<p><span style=\"color: #000000;\">N\u00ebse \u00ebsht\u00eb p\u00ebr t\u00eb zgjedhur, nd\u00ebrmjet drejt\u00ebsis\u00eb son\u00eb nd\u00ebrkomb\u00ebtare dhe asaj komb\u00ebtare Turke, zgjedh k\u00ebt\u00eb t\u00eb fundit.<\/span><br \/>\n<span style=\"color: #000000;\">Shteti, edhe kur ta ka me pa t\u00eb drejt\u00eb apo p\u00ebr politik\u00eb, prap duhet t\u00eb ket\u00eb nj\u00eb mimum njerzill\u00ebku. T\u00eb pakt\u00ebn t\u00eb gjykon e d\u00ebnon shpejt. Nuk b\u00ebn sikur po heton me q\u00ebllim q\u00eb t\u00eb t\u00eb b\u00ebj\u00eb fakt d\u00ebnimin me paraburgosje.<\/span><\/p>\n","protected":false,"gt_translate_keys":[{"key":"rendered","format":"html"}]},"excerpt":{"rendered":"<p>Nga Ylli Manjani T\u00eb keqen e drejt\u00ebsis\u00eb s\u00eb &#8220;Sulltanit&#8221;&#8230;. Kryetari i bashkis\u00eb Stamboll, u arrestua n\u00eb fund t\u00eb marsit t\u00eb k\u00ebtij viti. N\u00eb 2 muaj koh\u00eb e nxorr\u00ebn n\u00eb gjyq, e gjykuan dhe, tani kur jemi n\u00eb mes t\u00eb qeshorit \u00ebsht\u00eb gati p\u00ebr d\u00ebnim. Nuk dua ti hyj aspak thelbit t\u00eb akuzave sepse nuk \u00ebsht\u00eb [&hellip;]<\/p>\n","protected":false,"gt_translate_keys":[{"key":"rendered","format":"html"}]},"author":32,"featured_media":255712,"comment_status":"closed","ping_status":"open","sticky":false,"template":"","format":"standard","meta":{"footnotes":""},"categories":[23],"tags":[],"class_list":["post-746995","post","type-post","status-publish","format-standard","has-post-thumbnail","hentry","category-editorial"],"gt_translate_keys":[{"key":"link","format":"url"}],"_links":{"self":[{"href":"https:\/\/www.hashtag.al\/index.php\/wp-json\/wp\/v2\/posts\/746995","targetHints":{"allow":["GET"]}}],"collection":[{"href":"https:\/\/www.hashtag.al\/index.php\/wp-json\/wp\/v2\/posts"}],"about":[{"href":"https:\/\/www.hashtag.al\/index.php\/wp-json\/wp\/v2\/types\/post"}],"author":[{"embeddable":true,"href":"https:\/\/www.hashtag.al\/index.php\/wp-json\/wp\/v2\/users\/32"}],"replies":[{"embeddable":true,"href":"https:\/\/www.hashtag.al\/index.php\/wp-json\/wp\/v2\/comments?post=746995"}],"version-history":[{"count":99999,"href":"https:\/\/www.hashtag.al\/index.php\/wp-json\/wp\/v2\/posts\/746995\/revisions"}],"predecessor-version":[{"id":746996,"href":"https:\/\/www.hashtag.al\/index.php\/wp-json\/wp\/v2\/posts\/746995\/revisions\/746996"}],"wp:featuredmedia":[{"embeddable":true,"href":"https:\/\/www.hashtag.al\/index.php\/wp-json\/wp\/v2\/media\/255712"}],"wp:attachment":[{"href":"https:\/\/www.hashtag.al\/index.php\/wp-json\/wp\/v2\/media?parent=746995"}],"wp:term":[{"taxonomy":"category","embeddable":true,"href":"https:\/\/www.hashtag.al\/index.php\/wp-json\/wp\/v2\/categories?post=746995"},{"taxonomy":"post_tag","embeddable":true,"href":"https:\/\/www.hashtag.al\/index.php\/wp-json\/wp\/v2\/tags?post=746995"}],"curies":[{"name":"wp","href":"https:\/\/api.w.org\/{rel}","templated":true}]}}