{"id":746931,"date":"2025-06-16T20:59:20","date_gmt":"2025-06-16T18:59:20","guid":{"rendered":"https:\/\/www.hashtag.al\/?p=746931"},"modified":"2025-06-16T20:59:20","modified_gmt":"2025-06-16T18:59:20","slug":"organizatoret-bllokojne-pavijonin-izraelit-ne-panairin-ajror-te-parisit","status":"publish","type":"post","link":"https:\/\/www.hashtag.al\/index.php\/2025\/06\/16\/organizatoret-bllokojne-pavijonin-izraelit-ne-panairin-ajror-te-parisit\/","title":{"rendered":"Organizator\u00ebt bllokojn\u00eb pavijonin izraelit n\u00eb Panairin Ajror t\u00eb Parisit","gt_translate_keys":[{"key":"rendered","format":"text"}]},"content":{"rendered":"<p><img loading=\"lazy\" decoding=\"async\" class=\"aligncenter size-full wp-image-747014\" src=\"https:\/\/www.hashtag.al\/wp-content\/uploads\/2025\/06\/paris1.png\" alt=\"\" width=\"1022\" height=\"568\" srcset=\"https:\/\/www.hashtag.al\/wp-content\/uploads\/2025\/06\/paris1.png 1022w, https:\/\/www.hashtag.al\/wp-content\/uploads\/2025\/06\/paris1-300x167.png 300w, https:\/\/www.hashtag.al\/wp-content\/uploads\/2025\/06\/paris1-768x427.png 768w\" sizes=\"auto, (max-width: 1022px) 100vw, 1022px\" \/><\/p>\n<p><span style=\"color: #000000;\">Organizator\u00ebt n\u00eb Panairin Ajror t\u00eb Parisit n\u00eb Aeroportin Le Bourget bllokuan t\u00eb h\u00ebn\u00ebn hyrjen n\u00eb pavijonin izraelit, ku n\u00ebnt\u00eb kompani izraelite, p\u00ebrfshir\u00eb prodhues t\u00eb m\u00ebdhenj t\u00eb arm\u00ebve, ishin planifikuar t\u00eb shfaqnin produktet e tyre m\u00eb t\u00eb fundit. Nuk ishte e qart\u00eb se kush e dha urdhrin dhe organizator\u00ebt e shfaqjes nuk iu p\u00ebrgjigj\u00ebn k\u00ebrkesave p\u00ebr koment. Rruga p\u00ebr n\u00eb pavijon ishte e bllokuar dhe vet\u00eb pavijoni ishte i mbuluar me p\u00eblhur\u00eb t\u00eb zez\u00eb.<\/span><\/p>\n<p><span style=\"color: #000000;\">Ky veprim erdhi si surpriz\u00eb, pavar\u00ebsisht tensioneve n\u00eb rritje midis Izraelit dhe Franc\u00ebs p\u00ebr shkak t\u00eb luft\u00ebs n\u00eb Gaza dhe q\u00ebllimit t\u00eb deklaruar t\u00eb qeveris\u00eb franceze p\u00ebr t\u00eb njohur nj\u00eb shtet palestinez. Nuk ishin marr\u00eb masa paraprake kund\u00ebr kompanive izraelite q\u00eb ishin planifikuar t\u00eb merrnin pjes\u00eb n\u00eb panair.<\/span><\/p>\n<p><span style=\"color: #000000;\">Vitin e kaluar, kompanit\u00eb izraelite nuk u lejuan t\u00eb merrnin pjes\u00eb p\u00ebr shkak t\u00eb nj\u00eb vendimi t\u00eb qeveris\u00eb franceze dhe presidentit Emmanuel Macron. Megjithat\u00eb, nj\u00eb gjykat\u00eb lokale e rr\u00ebzoi vendimin, duke lejuar \u201cRafael Advanced Defense Systems\u201d, \u201cElibit\u201d dhe \u201cIsrael Aerospace Industries\u201d (IAI) t\u00eb d\u00ebrgonin p\u00ebrfaq\u00ebsues n\u00eb k\u00ebt\u00eb ngjarje, shkruan <span style=\"color: #0000ff;\"><a style=\"color: #0000ff;\" href=\"https:\/\/www.ynetnews.com\/business\/article\/syf0brpqeg\">Ynet<\/a>.<\/span><\/span><\/p>\n<p><span style=\"color: #000000;\"><em>&#8220;Organizator\u00ebt e Panairit Ajror t\u00eb Parisit, duke vepruar sipas udh\u00ebzimeve t\u00eb qeveris\u00eb franceze, urdh\u00ebruan heqjen e sistemeve t\u00eb arm\u00ebve sulmuese nga pavijoni i Izraelit mbr\u00ebm\u00eb, n\u00eb kund\u00ebrshtim me praktikat standarde n\u00eb ekspozitat e siguris\u00eb n\u00eb mbar\u00eb bot\u00ebn&#8221;<\/em>, tha Ministria e Mbrojtjes n\u00eb nj\u00eb deklarat\u00eb.<\/span><\/p>\n<p><img loading=\"lazy\" decoding=\"async\" class=\"aligncenter size-full wp-image-747015\" src=\"https:\/\/www.hashtag.al\/wp-content\/uploads\/2025\/06\/paris2.png\" alt=\"\" width=\"438\" height=\"569\" srcset=\"https:\/\/www.hashtag.al\/wp-content\/uploads\/2025\/06\/paris2.png 438w, https:\/\/www.hashtag.al\/wp-content\/uploads\/2025\/06\/paris2-231x300.png 231w, https:\/\/www.hashtag.al\/wp-content\/uploads\/2025\/06\/paris2-380x493.png 380w\" sizes=\"auto, (max-width: 438px) 100vw, 438px\" \/><\/p>\n<p><span style=\"color: #000000;\">Drejtori i P\u00ebrgjithsh\u00ebm i Ministris\u00eb, Amir Baram, i informoi organizator\u00ebt se Izraeli e hedh posht\u00eb k\u00ebrkes\u00ebn.<\/span><\/p>\n<p><span style=\"color: #000000;\"><em>&#8220;Veprimi i nj\u00ebansh\u00ebm u krye n\u00eb mes t\u00eb nat\u00ebs, pasi p\u00ebrfaq\u00ebsuesit e Ministris\u00eb s\u00eb Mbrojtjes dhe t\u00eb industris\u00eb kishin p\u00ebrfunduar p\u00ebrgatitjet p\u00ebr shfaqjen izraelite&#8221;<\/em>, shtoi deklarata.<\/span><\/p>\n<p><span style=\"color: #000000;\">Ministria e p\u00ebrshkroi k\u00ebt\u00eb veprim si nj\u00eb nism\u00eb t\u00eb paprecedent\u00eb dhe shqet\u00ebsuese nga organizator\u00ebt, t\u00eb nxitur nga motive politike dhe tregtare. Kjo ndodhi, tha ministria, &#8220;n\u00eb nj\u00eb koh\u00eb kur Izraeli po zhvillon nj\u00eb luft\u00eb t\u00eb drejt\u00eb p\u00ebr t\u00eb eliminuar nj\u00eb k\u00ebrc\u00ebnim b\u00ebrthamor dhe balistik q\u00eb q\u00ebndron varur mbi Lindjen e Mesme, Evrop\u00ebn dhe t\u00eb gjith\u00eb bot\u00ebn&#8221;.<\/span><\/p>\n<p><span style=\"color: #000000;\">Zyrtar\u00ebt e ministris\u00eb akuzuan francez\u00ebt se p\u00ebrdorin pretekste politike p\u00ebr t\u00eb l\u00ebn\u00eb m\u00ebnjan\u00eb Izraelin si nj\u00eb konkurrent t\u00eb industris\u00eb lokale t\u00eb arm\u00ebve, ve\u00e7an\u00ebrisht n\u00eb drit\u00ebn e paraqitjes s\u00eb sistemeve mbrojt\u00ebse izraelite gjat\u00eb operacioneve t\u00eb fundit kund\u00ebr Iranit. Ministria i k\u00ebrkoi qeveris\u00eb franceze dhe organizator\u00ebve t\u00eb eventit t\u00eb p\u00ebrmbysin vendimin dhe t\u00eb heqin barrier\u00ebn q\u00eb ndan pavijonin izraelit nga pjesa tjet\u00ebr e ekspozit\u00ebs.<\/span><\/p>\n","protected":false,"gt_translate_keys":[{"key":"rendered","format":"html"}]},"excerpt":{"rendered":"<p>Organizator\u00ebt n\u00eb Panairin Ajror t\u00eb Parisit n\u00eb Aeroportin Le Bourget bllokuan t\u00eb h\u00ebn\u00ebn hyrjen n\u00eb pavijonin izraelit, ku n\u00ebnt\u00eb kompani izraelite, p\u00ebrfshir\u00eb prodhues t\u00eb m\u00ebdhenj t\u00eb arm\u00ebve, ishin planifikuar t\u00eb shfaqnin produktet e tyre m\u00eb t\u00eb fundit. Nuk ishte e qart\u00eb se kush e dha urdhrin dhe organizator\u00ebt e shfaqjes nuk iu p\u00ebrgjigj\u00ebn k\u00ebrkesave p\u00ebr [&hellip;]<\/p>\n","protected":false,"gt_translate_keys":[{"key":"rendered","format":"html"}]},"author":51,"featured_media":747014,"comment_status":"closed","ping_status":"open","sticky":false,"template":"","format":"standard","meta":{"footnotes":""},"categories":[53],"tags":[],"class_list":["post-746931","post","type-post","status-publish","format-standard","has-post-thumbnail","hentry","category-fast-foodi"],"gt_translate_keys":[{"key":"link","format":"url"}],"_links":{"self":[{"href":"https:\/\/www.hashtag.al\/index.php\/wp-json\/wp\/v2\/posts\/746931","targetHints":{"allow":["GET"]}}],"collection":[{"href":"https:\/\/www.hashtag.al\/index.php\/wp-json\/wp\/v2\/posts"}],"about":[{"href":"https:\/\/www.hashtag.al\/index.php\/wp-json\/wp\/v2\/types\/post"}],"author":[{"embeddable":true,"href":"https:\/\/www.hashtag.al\/index.php\/wp-json\/wp\/v2\/users\/51"}],"replies":[{"embeddable":true,"href":"https:\/\/www.hashtag.al\/index.php\/wp-json\/wp\/v2\/comments?post=746931"}],"version-history":[{"count":99999,"href":"https:\/\/www.hashtag.al\/index.php\/wp-json\/wp\/v2\/posts\/746931\/revisions"}],"predecessor-version":[{"id":747016,"href":"https:\/\/www.hashtag.al\/index.php\/wp-json\/wp\/v2\/posts\/746931\/revisions\/747016"}],"wp:featuredmedia":[{"embeddable":true,"href":"https:\/\/www.hashtag.al\/index.php\/wp-json\/wp\/v2\/media\/747014"}],"wp:attachment":[{"href":"https:\/\/www.hashtag.al\/index.php\/wp-json\/wp\/v2\/media?parent=746931"}],"wp:term":[{"taxonomy":"category","embeddable":true,"href":"https:\/\/www.hashtag.al\/index.php\/wp-json\/wp\/v2\/categories?post=746931"},{"taxonomy":"post_tag","embeddable":true,"href":"https:\/\/www.hashtag.al\/index.php\/wp-json\/wp\/v2\/tags?post=746931"}],"curies":[{"name":"wp","href":"https:\/\/api.w.org\/{rel}","templated":true}]}}