{"id":746744,"date":"2025-06-15T15:57:37","date_gmt":"2025-06-15T13:57:37","guid":{"rendered":"https:\/\/www.hashtag.al\/?p=746744"},"modified":"2025-06-15T15:57:37","modified_gmt":"2025-06-15T13:57:37","slug":"sirena-alarmi-ne-izrael-mes-nje-sulmi-me-raketa-balistike-nga-irani","status":"publish","type":"post","link":"https:\/\/www.hashtag.al\/index.php\/2025\/06\/15\/sirena-alarmi-ne-izrael-mes-nje-sulmi-me-raketa-balistike-nga-irani\/","title":{"rendered":"Sirena alarmi n\u00eb Izrael mes nj\u00eb sulmi me raketa balistike nga Irani","gt_translate_keys":[{"key":"rendered","format":"text"}]},"content":{"rendered":"<p><span style=\"color: #000000;\"><img loading=\"lazy\" decoding=\"async\" class=\"size-medium wp-image-698199 aligncenter\" src=\"https:\/\/www.hashtag.al\/wp-content\/uploads\/2024\/09\/idf-300x194.png\" alt=\"\" width=\"300\" height=\"194\" srcset=\"https:\/\/www.hashtag.al\/wp-content\/uploads\/2024\/09\/idf-300x194.png 300w, https:\/\/www.hashtag.al\/wp-content\/uploads\/2024\/09\/idf-768x498.png 768w, https:\/\/www.hashtag.al\/wp-content\/uploads\/2024\/09\/idf.png 883w\" sizes=\"auto, (max-width: 300px) 100vw, 300px\" \/><br \/>\nSirena alarmi kan\u00eb shp\u00ebrthyer n\u00eb veri dhe qend\u00ebr t\u00eb Izraelit, p\u00ebrfshir\u00eb Jerusalemin, mes nj\u00eb sulmi me raketa balistike nga Irani, p\u00ebrcjell <span style=\"color: #0000ff;\"><a style=\"color: #0000ff;\" href=\"https:\/\/www.timesofisrael.com\/liveblog-june-15-2025\/#liveblog-entry-3574009\">The Times of Israel<\/a><\/span>. Autoritetet izraelite kan\u00eb udh\u00ebzuar civil\u00ebt n\u00eb zonat e prekura t\u00eb q\u00ebndrojn\u00eb n\u00eb strehimore deri n\u00eb nj\u00eb njoftim t\u00eb dyt\u00eb.<\/span><\/p>\n<p><span style=\"color: #000000;\">IDF ka deklaruar se po punon p\u00ebr t\u00eb rr\u00ebzuar raketat e l\u00ebshuara nga Irani, nd\u00ebrsa tensionet mes dy vendeve vazhdojn\u00eb t\u00eb p\u00ebrshkall\u00ebzohen.<\/span><\/p>\n","protected":false,"gt_translate_keys":[{"key":"rendered","format":"html"}]},"excerpt":{"rendered":"<p>Sirena alarmi kan\u00eb shp\u00ebrthyer n\u00eb veri dhe qend\u00ebr t\u00eb Izraelit, p\u00ebrfshir\u00eb Jerusalemin, mes nj\u00eb sulmi me raketa balistike nga Irani, p\u00ebrcjell The Times of Israel. Autoritetet izraelite kan\u00eb udh\u00ebzuar civil\u00ebt n\u00eb zonat e prekura t\u00eb q\u00ebndrojn\u00eb n\u00eb strehimore deri n\u00eb nj\u00eb njoftim t\u00eb dyt\u00eb. IDF ka deklaruar se po punon p\u00ebr t\u00eb rr\u00ebzuar raketat e [&hellip;]<\/p>\n","protected":false,"gt_translate_keys":[{"key":"rendered","format":"html"}]},"author":32,"featured_media":698199,"comment_status":"closed","ping_status":"open","sticky":false,"template":"","format":"standard","meta":{"footnotes":""},"categories":[6],"tags":[],"class_list":["post-746744","post","type-post","status-publish","format-standard","has-post-thumbnail","hentry","category-nderkombetare"],"gt_translate_keys":[{"key":"link","format":"url"}],"_links":{"self":[{"href":"https:\/\/www.hashtag.al\/index.php\/wp-json\/wp\/v2\/posts\/746744","targetHints":{"allow":["GET"]}}],"collection":[{"href":"https:\/\/www.hashtag.al\/index.php\/wp-json\/wp\/v2\/posts"}],"about":[{"href":"https:\/\/www.hashtag.al\/index.php\/wp-json\/wp\/v2\/types\/post"}],"author":[{"embeddable":true,"href":"https:\/\/www.hashtag.al\/index.php\/wp-json\/wp\/v2\/users\/32"}],"replies":[{"embeddable":true,"href":"https:\/\/www.hashtag.al\/index.php\/wp-json\/wp\/v2\/comments?post=746744"}],"version-history":[{"count":99999,"href":"https:\/\/www.hashtag.al\/index.php\/wp-json\/wp\/v2\/posts\/746744\/revisions"}],"predecessor-version":[{"id":746745,"href":"https:\/\/www.hashtag.al\/index.php\/wp-json\/wp\/v2\/posts\/746744\/revisions\/746745"}],"wp:featuredmedia":[{"embeddable":true,"href":"https:\/\/www.hashtag.al\/index.php\/wp-json\/wp\/v2\/media\/698199"}],"wp:attachment":[{"href":"https:\/\/www.hashtag.al\/index.php\/wp-json\/wp\/v2\/media?parent=746744"}],"wp:term":[{"taxonomy":"category","embeddable":true,"href":"https:\/\/www.hashtag.al\/index.php\/wp-json\/wp\/v2\/categories?post=746744"},{"taxonomy":"post_tag","embeddable":true,"href":"https:\/\/www.hashtag.al\/index.php\/wp-json\/wp\/v2\/tags?post=746744"}],"curies":[{"name":"wp","href":"https:\/\/api.w.org\/{rel}","templated":true}]}}