{"id":746566,"date":"2025-06-14T09:01:10","date_gmt":"2025-06-14T07:01:10","guid":{"rendered":"https:\/\/www.hashtag.al\/?p=746566"},"modified":"2025-06-14T09:01:10","modified_gmt":"2025-06-14T07:01:10","slug":"me-foto-demtime-nga-raketat-ne-te-gjithe-izraelin","status":"publish","type":"post","link":"https:\/\/www.hashtag.al\/index.php\/2025\/06\/14\/me-foto-demtime-nga-raketat-ne-te-gjithe-izraelin\/","title":{"rendered":"Me foto\/ D\u00ebmtime nga raketat n\u00eb t\u00eb gjith\u00eb Izraelin","gt_translate_keys":[{"key":"rendered","format":"text"}]},"content":{"rendered":"<p><span style=\"color: #000000;\"><img loading=\"lazy\" decoding=\"async\" class=\"aligncenter size-full wp-image-746568\" src=\"https:\/\/www.hashtag.al\/wp-content\/uploads\/2025\/06\/2.jpeg\" alt=\"\" width=\"1280\" height=\"853\" srcset=\"https:\/\/www.hashtag.al\/wp-content\/uploads\/2025\/06\/2.jpeg 1280w, https:\/\/www.hashtag.al\/wp-content\/uploads\/2025\/06\/2-300x200.jpeg 300w, https:\/\/www.hashtag.al\/wp-content\/uploads\/2025\/06\/2-1024x682.jpeg 1024w, https:\/\/www.hashtag.al\/wp-content\/uploads\/2025\/06\/2-768x512.jpeg 768w\" sizes=\"auto, (max-width: 1280px) 100vw, 1280px\" \/><\/span><\/p>\n<p><span style=\"color: #000000;\">Nj\u00eb val\u00eb tjet\u00ebr sulmesh me raketa nga Irani goditi Izraelin t\u00eb shtun\u00ebn, duke sh\u00ebnuar kulmin e nj\u00eb nate t\u00eb tensionuar p\u00ebrplasjesh mes dy vendeve. Autoritetet izraelite konfirmuan se nga sulmet humb\u00ebn jet\u00ebn tre persona, nd\u00ebrsa dhjet\u00ebra t\u00eb tjer\u00eb mbet\u00ebn t\u00eb plagosur.<\/span><\/p>\n<p><span style=\"color: #000000;\">Sipas burimeve zyrtare, sulmet iraniane ishin nj\u00eb kund\u00ebrp\u00ebrgjigje ndaj nj\u00eb sulmi t\u00eb m\u00ebparsh\u00ebm izraelit ndaj objektivave b\u00ebrthamore dhe ushtarake n\u00eb territorin iranian, i cil\u00ebsuar si i paprecedent\u00eb.<\/span><\/p>\n<p><span style=\"color: #000000;\"><img loading=\"lazy\" decoding=\"async\" class=\"aligncenter size-full wp-image-746567\" src=\"https:\/\/www.hashtag.al\/wp-content\/uploads\/2025\/06\/1.jpeg\" alt=\"\" width=\"1280\" height=\"853\" srcset=\"https:\/\/www.hashtag.al\/wp-content\/uploads\/2025\/06\/1.jpeg 1280w, https:\/\/www.hashtag.al\/wp-content\/uploads\/2025\/06\/1-300x200.jpeg 300w, https:\/\/www.hashtag.al\/wp-content\/uploads\/2025\/06\/1-1024x682.jpeg 1024w, https:\/\/www.hashtag.al\/wp-content\/uploads\/2025\/06\/1-768x512.jpeg 768w\" sizes=\"auto, (max-width: 1280px) 100vw, 1280px\" \/> <\/span><\/p>\n<p><span style=\"color: #000000;\">Ky sulm kishte shkaktuar vdekjen e disa prej udh\u00ebheq\u00ebsve t\u00eb lart\u00eb iranian\u00eb, si dhe t\u00eb pakt\u00ebn 78 personave t\u00eb tjer\u00eb. Rreth 320 t\u00eb plagosur jan\u00eb raportuar nga pala iraniane, shumica prej tyre civil\u00eb.<\/span><\/p>\n<p>&nbsp;<\/p>\n<p><span style=\"color: #000000;\">Ministri izraelit i Mbrojtjes, Israel Katz, deklaroi t\u00eb premten mbr\u00ebma se Irani kishte \u201ckaluar vijat e kuqe\u201d duke goditur zona t\u00eb banuara dhe qendra t\u00eb popullsis\u00eb civile.<\/span><\/p>\n<p><span style=\"color: #000000;\"><img loading=\"lazy\" decoding=\"async\" class=\"aligncenter size-full wp-image-746569\" src=\"https:\/\/www.hashtag.al\/wp-content\/uploads\/2025\/06\/3.jpeg\" alt=\"\" width=\"1280\" height=\"853\" srcset=\"https:\/\/www.hashtag.al\/wp-content\/uploads\/2025\/06\/3.jpeg 1280w, https:\/\/www.hashtag.al\/wp-content\/uploads\/2025\/06\/3-300x200.jpeg 300w, https:\/\/www.hashtag.al\/wp-content\/uploads\/2025\/06\/3-1024x682.jpeg 1024w, https:\/\/www.hashtag.al\/wp-content\/uploads\/2025\/06\/3-768x512.jpeg 768w\" sizes=\"auto, (max-width: 1280px) 100vw, 1280px\" \/><\/span><\/p>\n<p data-start=\"184\" data-end=\"338\"><span style=\"color: #000000;\">Numri i viktimave nga sulmet e fundit iraniane ndaj Izraelit \u00ebsht\u00eb rritur n\u00eb tre, sipas t\u00eb dh\u00ebnave t\u00eb p\u00ebrdit\u00ebsuara nga sh\u00ebrbimet izraelite t\u00eb emergjenc\u00ebs.<\/span><\/p>\n<p><span style=\"color: #000000;\"><img loading=\"lazy\" decoding=\"async\" class=\"aligncenter size-full wp-image-746570\" src=\"https:\/\/www.hashtag.al\/wp-content\/uploads\/2025\/06\/4.jpeg\" alt=\"\" width=\"1280\" height=\"853\" srcset=\"https:\/\/www.hashtag.al\/wp-content\/uploads\/2025\/06\/4.jpeg 1280w, https:\/\/www.hashtag.al\/wp-content\/uploads\/2025\/06\/4-300x200.jpeg 300w, https:\/\/www.hashtag.al\/wp-content\/uploads\/2025\/06\/4-1024x682.jpeg 1024w, https:\/\/www.hashtag.al\/wp-content\/uploads\/2025\/06\/4-768x512.jpeg 768w\" sizes=\"auto, (max-width: 1280px) 100vw, 1280px\" \/><\/span><\/p>\n<p data-start=\"340\" data-end=\"661\"><span style=\"color: #000000;\">Dy persona humb\u00ebn jet\u00ebn dhe 19 t\u00eb tjer\u00eb mbet\u00ebn t\u00eb plagosur pas nj\u00eb sulmi me raketa q\u00eb goditi pran\u00eb banesave n\u00eb Rishon Lezion, n\u00eb jug t\u00eb Tel Avivit, b\u00ebri t\u00eb ditur agjencia izraelite e emergjencave, Magen David Adom. Fillimisht ishte raportuar p\u00ebr nj\u00eb t\u00eb vdekur, por shifrat u rrit\u00ebn pas vler\u00ebsimeve t\u00eb m\u00ebtejshme n\u00eb terren.<\/span><\/p>\n<p><span style=\"color: #000000;\"><img loading=\"lazy\" decoding=\"async\" class=\"aligncenter size-full wp-image-746571\" src=\"https:\/\/www.hashtag.al\/wp-content\/uploads\/2025\/06\/5.jpeg\" alt=\"\" width=\"1280\" height=\"853\" srcset=\"https:\/\/www.hashtag.al\/wp-content\/uploads\/2025\/06\/5.jpeg 1280w, https:\/\/www.hashtag.al\/wp-content\/uploads\/2025\/06\/5-300x200.jpeg 300w, https:\/\/www.hashtag.al\/wp-content\/uploads\/2025\/06\/5-1024x682.jpeg 1024w, https:\/\/www.hashtag.al\/wp-content\/uploads\/2025\/06\/5-768x512.jpeg 768w\" sizes=\"auto, (max-width: 1280px) 100vw, 1280px\" \/><\/span><\/p>\n<p data-start=\"663\" data-end=\"908\"><span style=\"color: #000000;\">Nd\u00ebrkoh\u00eb, viktima e tret\u00eb \u00ebsht\u00eb nj\u00eb grua q\u00eb u godit nga nj\u00eb fragment arm\u00ebsh gjat\u00eb nj\u00eb vale t\u00eb m\u00ebparshme sulmesh gjat\u00eb nat\u00ebs s\u00eb s\u00eb shtun\u00ebs. Ajo humbi jet\u00ebn n\u00eb vendngjarje n\u00eb qytetin Ramat Gan, n\u00eb lindje t\u00eb Tel Avivit, sipas njoftimit t\u00eb policis\u00eb.<a href=\"https:\/\/edition.cnn.com\/world\/live-news\/israel-iran-strikes-news-06-14-25\"><span style=\"color: #0000ff;\"><strong>\/CNN<\/strong><\/span><\/a><\/span><\/p>\n<p><span style=\"color: #000000;\"><img loading=\"lazy\" decoding=\"async\" class=\"aligncenter size-full wp-image-746572\" src=\"https:\/\/www.hashtag.al\/wp-content\/uploads\/2025\/06\/06-01-ap25165167550544.jpeg\" alt=\"\" width=\"1280\" height=\"853\" srcset=\"https:\/\/www.hashtag.al\/wp-content\/uploads\/2025\/06\/06-01-ap25165167550544.jpeg 1280w, https:\/\/www.hashtag.al\/wp-content\/uploads\/2025\/06\/06-01-ap25165167550544-300x200.jpeg 300w, https:\/\/www.hashtag.al\/wp-content\/uploads\/2025\/06\/06-01-ap25165167550544-1024x682.jpeg 1024w, https:\/\/www.hashtag.al\/wp-content\/uploads\/2025\/06\/06-01-ap25165167550544-768x512.jpeg 768w\" sizes=\"auto, (max-width: 1280px) 100vw, 1280px\" \/><\/span><\/p>\n","protected":false,"gt_translate_keys":[{"key":"rendered","format":"html"}]},"excerpt":{"rendered":"<p>Nj\u00eb val\u00eb tjet\u00ebr sulmesh me raketa nga Irani goditi Izraelin t\u00eb shtun\u00ebn, duke sh\u00ebnuar kulmin e nj\u00eb nate t\u00eb tensionuar p\u00ebrplasjesh mes dy vendeve. Autoritetet izraelite konfirmuan se nga sulmet humb\u00ebn jet\u00ebn tre persona, nd\u00ebrsa dhjet\u00ebra t\u00eb tjer\u00eb mbet\u00ebn t\u00eb plagosur. Sipas burimeve zyrtare, sulmet iraniane ishin nj\u00eb kund\u00ebrp\u00ebrgjigje ndaj nj\u00eb sulmi t\u00eb m\u00ebparsh\u00ebm izraelit [&hellip;]<\/p>\n","protected":false,"gt_translate_keys":[{"key":"rendered","format":"html"}]},"author":49,"featured_media":746568,"comment_status":"closed","ping_status":"open","sticky":false,"template":"","format":"standard","meta":{"footnotes":""},"categories":[6],"tags":[],"class_list":["post-746566","post","type-post","status-publish","format-standard","has-post-thumbnail","hentry","category-nderkombetare"],"gt_translate_keys":[{"key":"link","format":"url"}],"_links":{"self":[{"href":"https:\/\/www.hashtag.al\/index.php\/wp-json\/wp\/v2\/posts\/746566","targetHints":{"allow":["GET"]}}],"collection":[{"href":"https:\/\/www.hashtag.al\/index.php\/wp-json\/wp\/v2\/posts"}],"about":[{"href":"https:\/\/www.hashtag.al\/index.php\/wp-json\/wp\/v2\/types\/post"}],"author":[{"embeddable":true,"href":"https:\/\/www.hashtag.al\/index.php\/wp-json\/wp\/v2\/users\/49"}],"replies":[{"embeddable":true,"href":"https:\/\/www.hashtag.al\/index.php\/wp-json\/wp\/v2\/comments?post=746566"}],"version-history":[{"count":99999,"href":"https:\/\/www.hashtag.al\/index.php\/wp-json\/wp\/v2\/posts\/746566\/revisions"}],"predecessor-version":[{"id":746574,"href":"https:\/\/www.hashtag.al\/index.php\/wp-json\/wp\/v2\/posts\/746566\/revisions\/746574"}],"wp:featuredmedia":[{"embeddable":true,"href":"https:\/\/www.hashtag.al\/index.php\/wp-json\/wp\/v2\/media\/746568"}],"wp:attachment":[{"href":"https:\/\/www.hashtag.al\/index.php\/wp-json\/wp\/v2\/media?parent=746566"}],"wp:term":[{"taxonomy":"category","embeddable":true,"href":"https:\/\/www.hashtag.al\/index.php\/wp-json\/wp\/v2\/categories?post=746566"},{"taxonomy":"post_tag","embeddable":true,"href":"https:\/\/www.hashtag.al\/index.php\/wp-json\/wp\/v2\/tags?post=746566"}],"curies":[{"name":"wp","href":"https:\/\/api.w.org\/{rel}","templated":true}]}}