{"id":746399,"date":"2025-06-13T12:23:36","date_gmt":"2025-06-13T10:23:36","guid":{"rendered":"https:\/\/www.hashtag.al\/?p=746399"},"modified":"2025-06-13T12:23:36","modified_gmt":"2025-06-13T10:23:36","slug":"kuvendi-i-kosoves-nuk-konstituohet-as-ne-tentimin-e-31-te","status":"publish","type":"post","link":"https:\/\/www.hashtag.al\/index.php\/2025\/06\/13\/kuvendi-i-kosoves-nuk-konstituohet-as-ne-tentimin-e-31-te\/","title":{"rendered":"Kuvendi i Kosov\u00ebs nuk konstituohet as n\u00eb tentimin e 31-t\u00eb","gt_translate_keys":[{"key":"rendered","format":"text"}]},"content":{"rendered":"<p><span style=\"color: #000000;\"><img loading=\"lazy\" decoding=\"async\" class=\"aligncenter size-full wp-image-746400\" src=\"https:\/\/www.hashtag.al\/wp-content\/uploads\/2025\/06\/Screenshot-2025-05-31-121107.png\" alt=\"\" width=\"1065\" height=\"571\" srcset=\"https:\/\/www.hashtag.al\/wp-content\/uploads\/2025\/06\/Screenshot-2025-05-31-121107.png 1065w, https:\/\/www.hashtag.al\/wp-content\/uploads\/2025\/06\/Screenshot-2025-05-31-121107-300x161.png 300w, https:\/\/www.hashtag.al\/wp-content\/uploads\/2025\/06\/Screenshot-2025-05-31-121107-1024x549.png 1024w, https:\/\/www.hashtag.al\/wp-content\/uploads\/2025\/06\/Screenshot-2025-05-31-121107-768x412.png 768w\" sizes=\"auto, (max-width: 1065px) 100vw, 1065px\" \/><\/span><\/p>\n<p><span style=\"color: #000000;\">Deputet\u00ebt vazhdojn\u00eb t\u00eb d\u00ebshtojn\u00eb ta konstituojn\u00eb p\u00ebrb\u00ebrjen e re t\u00eb Kuvendit t\u00eb Kosov\u00ebs edhe kat\u00ebr muaj pas mbajtjes s\u00eb zgjedhjeve parlamentare t\u00eb 9 shkurtit, duke e l\u00ebn\u00eb vendin pa institucione t\u00eb reja.<\/span><\/p>\n<p><span style=\"color: #000000;\">Sikur edhe n\u00eb vazhdimet e kaluara t\u00eb seanc\u00ebs konstituive &#8211; e cila nisi m\u00eb 15 prill \u2013 deputet\u00ebt u mblodh\u00ebn shkurtimisht t\u00eb premten dhe nuk gjet\u00ebn zgjidhje p\u00ebr zhbllokimin e ng\u00ebr\u00e7it.<\/span><\/p>\n<p><span style=\"color: #000000;\">Kjo ishte hera e 31-t\u00eb q\u00eb ata mblidhen dhe d\u00ebshtojn\u00eb, dhe do t\u00eb mblidhen p\u00ebrs\u00ebri pas 48 or\u00ebve, pra t\u00eb diel\u00ebn e 15 qershorit.<\/span><\/p>\n<p><span style=\"color: #000000;\">D\u00ebshtimi ndodhi nj\u00eb dit\u00eb pasi kryetari i Lidhjes Demokratike t\u00eb Kosov\u00ebs, Lumir Abdixhiku e shpalosi nj\u00eb agjend\u00eb 15-pik\u00ebshe p\u00ebr nj\u00eb qeveri t\u00eb unitetit, duke i ftuar t\u00eb gjitha partit\u00eb parlamentare ta formojn\u00eb at\u00eb si m\u00ebnyr\u00eb p\u00ebr t\u00eb dal\u00eb nga kriza politike.<a href=\"https:\/\/www.evropaelire.org\/a\/kuvendi-deshton-konstituimi-kosove\/33441958.html\"><span style=\"color: #0000ff;\"><strong>\/REL<\/strong><\/span><\/a><\/span><\/p>\n","protected":false,"gt_translate_keys":[{"key":"rendered","format":"html"}]},"excerpt":{"rendered":"<p>Deputet\u00ebt vazhdojn\u00eb t\u00eb d\u00ebshtojn\u00eb ta konstituojn\u00eb p\u00ebrb\u00ebrjen e re t\u00eb Kuvendit t\u00eb Kosov\u00ebs edhe kat\u00ebr muaj pas mbajtjes s\u00eb zgjedhjeve parlamentare t\u00eb 9 shkurtit, duke e l\u00ebn\u00eb vendin pa institucione t\u00eb reja. Sikur edhe n\u00eb vazhdimet e kaluara t\u00eb seanc\u00ebs konstituive &#8211; e cila nisi m\u00eb 15 prill \u2013 deputet\u00ebt u mblodh\u00ebn shkurtimisht t\u00eb premten [&hellip;]<\/p>\n","protected":false,"gt_translate_keys":[{"key":"rendered","format":"html"}]},"author":49,"featured_media":746400,"comment_status":"closed","ping_status":"open","sticky":false,"template":"","format":"standard","meta":{"footnotes":""},"categories":[149],"tags":[],"class_list":["post-746399","post","type-post","status-publish","format-standard","has-post-thumbnail","hentry","category-kosoverajon"],"gt_translate_keys":[{"key":"link","format":"url"}],"_links":{"self":[{"href":"https:\/\/www.hashtag.al\/index.php\/wp-json\/wp\/v2\/posts\/746399","targetHints":{"allow":["GET"]}}],"collection":[{"href":"https:\/\/www.hashtag.al\/index.php\/wp-json\/wp\/v2\/posts"}],"about":[{"href":"https:\/\/www.hashtag.al\/index.php\/wp-json\/wp\/v2\/types\/post"}],"author":[{"embeddable":true,"href":"https:\/\/www.hashtag.al\/index.php\/wp-json\/wp\/v2\/users\/49"}],"replies":[{"embeddable":true,"href":"https:\/\/www.hashtag.al\/index.php\/wp-json\/wp\/v2\/comments?post=746399"}],"version-history":[{"count":99999,"href":"https:\/\/www.hashtag.al\/index.php\/wp-json\/wp\/v2\/posts\/746399\/revisions"}],"predecessor-version":[{"id":746401,"href":"https:\/\/www.hashtag.al\/index.php\/wp-json\/wp\/v2\/posts\/746399\/revisions\/746401"}],"wp:featuredmedia":[{"embeddable":true,"href":"https:\/\/www.hashtag.al\/index.php\/wp-json\/wp\/v2\/media\/746400"}],"wp:attachment":[{"href":"https:\/\/www.hashtag.al\/index.php\/wp-json\/wp\/v2\/media?parent=746399"}],"wp:term":[{"taxonomy":"category","embeddable":true,"href":"https:\/\/www.hashtag.al\/index.php\/wp-json\/wp\/v2\/categories?post=746399"},{"taxonomy":"post_tag","embeddable":true,"href":"https:\/\/www.hashtag.al\/index.php\/wp-json\/wp\/v2\/tags?post=746399"}],"curies":[{"name":"wp","href":"https:\/\/api.w.org\/{rel}","templated":true}]}}