{"id":746351,"date":"2025-06-12T23:04:06","date_gmt":"2025-06-12T21:04:06","guid":{"rendered":"https:\/\/www.hashtag.al\/?p=746351"},"modified":"2025-06-12T23:04:06","modified_gmt":"2025-06-12T21:04:06","slug":"gazmend-bardhi-kritikon-spak-per-fshehjen-e-hetimit-ndaj-benet-becit","status":"publish","type":"post","link":"https:\/\/www.hashtag.al\/index.php\/2025\/06\/12\/gazmend-bardhi-kritikon-spak-per-fshehjen-e-hetimit-ndaj-benet-becit\/","title":{"rendered":"Gazmend Bardhi kritikon SPAK p\u00ebr fshehjen e hetimit ndaj Benet Becit","gt_translate_keys":[{"key":"rendered","format":"text"}]},"content":{"rendered":"<p><span style=\"color: #000000;\"><img decoding=\"async\" src=\"https:\/\/www.hashtag.al\/wp-content\/uploads\/2025\/01\/bardhii.png\" \/><\/span><\/p>\n<p><span style=\"color: #000000;\">Gazmend Bardhi, kryetari i Grupit Parlamentar t\u00eb Partis\u00eb Demokratike, ka reaguar ashp\u00ebr ndaj Prokuroris\u00eb s\u00eb Posa\u00e7me (SPAK) p\u00ebr m\u00ebnyr\u00ebn se si ka trajtuar \u00e7\u00ebshtjen e kryetarit t\u00eb Bashkis\u00eb Shkod\u00ebr, Benet Beci. Sipas Bardhit, Beci \u00ebsht\u00eb marr\u00eb i pandehur q\u00eb n\u00eb tetor 2024, por ky informacion nuk \u00ebsht\u00eb b\u00ebr\u00eb publik, ndryshe nga praktikat e ndjekura n\u00eb raste t\u00eb tjera. Ai e cil\u00ebson k\u00ebt\u00eb veprim si nj\u00eb komprometim t\u00eb r\u00ebnd\u00eb t\u00eb integritetit t\u00eb SPAK dhe nj\u00eb trajtim t\u00eb pabarabart\u00eb t\u00eb zyrtar\u00ebve publik\u00eb.<\/span><\/p>\n<p><span style=\"color: #000000;\">N\u00eb deklarat\u00ebn e tij, Bardhi ka theksuar se nuk ka asnj\u00eb arsye q\u00eb Benet Beci t\u00eb trajtohet ndryshe nga zyrtar\u00ebt e tjer\u00eb q\u00eb jan\u00eb marr\u00eb t\u00eb pandehur. Ai ka k\u00ebrkuar transparenc\u00eb dhe trajtim t\u00eb barabart\u00eb p\u00ebr t\u00eb gjith\u00eb individ\u00ebt q\u00eb jan\u00eb subjekt i hetimeve t\u00eb SPAK. Sipas tij, ky institucion duhet t\u00eb zbatoj\u00eb ligjin n\u00eb m\u00ebnyr\u00eb t\u00eb drejt\u00eb dhe t\u00eb mos lejoj\u00eb q\u00eb informacione t\u00eb r\u00ebnd\u00ebsishme t\u00eb mbahen t\u00eb fshehta nga publiku.<\/span><\/p>\n<p><span style=\"color: #000000;\">Nj\u00eb tjet\u00ebr pik\u00eb e r\u00ebnd\u00ebsishme e deklarat\u00ebs s\u00eb Bardhit ka qen\u00eb k\u00ebrkesa p\u00ebr hetime t\u00eb thelluara n\u00eb sektorin e energjis\u00eb. Ai ka theksuar se aferat n\u00eb k\u00ebt\u00eb sektor jan\u00eb t\u00eb shumta dhe se SPAK duhet t\u00eb shkoj\u00eb deri te figura kryesore e k\u00ebtyre \u00e7\u00ebshtjeve, ministrja Belinda Balluku. Bardhi ka k\u00ebrkuar q\u00eb hetimet t\u00eb mos ndalen vet\u00ebm te individ\u00eb t\u00eb ve\u00e7ant\u00eb, por t\u00eb shtrihen n\u00eb t\u00eb gjith\u00eb rrjetin e p\u00ebrgjegj\u00ebsve p\u00ebr abuzimet n\u00eb k\u00ebt\u00eb sektor.<\/span><\/p>\n<p><span style=\"color: #000000;\">Gjithashtu, Bardhi ka komentuar nj\u00eb tjet\u00ebr zhvillim t\u00eb r\u00ebnd\u00ebsish\u00ebm, duke iu referuar nj\u00eb informacioni t\u00eb publikuar nga mediat, sipas t\u00eb cilit nj\u00eb minist\u00ebr n\u00eb detyr\u00eb \u00ebsht\u00eb n\u00ebn hetim nga SPAK. Ai ka theksuar se ky fakt n\u00ebnkupton q\u00eb ministri \u00ebsht\u00eb njoftuar p\u00ebr k\u00ebt\u00eb pozit\u00eb procedurale, dhe se ky informacion duhet t\u00eb ishte ndar\u00eb me publikun. Sipas tij, ndarja selektive e informacionit nga SPAK d\u00ebmton besimin e publikut tek drejt\u00ebsia dhe krijon perceptimin se ligji nuk zbatohet n\u00eb m\u00ebnyr\u00eb t\u00eb barabart\u00eb p\u00ebr t\u00eb gjith\u00eb.<\/span><\/p>\n<p><span style=\"color: #000000;\">N\u00eb p\u00ebrfundim t\u00eb deklarat\u00ebs s\u00eb tij, Bardhi ka b\u00ebr\u00eb thirrje p\u00ebr m\u00eb shum\u00eb transparenc\u00eb dhe p\u00ebr nj\u00eb trajtim t\u00eb drejt\u00eb t\u00eb t\u00eb gjitha \u00e7\u00ebshtjeve nga SPAK. Ai ka theksuar se aplikimi i ligjit me standarde t\u00eb ndryshme dhe mbajtja e informacioneve t\u00eb r\u00ebnd\u00ebsishme t\u00eb fshehta nga publiku nuk i sh\u00ebrben besimit tek drejt\u00ebsia dhe d\u00ebmton reputacionin e institucioneve t\u00eb drejt\u00ebsis\u00eb n\u00eb vend.<\/span><\/p>\n","protected":false,"gt_translate_keys":[{"key":"rendered","format":"html"}]},"excerpt":{"rendered":"<p>Gazmend Bardhi, kryetari i Grupit Parlamentar t\u00eb Partis\u00eb Demokratike, ka reaguar ashp\u00ebr ndaj Prokuroris\u00eb s\u00eb Posa\u00e7me (SPAK) p\u00ebr m\u00ebnyr\u00ebn se si ka trajtuar \u00e7\u00ebshtjen e kryetarit t\u00eb Bashkis\u00eb Shkod\u00ebr, Benet Beci. Sipas Bardhit, Beci \u00ebsht\u00eb marr\u00eb i pandehur q\u00eb n\u00eb tetor 2024, por ky informacion nuk \u00ebsht\u00eb b\u00ebr\u00eb publik, ndryshe nga praktikat e ndjekura n\u00eb [&hellip;]<\/p>\n","protected":false,"gt_translate_keys":[{"key":"rendered","format":"html"}]},"author":32,"featured_media":719405,"comment_status":"closed","ping_status":"open","sticky":false,"template":"","format":"standard","meta":{"footnotes":""},"categories":[65],"tags":[],"class_list":["post-746351","post","type-post","status-publish","format-standard","has-post-thumbnail","hentry","category-lajme"],"gt_translate_keys":[{"key":"link","format":"url"}],"_links":{"self":[{"href":"https:\/\/www.hashtag.al\/index.php\/wp-json\/wp\/v2\/posts\/746351","targetHints":{"allow":["GET"]}}],"collection":[{"href":"https:\/\/www.hashtag.al\/index.php\/wp-json\/wp\/v2\/posts"}],"about":[{"href":"https:\/\/www.hashtag.al\/index.php\/wp-json\/wp\/v2\/types\/post"}],"author":[{"embeddable":true,"href":"https:\/\/www.hashtag.al\/index.php\/wp-json\/wp\/v2\/users\/32"}],"replies":[{"embeddable":true,"href":"https:\/\/www.hashtag.al\/index.php\/wp-json\/wp\/v2\/comments?post=746351"}],"version-history":[{"count":99999,"href":"https:\/\/www.hashtag.al\/index.php\/wp-json\/wp\/v2\/posts\/746351\/revisions"}],"predecessor-version":[{"id":746354,"href":"https:\/\/www.hashtag.al\/index.php\/wp-json\/wp\/v2\/posts\/746351\/revisions\/746354"}],"wp:featuredmedia":[{"embeddable":true,"href":"https:\/\/www.hashtag.al\/index.php\/wp-json\/wp\/v2\/media\/719405"}],"wp:attachment":[{"href":"https:\/\/www.hashtag.al\/index.php\/wp-json\/wp\/v2\/media?parent=746351"}],"wp:term":[{"taxonomy":"category","embeddable":true,"href":"https:\/\/www.hashtag.al\/index.php\/wp-json\/wp\/v2\/categories?post=746351"},{"taxonomy":"post_tag","embeddable":true,"href":"https:\/\/www.hashtag.al\/index.php\/wp-json\/wp\/v2\/tags?post=746351"}],"curies":[{"name":"wp","href":"https:\/\/api.w.org\/{rel}","templated":true}]}}