{"id":746171,"date":"2025-06-12T08:41:29","date_gmt":"2025-06-12T06:41:29","guid":{"rendered":"https:\/\/www.hashtag.al\/?p=746171"},"modified":"2025-06-12T08:41:29","modified_gmt":"2025-06-12T06:41:29","slug":"vrasja-e-65-vjecarit-ne-klos-autori-arrestohet-ne-tirane","status":"publish","type":"post","link":"https:\/\/www.hashtag.al\/index.php\/2025\/06\/12\/vrasja-e-65-vjecarit-ne-klos-autori-arrestohet-ne-tirane\/","title":{"rendered":"Vrasja e 65-vje\u00e7arit n\u00eb Klos, autori arrestohet n\u00eb Tiran\u00eb","gt_translate_keys":[{"key":"rendered","format":"text"}]},"content":{"rendered":"<p><span style=\"color: #000000;\"><img loading=\"lazy\" decoding=\"async\" class=\"aligncenter size-full wp-image-746155\" src=\"https:\/\/www.hashtag.al\/wp-content\/uploads\/2025\/06\/policia-Tirane1-1.jpg\" alt=\"\" width=\"930\" height=\"523\" srcset=\"https:\/\/www.hashtag.al\/wp-content\/uploads\/2025\/06\/policia-Tirane1-1.jpg 930w, https:\/\/www.hashtag.al\/wp-content\/uploads\/2025\/06\/policia-Tirane1-1-300x169.jpg 300w, https:\/\/www.hashtag.al\/wp-content\/uploads\/2025\/06\/policia-Tirane1-1-768x432.jpg 768w\" sizes=\"auto, (max-width: 930px) 100vw, 930px\" \/><\/span><\/p>\n<p><span style=\"color: #000000;\">Detaje t\u00eb reja kan\u00eb dal\u00eb n\u00eb drit\u00eb lidhur me ngjarjen e r\u00ebnd\u00eb q\u00eb tronditi mbr\u00ebmjen e djeshme fshatin Xib\u00ebr t\u00eb bashkis\u00eb Klos, ku 65-vje\u00e7ari Selim Velsula u vra brutalisht me thik\u00eb.<\/span><\/p>\n<p><span style=\"color: #000000;\">Sipas raportimeve te <a href=\"http:\/\/Ja nj\u00eb version i riformuluar t\u00ebr\u00ebsisht dhe rrjedhsh\u00ebm i lajmit n\u00eb shqip standard: --- ### **Vrasje e r\u00ebnd\u00eb n\u00eb Klos: 65-vje\u00e7ari Selim Velsula q\u00ebllohet p\u00ebr vdekje me thik\u00eb nga kush\u00ebriri** Detaje t\u00eb reja kan\u00eb dal\u00eb n\u00eb drit\u00eb lidhur me ngjarjen e r\u00ebnd\u00eb q\u00eb tronditi mbr\u00ebmjen e djeshme fshatin Xib\u00ebr t\u00eb bashkis\u00eb Klos, ku 65-vje\u00e7ari Selim Velsula u vra brutalisht me thik\u00eb. Sipas raportimeve, viktima jetonte prej vitesh n\u00eb k\u00ebt\u00eb fshat bashk\u00eb me bashk\u00ebshorten dhe g\u00ebzonte reputacion si nj\u00eb njeri i qet\u00eb dhe i p\u00ebrkushtuar ndaj jet\u00ebs rurale. Rreth or\u00ebs 16:00 t\u00eb dit\u00ebs s\u00eb djeshme, ai kishte nxjerr\u00eb bag\u00ebtin\u00eb n\u00eb pronat familjare mbi fshat dhe ishte kthyer p\u00ebr t\u00eb marr\u00eb uj\u00eb, kur ndodhi tragjedia. Autori i dyshuar \u00ebsht\u00eb kush\u00ebriri i tij, 28-vje\u00e7ari Hazbi Velsula, i cili prej disa koh\u00ebsh ishte kthyer nga Tirana p\u00ebr t\u00eb jetuar n\u00eb zon\u00ebn e origjin\u00ebs. Sipas informacioneve paraprake, Hazbiu e ka thirrur viktim\u00ebn me pretekstin se donte t\u00eb bisedonin dhe m\u00eb pas e ka q\u00eblluar disa her\u00eb me thik\u00eb n\u00eb pjes\u00ebn e gjoksit. Pas sulmit, viktima ka tentuar t\u00eb kthehet drejt banes\u00ebs, por ka humbur jet\u00ebn rrug\u00ebs, ku \u00ebsht\u00eb gjetur pa shenja jete nga nj\u00eb banor i zon\u00ebs q\u00eb po shkonte t\u00eb merrte uj\u00eb p\u00ebr vaditje. Ai ka lajm\u00ebruar menj\u00ebher\u00eb bashk\u00ebshorten e viktim\u00ebs dhe m\u00eb pas autoritetet. Pas ngjarjes, Hazbi Velsula ka telefonuar motr\u00ebn e tij dhe e ka informuar se \u201ce kishte kryer vrasjen me mjet prer\u00ebs\u201d. Motra njoftoi policin\u00eb, e cila ka nd\u00ebrhyr\u00eb menj\u00ebher\u00eb duke rrethuar zon\u00ebn ku dyshohej se ishte fshehur autori. Dyshohet se Hazbi Velsula vuan nga probleme t\u00eb sh\u00ebndetit mendor, por ende nuk ka nj\u00eb konfirmim zyrtar p\u00ebr k\u00ebt\u00eb. Ngjarja ka tronditur komunitetin vendas, nd\u00ebrsa policia po vijon hetimet p\u00ebr zbardhjen e plot\u00eb t\u00eb rrethanave dhe motivit t\u00eb krimit. --- N\u00ebse d\u00ebshiron edhe nj\u00eb version m\u00eb t\u00eb shkurt\u00ebr p\u00ebr titull ose p\u00ebr rrjetet sociale, mund ta p\u00ebrgatis menj\u00ebher\u00eb.\"><span style=\"color: #0000ff;\"><strong>BW<\/strong><\/span><\/a>, viktima jetonte prej vitesh n\u00eb k\u00ebt\u00eb fshat bashk\u00eb me bashk\u00ebshorten dhe g\u00ebzonte reputacion si nj\u00eb njeri i qet\u00eb dhe i p\u00ebrkushtuar ndaj jet\u00ebs rurale. Rreth or\u00ebs 16:00 t\u00eb dit\u00ebs s\u00eb djeshme, ai kishte nxjerr\u00eb bag\u00ebtin\u00eb n\u00eb pronat familjare mbi fshat dhe ishte kthyer p\u00ebr t\u00eb marr\u00eb uj\u00eb, kur ndodhi tragjedia.<\/span><\/p>\n<p><span style=\"color: #000000;\">Autori i dyshuar \u00ebsht\u00eb kush\u00ebriri i tij, 28-vje\u00e7ari Hazbi Velsula, i cili prej disa koh\u00ebsh ishte kthyer nga Tirana p\u00ebr t\u00eb jetuar n\u00eb zon\u00ebn e origjin\u00ebs. Sipas informacioneve paraprake, Hazbiu e ka thirrur viktim\u00ebn me pretekstin se donte t\u00eb bisedonin dhe m\u00eb pas e ka q\u00eblluar disa her\u00eb me thik\u00eb n\u00eb pjes\u00ebn e gjoksit.<\/span><\/p>\n<p><span style=\"color: #000000;\">Pas sulmit, viktima ka tentuar t\u00eb kthehet drejt banes\u00ebs, por ka humbur jet\u00ebn rrug\u00ebs, ku \u00ebsht\u00eb gjetur pa shenja jete nga nj\u00eb banor i zon\u00ebs q\u00eb po shkonte t\u00eb merrte uj\u00eb p\u00ebr vaditje. Ai ka lajm\u00ebruar menj\u00ebher\u00eb bashk\u00ebshorten e viktim\u00ebs dhe m\u00eb pas autoritetet.<\/span><\/p>\n<p><span style=\"color: #000000;\">Pas ngjarjes, Hazbi Velsula ka telefonuar motr\u00ebn e tij dhe e ka informuar se \u201ce kishte kryer vrasjen me mjet prer\u00ebs\u201d. Motra njoftoi policin\u00eb, e cila ka nd\u00ebrhyr\u00eb menj\u00ebher\u00eb duke rrethuar zon\u00ebn ku dyshohej se ishte fshehur autori.<\/span><\/p>\n<p><span style=\"color: #000000;\">Dyshohet se Hazbi Velsula vuan nga probleme t\u00eb sh\u00ebndetit mendor, por ende nuk ka nj\u00eb konfirmim zyrtar p\u00ebr k\u00ebt\u00eb.<\/span><\/p>\n<p><span style=\"color: #000000;\">Ngjarja ka tronditur komunitetin vendas, nd\u00ebrsa policia po vijon hetimet p\u00ebr zbardhjen e plot\u00eb t\u00eb rrethanave dhe motivit t\u00eb krimit.<\/span><\/p>\n","protected":false,"gt_translate_keys":[{"key":"rendered","format":"html"}]},"excerpt":{"rendered":"<p>Detaje t\u00eb reja kan\u00eb dal\u00eb n\u00eb drit\u00eb lidhur me ngjarjen e r\u00ebnd\u00eb q\u00eb tronditi mbr\u00ebmjen e djeshme fshatin Xib\u00ebr t\u00eb bashkis\u00eb Klos, ku 65-vje\u00e7ari Selim Velsula u vra brutalisht me thik\u00eb. Sipas raportimeve te BW, viktima jetonte prej vitesh n\u00eb k\u00ebt\u00eb fshat bashk\u00eb me bashk\u00ebshorten dhe g\u00ebzonte reputacion si nj\u00eb njeri i qet\u00eb dhe i [&hellip;]<\/p>\n","protected":false,"gt_translate_keys":[{"key":"rendered","format":"html"}]},"author":49,"featured_media":746155,"comment_status":"closed","ping_status":"open","sticky":false,"template":"","format":"standard","meta":{"footnotes":""},"categories":[65],"tags":[],"class_list":["post-746171","post","type-post","status-publish","format-standard","has-post-thumbnail","hentry","category-lajme"],"gt_translate_keys":[{"key":"link","format":"url"}],"_links":{"self":[{"href":"https:\/\/www.hashtag.al\/index.php\/wp-json\/wp\/v2\/posts\/746171","targetHints":{"allow":["GET"]}}],"collection":[{"href":"https:\/\/www.hashtag.al\/index.php\/wp-json\/wp\/v2\/posts"}],"about":[{"href":"https:\/\/www.hashtag.al\/index.php\/wp-json\/wp\/v2\/types\/post"}],"author":[{"embeddable":true,"href":"https:\/\/www.hashtag.al\/index.php\/wp-json\/wp\/v2\/users\/49"}],"replies":[{"embeddable":true,"href":"https:\/\/www.hashtag.al\/index.php\/wp-json\/wp\/v2\/comments?post=746171"}],"version-history":[{"count":99999,"href":"https:\/\/www.hashtag.al\/index.php\/wp-json\/wp\/v2\/posts\/746171\/revisions"}],"predecessor-version":[{"id":746173,"href":"https:\/\/www.hashtag.al\/index.php\/wp-json\/wp\/v2\/posts\/746171\/revisions\/746173"}],"wp:featuredmedia":[{"embeddable":true,"href":"https:\/\/www.hashtag.al\/index.php\/wp-json\/wp\/v2\/media\/746155"}],"wp:attachment":[{"href":"https:\/\/www.hashtag.al\/index.php\/wp-json\/wp\/v2\/media?parent=746171"}],"wp:term":[{"taxonomy":"category","embeddable":true,"href":"https:\/\/www.hashtag.al\/index.php\/wp-json\/wp\/v2\/categories?post=746171"},{"taxonomy":"post_tag","embeddable":true,"href":"https:\/\/www.hashtag.al\/index.php\/wp-json\/wp\/v2\/tags?post=746171"}],"curies":[{"name":"wp","href":"https:\/\/api.w.org\/{rel}","templated":true}]}}