{"id":746143,"date":"2025-06-11T23:09:28","date_gmt":"2025-06-11T21:09:28","guid":{"rendered":"https:\/\/www.hashtag.al\/?p=746143"},"modified":"2025-06-11T23:09:28","modified_gmt":"2025-06-11T21:09:28","slug":"media-pushteti-qe-ka-siguruar-qe-kjo-ngjarje-te-mos-harrohej-grida-duma-per-vrasjen-e-martin-canit","status":"publish","type":"post","link":"https:\/\/www.hashtag.al\/index.php\/2025\/06\/11\/media-pushteti-qe-ka-siguruar-qe-kjo-ngjarje-te-mos-harrohej-grida-duma-per-vrasjen-e-martin-canit\/","title":{"rendered":"\u201cMedia, pushteti q\u00eb ka siguruar q\u00eb kjo ngjarje t\u00eb mos harrohej\u201d \u2013 Grida Duma p\u00ebr vrasjen e Martin Canit","gt_translate_keys":[{"key":"rendered","format":"text"}]},"content":{"rendered":"<div class=\"firstP\">\n<p><span style=\"color: #000000;\"><img decoding=\"async\" class=\"aligncenter\" src=\"https:\/\/www.hashtag.al\/wp-content\/uploads\/2024\/11\/martin-cani-mario-perlleshaj1-600x600.jpg\" \/><\/span><\/p>\n<p><span style=\"color: #000000;\">Vrasja e t\u00eb miturit Martin Cani 8 muaj m\u00eb par\u00eb pran\u00eb shkoll\u00ebs \u201cFan Noli\u201d n\u00eb Tiran\u00eb tronditi mbar\u00eb opinionin publik. Ngjarja solli reagime t\u00eb forta p\u00ebr zbardhje t\u00eb saj dhe reflektim p\u00ebr brezin e ri q\u00eb po rritet.<\/span><\/p>\n<\/div>\n<p><span style=\"color: #000000;\">N\u00eb hyrje t\u00eb emisionit \u201cTop Story\u201d, pas publikimit t\u00eb videos nga gazetari Eraldo Harlicaj, moderatorja Grida Duma tha se media ka qen\u00eb \u201cpushteti\u201d q\u00eb ka siguruar q\u00eb kjo ngjarje t\u00eb mos harrohej.<\/span><\/p>\n<p><span style=\"color: #000000;\"><strong>Grida Duma:<\/strong>\u00a0<em>Nuk ka asnj\u00eb shqiptar q\u00eb mund t\u00eb jet\u00eb indiferent ndaj ngjarjes. Kjo tragjedi n\u00eb momentet e para si\u00e7 e kemi ndjekur dhe analizuar, \u00ebsht\u00eb dashur nj\u00eb reagim shum\u00eb m\u00eb i madh sa i p\u00ebrket p\u00ebrmas\u00ebs s\u00eb tragjedis\u00eb.<\/em><\/span><\/p>\n<p><span style=\"color: #000000;\"><em>Media ka qen\u00eb pushteti q\u00eb ka siguruar nj\u00eb lloj valvule sigurie p\u00ebr familjen e Martinit q\u00eb kjo ngjarje nuk mund t\u00eb lihej n\u00eb harres\u00eb. Media e ka b\u00ebr\u00eb k\u00ebt\u00eb kudo n\u00eb Shqip\u00ebri. N\u00eb Top Story kemi mbajtur nj\u00eb standard, duke e konsideruar t\u00eb shenjt\u00eb.<\/em><\/span><\/p>\n<p><span style=\"color: #000000;\"><em>Vrasja e nj\u00eb f\u00ebmij\u00ebve nga nj\u00eb f\u00ebmij\u00eb \u00ebsht\u00eb nj\u00eb tragjedi p\u00ebr familjet. Ne me shum\u00eb goj\u00eb, si\u00e7 po m\u00eb merret fryma p\u00ebr t\u00eb mos e themi t\u00eb gjith\u00ebn, kemi edhe rr\u00ebfimin e babait t\u00eb f\u00ebmij\u00ebs q\u00eb e goditi Martnin. Duke mbajtur k\u00ebt\u00eb balanc\u00eb edhe nga familja q\u00eb nuk do donte kurr\u00eb q\u00eb f\u00ebmija t\u00eb godiste diku tjet\u00ebr.<\/em><\/span><\/p>\n<p><strong><span style=\"color: #000000;\">(TCH)<\/span><\/strong><\/p>\n","protected":false,"gt_translate_keys":[{"key":"rendered","format":"html"}]},"excerpt":{"rendered":"<p>Vrasja e t\u00eb miturit Martin Cani 8 muaj m\u00eb par\u00eb pran\u00eb shkoll\u00ebs \u201cFan Noli\u201d n\u00eb Tiran\u00eb tronditi mbar\u00eb opinionin publik. Ngjarja solli reagime t\u00eb forta p\u00ebr zbardhje t\u00eb saj dhe reflektim p\u00ebr brezin e ri q\u00eb po rritet. N\u00eb hyrje t\u00eb emisionit \u201cTop Story\u201d, pas publikimit t\u00eb videos nga gazetari Eraldo Harlicaj, moderatorja Grida Duma [&hellip;]<\/p>\n","protected":false,"gt_translate_keys":[{"key":"rendered","format":"html"}]},"author":32,"featured_media":710805,"comment_status":"closed","ping_status":"open","sticky":false,"template":"","format":"standard","meta":{"footnotes":""},"categories":[65],"tags":[],"class_list":["post-746143","post","type-post","status-publish","format-standard","has-post-thumbnail","hentry","category-lajme"],"gt_translate_keys":[{"key":"link","format":"url"}],"_links":{"self":[{"href":"https:\/\/www.hashtag.al\/index.php\/wp-json\/wp\/v2\/posts\/746143","targetHints":{"allow":["GET"]}}],"collection":[{"href":"https:\/\/www.hashtag.al\/index.php\/wp-json\/wp\/v2\/posts"}],"about":[{"href":"https:\/\/www.hashtag.al\/index.php\/wp-json\/wp\/v2\/types\/post"}],"author":[{"embeddable":true,"href":"https:\/\/www.hashtag.al\/index.php\/wp-json\/wp\/v2\/users\/32"}],"replies":[{"embeddable":true,"href":"https:\/\/www.hashtag.al\/index.php\/wp-json\/wp\/v2\/comments?post=746143"}],"version-history":[{"count":99999,"href":"https:\/\/www.hashtag.al\/index.php\/wp-json\/wp\/v2\/posts\/746143\/revisions"}],"predecessor-version":[{"id":746146,"href":"https:\/\/www.hashtag.al\/index.php\/wp-json\/wp\/v2\/posts\/746143\/revisions\/746146"}],"wp:featuredmedia":[{"embeddable":true,"href":"https:\/\/www.hashtag.al\/index.php\/wp-json\/wp\/v2\/media\/710805"}],"wp:attachment":[{"href":"https:\/\/www.hashtag.al\/index.php\/wp-json\/wp\/v2\/media?parent=746143"}],"wp:term":[{"taxonomy":"category","embeddable":true,"href":"https:\/\/www.hashtag.al\/index.php\/wp-json\/wp\/v2\/categories?post=746143"},{"taxonomy":"post_tag","embeddable":true,"href":"https:\/\/www.hashtag.al\/index.php\/wp-json\/wp\/v2\/tags?post=746143"}],"curies":[{"name":"wp","href":"https:\/\/api.w.org\/{rel}","templated":true}]}}