{"id":746058,"date":"2025-06-11T15:35:30","date_gmt":"2025-06-11T13:35:30","guid":{"rendered":"https:\/\/www.hashtag.al\/?p=746058"},"modified":"2025-06-11T15:35:30","modified_gmt":"2025-06-11T13:35:30","slug":"blushi-denoncon-padrejtesine-ndaj-metes-per-nje-interviste-u-denua-me-10-dite-ndalim-te-aktiviteteve-sportive","status":"publish","type":"post","link":"https:\/\/www.hashtag.al\/index.php\/2025\/06\/11\/blushi-denoncon-padrejtesine-ndaj-metes-per-nje-interviste-u-denua-me-10-dite-ndalim-te-aktiviteteve-sportive\/","title":{"rendered":"Blushi denoncon padrejt\u00ebsin\u00eb ndaj Met\u00ebs: P\u00ebr nj\u00eb intervist\u00eb u d\u00ebnua me 10 dit\u00eb ndalim t\u00eb aktiviteteve sportive","gt_translate_keys":[{"key":"rendered","format":"text"}]},"content":{"rendered":"<p>&nbsp;<\/p>\n<p><span style=\"color: #000000;\"><img loading=\"lazy\" decoding=\"async\" class=\"alignnone size-medium wp-image-746059\" src=\"https:\/\/www.hashtag.al\/wp-content\/uploads\/2025\/06\/640-0-meta-blushi-300x210.jpg\" alt=\"\" width=\"300\" height=\"210\" srcset=\"https:\/\/www.hashtag.al\/wp-content\/uploads\/2025\/06\/640-0-meta-blushi-300x210.jpg 300w, https:\/\/www.hashtag.al\/wp-content\/uploads\/2025\/06\/640-0-meta-blushi-570x400.jpg 570w, https:\/\/www.hashtag.al\/wp-content\/uploads\/2025\/06\/640-0-meta-blushi-360x252.jpg 360w, https:\/\/www.hashtag.al\/wp-content\/uploads\/2025\/06\/640-0-meta-blushi.jpg 640w\" sizes=\"auto, (max-width: 300px) 100vw, 300px\" \/><\/span><\/p>\n<p><span style=\"color: #000000;\">Sekretari i Partis\u00eb s\u00eb Liris\u00eb, Tedi Blushi, ka denoncuar nj\u00eb tjet\u00ebr mas\u00eb disiplinore t\u00eb marr\u00eb ndaj liderit t\u00eb k\u00ebsaj force politike, Ilir Meta, i cili ndodhet n\u00eb paraburgimin \u201cJordan Misja\u201d q\u00eb prej tetorit t\u00eb kaluar.<\/span><\/p>\n<p><span style=\"color: #000000;\">Sipas deklarat\u00ebs s\u00eb Blushit, Komisioni Disiplinor i institucionit ka d\u00ebnuar Met\u00ebn me 10 dit\u00eb ndalim t\u00eb ushtrimit t\u00eb aktiviteteve sportive n\u00eb ambientet e paraburgimit, p\u00ebr shkak se ai dha nj\u00eb intervist\u00eb live pak dit\u00eb m\u00eb par\u00eb p\u00ebr gazetaren Beti Njuma.<\/span><\/p>\n<p><span style=\"color: #000000;\"><em>\u201cRasti m\u00eb qesharak ndodhi sot, kur Komisioni Disiplinor i IEPV \u2018Jordan Misja\u2019 d\u00ebnoi Presidentin Meta vet\u00ebm pse realizoi nj\u00eb intervist\u00eb live\u201d,<\/em> deklaron Blushi, duke shtuar se kjo \u00ebsht\u00eb nj\u00eb p\u00ebrpjekje tjet\u00ebr e \u201c<em>Narkoregjimit dhe SPAK-ut p\u00ebr t\u00eb heshtur opozit\u00ebn\u201d.<\/em><\/span><\/p>\n<p><span style=\"color: #000000;\">Blushi ka akuzuar s\u00ebrish strukturat shtet\u00ebrore p\u00ebr nj\u00eb \u201c<em>izolim ekstrem\u201d ndaj Met\u00ebs, t\u00eb cilin e cil\u00ebson si nj\u00eb \u201cakt politik t\u00eb urdh\u00ebruar nga kryeministri Edi Rama\u201d,<\/em> nd\u00ebrsa e konsideron t\u00eb pajustifikuar edhe zgjatjen e afatit t\u00eb hetimeve n\u00eb munges\u00eb t\u00eb provave.<\/span><\/p>\n<p><span style=\"color: #000000;\">N\u00eb deklarat\u00ebn e tij, Blushi ka rikthyer n\u00eb v\u00ebmendje edhe akuzat p\u00ebr zgjedhjet e 11 majit, duke folur p\u00ebr nj\u00eb \u201cmasak\u00ebr elektorale\u201d dhe duke e cil\u00ebsuar Task Forc\u00ebn e ngritur nga SPAK si nj\u00eb struktur\u00eb \u201ct\u00eb krijuar p\u00ebr t\u00eb goditur opozit\u00ebn\u201d.<\/span><\/p>\n<p><span style=\"color: #000000;\">Ai ka p\u00ebrmendur s\u00ebrish fenomenin e \u201ctrenit bullgar\u201d, shitblerjen e votave, p\u00ebrdorimin e bandave dhe presionet mbi administrat\u00ebn publike.<\/span><\/p>\n<p><span style=\"color: #000000;\"><em>\u201cPresidenti Meta, pavar\u00ebsisht kushteve t\u00eb izolimit, po udh\u00ebheq me vendosm\u00ebri dhe efi\u00e7ienc\u00eb aktivitetin politik t\u00eb Partis\u00eb s\u00eb Liris\u00eb\u201d,<\/em> thekson Blushi, duke shtuar se masa e re disiplinore do t\u00eb ankimohet dhe \u00e7\u00ebshtja e Met\u00ebs do t\u00eb ndjek\u00eb t\u00eb gjitha hallkat ligjore deri n\u00eb Gjykat\u00ebn Europiane t\u00eb t\u00eb Drejtave t\u00eb Njeriut n\u00eb Strasburg.<\/span><\/p>\n<p><span style=\"color: #000000;\">Partia e Liris\u00eb ka deklaruar se mb\u00ebshtet plot\u00ebsisht Met\u00ebn n\u00eb k\u00ebt\u00eb q\u00eb ajo e cil\u00ebson \u201cnj\u00eb betej\u00eb p\u00ebr liri, demokraci dhe shtet ligjor\u201d, nd\u00ebrsa i b\u00ebn thirrje opinionit publik dhe nd\u00ebrkomb\u00ebtar\u00ebve t\u00eb ndjekin me v\u00ebmendje trajtimin e liderit t\u00eb saj n\u00eb paraburgim.<\/span><\/p>\n<p>&nbsp;<\/p>\n<p><span style=\"color: #000000;\">Deklarata e Blushit:<\/span><\/p>\n<p><span style=\"color: #000000;\"><em>11 Maji v\u00ebrtetoi totalisht se standardet kriminale dhe mafioze t\u00eb procesit elektoral u paravendos\u00ebn me rr\u00ebmbimin terrorist t\u00eb Presidentit t\u00eb Partis\u00eb s\u00eb Liris\u00eb, Ilir Meta dhe u konkretizuan n\u00eb m\u00ebnyr\u00eb t\u00eb neveritshme n\u00eb Vor\u00eb n\u00eb dit\u00ebn e zgjedhjeve me marrjen peng t\u00eb qendrave t\u00eb votimit nga bandit\u00ebt elektoral\u00eb t\u00eb t\u00eb gjitha llojeve.<\/em><\/span><\/p>\n<p><span style=\"color: #000000;\"><em>Task Forca mashtruese e SPAK e ngritur gjoja p\u00ebr parandalimin e krimeve zgjedhore, me faktet e p\u00ebrditshme rezulton jo vet\u00ebm nj\u00eb struktur\u00eb e ngritur posa\u00e7\u00ebrisht p\u00ebr t\u00eb goditur opozit\u00ebn, por edhe p\u00ebrgjegj\u00ebse direkte dhe e inkriminuar me veprimet dhe mosveprimet e saj me q\u00ebllimin e vet\u00ebm p\u00ebr inkurajimin dhe amnistimin e masakr\u00ebs elektorale q\u00eb ndodhi m\u00eb 11 Maj.<\/em><\/span><\/p>\n<p><span style=\"color: #000000;\"><em>\u201cTreni bullgar\u201d, shit-blerja e votave, presionet p\u00ebr buk\u00ebn e goj\u00ebs, p\u00ebrdorimi i bandave dhe kriminel\u00ebve elektorale, parave t\u00eb pista t\u00eb trafiqeve dhe drog\u00ebs, keqp\u00ebrdorimi i administrat\u00ebs publike dhe aseteve shtet\u00ebrore jan\u00eb fakte q\u00eb akuzojn\u00eb Edi Ram\u00ebn dhe Altin Dumanin si autorin dhe avokatin e terrorizmit elektoral.<\/em><\/span><\/p>\n<p><span style=\"color: #000000;\"><em>N\u00eb vend t\u00eb urdh\u00ebronte arrestimin e bandit\u00ebve n\u00eb Vor\u00eb q\u00eb para gjith\u00eb mediave vizive live dhe gazetar\u00ebve k\u00ebrc\u00ebnuan bot\u00ebrisht dit\u00ebn e zgjedhjeve drejtuesit e opozit\u00ebs, Altin Dumani me urdh\u00ebr t\u00eb Edi Ram\u00ebs vijon t\u00eb mbaj\u00eb n\u00eb izolim ekstrem prej 8 muajsh, me zero fakte dhe prova penale, n\u00eb shkelje flagrante t\u00eb ligjit, Kushtetut\u00ebs dhe Konvent\u00ebs Europiane t\u00eb t\u00eb Drejtave t\u00eb Njeriut, Presidentin e Partis\u00eb s\u00eb Liris\u00eb, Ilir Meta, liderin e forc\u00ebs s\u00eb dyt\u00eb opozitare n\u00eb vend dhe partis\u00eb s\u00eb tret\u00eb politike n\u00eb vend prej dy dekadash.<\/em><\/span><\/p>\n<p><span style=\"color: #000000;\"><em>Zgjatja mafioze e afatit t\u00eb hetimeve p\u00ebr Presidentin Meta, n\u00eb munges\u00eb totale t\u00eb provave q\u00eb kurr\u00eb nuk do t\u00eb gjenden sepse nuk ekzistojn\u00eb, \u00ebsht\u00eb nj\u00eb akt t\u00ebr\u00ebsisht politik, q\u00eb \u00ebsht\u00eb urdh\u00ebruar publikisht n\u00eb Asamblen\u00eb e Partis\u00eb Socialiste nga Edi Rama m\u00eb 7 maj t\u00eb vitit 2022, q\u00eb e d\u00ebnojm\u00eb me forc\u00ebn m\u00eb t\u00eb madhe.<\/em><\/span><\/p>\n<p><span style=\"color: #000000;\"><em>N\u00eb 32 vite sh\u00ebrbim publik kurr\u00eb nuk ka dhe nuk do t\u00eb mund t\u00eb gjendet nj\u00eb akt, nj\u00eb prov\u00eb, dokument, vendim apo veprim i paligjsh\u00ebm i Presidentit Meta.<\/em><\/span><\/p>\n<p><span style=\"color: #000000;\"><em>Masa e arrestit do t\u00eb ankimohet edhe n\u00eb Gjykat\u00ebn Kushtetuese, p\u00ebr t\u00eb shterruar dhe ezauruar t\u00eb gjitha procedurat e brendshme n\u00eb m\u00ebnyr\u00eb q\u00eb kjo \u00e7\u00ebshtje t\u00eb mb\u00ebrrij\u00eb sa m\u00eb shpejt n\u00eb Strasburg.<\/em><\/span><\/p>\n<p><span style=\"color: #000000;\"><em>Partia e Liris\u00eb d\u00ebnon gjithashtu me forc\u00eb edhe p\u00ebrpjekjen kriminale t\u00eb Narkoregjimit, q\u00eb pasi i kufizoi lirin\u00eb e l\u00ebvizjes duke e izoluar padrejt\u00ebsisht, n\u00eb m\u00ebnyr\u00eb krejt\u00ebsisht qesharake po tenton t\u2019i heq\u00eb Presidentit Meta edhe t\u00eb lirin\u00eb dhe t\u00eb drejt\u00ebn e fjal\u00ebs p\u00ebr t\u00eb komunikuar me gazetar\u00ebt.<\/em><\/span><\/p>\n<p><span style=\"color: #000000;\"><em>Rasti me qesharak, ndodhi sot kur Komisioni Disiplinor i IEPV \u201cJordan Misja\u201d d\u00ebnoi Presidentin Meta me 10 dit\u00eb p\u00ebr t\u00eb mos ushtruar aktivitete sportive n\u00eb ambientet e paraburgimit vet\u00ebm pse pak dit\u00eb m\u00eb par\u00eb realizoi live nj\u00eb intervist\u00eb me gazetaren Beti Njuma.<\/em><\/span><\/p>\n<p><span style=\"color: #000000;\"><em>K\u00ebto praktika sa qesharake, po aq t\u00eb neveritshme dhe represive, d\u00ebshmojn\u00eb fytyr\u00ebn e v\u00ebrtet\u00eb dhe degradimin e Narkoregjimit, q\u00eb me ndihm\u00ebn e SPAK po b\u00ebjn\u00eb \u00e7do p\u00ebrpjekje p\u00ebr t\u00eb goditur dhe izoluar lider\u00ebt e opozit\u00ebs.<\/em><\/span><\/p>\n<p><span style=\"color: #000000;\"><em>Presidenti Meta n\u00eb krye t\u00eb Partis\u00eb s\u00eb Liris\u00eb po drejton me vendosm\u00ebri dhe efi\u00e7ienc\u00eb t\u00eb plot\u00eb politike aktivitetin dhe qendrimet e saj politike, me gjithe kushtet e izolimit ai g\u00ebzon sh\u00ebndet t\u00eb plot\u00eb dhe garanton t\u00eb gjith\u00eb gazetar\u00ebt e pavarur se asnj\u00eb mas\u00eb represioni apo kufizimi e imponuar nga Narkoregjimi nuk do t\u00eb mund t\u2019i ndaloj\u00eb atij kurre lirin\u00eb e fjal\u00ebs dhe t\u00eb drejt\u00ebn p\u00ebr t\u00eb komunikuar me mediat e pavarura.<\/em><\/span><\/p>\n<p><span style=\"color: #000000;\"><em>Rr\u00ebmbimi terrorist i tij i urdh\u00ebruar nga Edi Rama me firmat e prokuror\u00ebve t\u00eb Ramaform\u00ebs, q\u00eb vazhdojn\u00eb ta mbajn\u00eb n\u00eb izolim ekstrem, pik\u00ebrisht p\u00ebr t\u00eb trafikuar mandatet mes nj\u00ebri-tjetrit p\u00ebr pushtet t\u00eb p\u00ebrjetsh\u00ebm, si edhe p\u00ebr t\u00eb asgj\u00ebsuar opozitarizmin dhe llogaridh\u00ebnien n\u00eb Shqip\u00ebri shum\u00eb shpejt do t\u00eb marr\u00eb p\u00ebrgjigjen e merituar ligjore.<\/em><\/span><\/p>\n<p><span style=\"color: #000000;\"><em>Partia e Liris\u00eb \u00ebsht\u00eb totalisht n\u00eb krah t\u00eb Presidentit te saj Meta n\u00eb k\u00ebt\u00eb betej\u00eb parimore p\u00ebr liri, demokraci, llogaridh\u00ebnie, transparenc\u00eb, drejt\u00ebsi t\u00eb v\u00ebrtet\u00eb dhe shtet ligjor n\u00eb Shqip\u00ebri dhe m\u00eb e vendosur n\u00eb mbrojtje t\u00eb kauzave t\u00eb saj madhore, p\u00ebr t\u00eb \u00e7montuar k\u00ebt\u00eb axhend\u00eb kriminale, sorosiste dhe mafioze p\u00ebr pengmarrjen e plot\u00eb t\u00eb vendit nga Narkoregjimi.<\/em><\/span><\/p>\n","protected":false,"gt_translate_keys":[{"key":"rendered","format":"html"}]},"excerpt":{"rendered":"<p>&nbsp; Sekretari i Partis\u00eb s\u00eb Liris\u00eb, Tedi Blushi, ka denoncuar nj\u00eb tjet\u00ebr mas\u00eb disiplinore t\u00eb marr\u00eb ndaj liderit t\u00eb k\u00ebsaj force politike, Ilir Meta, i cili ndodhet n\u00eb paraburgimin \u201cJordan Misja\u201d q\u00eb prej tetorit t\u00eb kaluar. Sipas deklarat\u00ebs s\u00eb Blushit, Komisioni Disiplinor i institucionit ka d\u00ebnuar Met\u00ebn me 10 dit\u00eb ndalim t\u00eb ushtrimit t\u00eb aktiviteteve [&hellip;]<\/p>\n","protected":false,"gt_translate_keys":[{"key":"rendered","format":"html"}]},"author":32,"featured_media":746059,"comment_status":"closed","ping_status":"open","sticky":false,"template":"","format":"standard","meta":{"footnotes":""},"categories":[65],"tags":[],"class_list":["post-746058","post","type-post","status-publish","format-standard","has-post-thumbnail","hentry","category-lajme"],"gt_translate_keys":[{"key":"link","format":"url"}],"_links":{"self":[{"href":"https:\/\/www.hashtag.al\/index.php\/wp-json\/wp\/v2\/posts\/746058","targetHints":{"allow":["GET"]}}],"collection":[{"href":"https:\/\/www.hashtag.al\/index.php\/wp-json\/wp\/v2\/posts"}],"about":[{"href":"https:\/\/www.hashtag.al\/index.php\/wp-json\/wp\/v2\/types\/post"}],"author":[{"embeddable":true,"href":"https:\/\/www.hashtag.al\/index.php\/wp-json\/wp\/v2\/users\/32"}],"replies":[{"embeddable":true,"href":"https:\/\/www.hashtag.al\/index.php\/wp-json\/wp\/v2\/comments?post=746058"}],"version-history":[{"count":99999,"href":"https:\/\/www.hashtag.al\/index.php\/wp-json\/wp\/v2\/posts\/746058\/revisions"}],"predecessor-version":[{"id":746060,"href":"https:\/\/www.hashtag.al\/index.php\/wp-json\/wp\/v2\/posts\/746058\/revisions\/746060"}],"wp:featuredmedia":[{"embeddable":true,"href":"https:\/\/www.hashtag.al\/index.php\/wp-json\/wp\/v2\/media\/746059"}],"wp:attachment":[{"href":"https:\/\/www.hashtag.al\/index.php\/wp-json\/wp\/v2\/media?parent=746058"}],"wp:term":[{"taxonomy":"category","embeddable":true,"href":"https:\/\/www.hashtag.al\/index.php\/wp-json\/wp\/v2\/categories?post=746058"},{"taxonomy":"post_tag","embeddable":true,"href":"https:\/\/www.hashtag.al\/index.php\/wp-json\/wp\/v2\/tags?post=746058"}],"curies":[{"name":"wp","href":"https:\/\/api.w.org\/{rel}","templated":true}]}}