{"id":745856,"date":"2025-06-10T13:40:53","date_gmt":"2025-06-10T11:40:53","guid":{"rendered":"https:\/\/www.hashtag.al\/?p=745856"},"modified":"2025-06-10T13:59:07","modified_gmt":"2025-06-10T11:59:07","slug":"netanyahu-miraton-marreveshjen-shumemilioneshe-midis-kompanive-kryesore-izraelite-te-mbrojtjes-izraelite-dhe-katarit","status":"publish","type":"post","link":"https:\/\/www.hashtag.al\/index.php\/2025\/06\/10\/netanyahu-miraton-marreveshjen-shumemilioneshe-midis-kompanive-kryesore-izraelite-te-mbrojtjes-izraelite-dhe-katarit\/","title":{"rendered":"Netanyahu miraton marr\u00ebveshjen e madhe mes kompanive kryesore izraelite t\u00eb mbrojtjes dhe Katarit","gt_translate_keys":[{"key":"rendered","format":"text"}]},"content":{"rendered":"<p><img loading=\"lazy\" decoding=\"async\" class=\"aligncenter size-full wp-image-745857\" src=\"https:\/\/www.hashtag.al\/wp-content\/uploads\/2025\/06\/photo_2025-06-10_13-00-35.jpg\" alt=\"\" width=\"1236\" height=\"1236\" \/><\/p>\n<p><span style=\"color: #000000;\">Kryeministri izraelit Benjamin Netanyahu ka miratuar marr\u00ebveshjen shum\u00ebmilion\u00ebshe mbrojt\u00ebse midis kompanive kryesore t\u00eb mbrojtjes s\u00eb Izraelit dhe Katarit, sipas agjencis\u00eb s\u00eb lajmeve Walla.<\/span><\/p>\n<p><span style=\"color: #000000;\">Raporti vjen nj\u00eb dit\u00eb pas publikimit t\u00eb dokumenteve t\u00eb sekuestruara nga Izraeli n\u00eb Gaza q\u00eb tregojn\u00eb bashk\u00ebpunimin intensiv t\u00eb Katarit me Hamasin gjat\u00eb disa viteve, shkruan Times of Israel.<\/span><\/p>\n<p><span style=\"color: #000000;\">Elbit, Rafael dhe Israel Aerospace Industries mor\u00ebn t\u00eb gjitha autorizim p\u00ebr marr\u00ebveshje t\u00eb m\u00ebdha me vendin e pasur t\u00eb Gjirit.<\/span><\/p>\n<p><span style=\"color: #000000;\">Sipas raportit, Elbit ra dakord p\u00ebr marr\u00ebveshje me Katarin me vler\u00eb m\u00eb shum\u00eb se 100 milion\u00eb dollar\u00eb; Rafael n\u00ebnshkroi kontrata me vler\u00eb dhjet\u00ebra milion\u00eb dollar\u00eb; dhe drejtuesit e IAI vizituan Doh\u00ebn m\u00eb shum\u00eb se 20 her\u00eb dhe zhvilluan nj\u00eb takim nj\u00ebditor me nj\u00eb delegacion t\u00eb nivelit t\u00eb lart\u00eb t\u00eb Katarit n\u00eb selin\u00eb e saj n\u00eb Izrael.<\/span><\/p>\n<p><span style=\"color: #000000;\">Marr\u00ebveshjeve iu dha drita jeshile nga Netanyahu, Ministria e Mbrojtjes dhe IDF.<\/span><\/p>\n<p><span style=\"color: #000000;\">M\u00eb par\u00eb k\u00ebt\u00eb jav\u00eb, media Channel 12 raportoi se dokumentet e marra nga Gaza gjat\u00eb luft\u00ebs zbulojn\u00eb se n\u00eb maj 2021, menj\u00ebher\u00eb pas p\u00ebrfundimit t\u00eb nj\u00eb konflikti 11-ditor midis Izraelit dhe Hamasit, kreu i at\u00ebhersh\u00ebm i byros\u00eb politike t\u00eb Hamasit, Ismail Haniyeh, i tha udh\u00ebheq\u00ebsit t\u00eb grupit n\u00eb Gaza, Yahya Sin\u00ebar, se emiri i Katarit, Tamim bin Hamad bin Khalifa Al Thani, kishte &#8220;r\u00ebn\u00eb dakord privatisht p\u00ebr mb\u00ebshtetje diskrete financiare&#8221; p\u00ebr p\u00ebrpjekjet e &#8220;rezistenc\u00ebs&#8221; s\u00eb grupit.<\/span><\/p>\n<p><span style=\"color: #000000;\">P\u00ebrve\u00e7 parave t\u00eb gatshme t\u00eb Dohas, zyrtar\u00ebt e inteligjenc\u00ebs s\u00eb Katarit thuhet se u takuan me nj\u00eb p\u00ebrfaq\u00ebsues t\u00eb Hamasit n\u00eb nj\u00eb moment &#8211; raporti nuk dha nj\u00eb dat\u00eb &#8211; p\u00ebr t\u00eb diskutuar mbik\u00ebqyrjen e nj\u00ebsive t\u00eb trajnimit special p\u00ebr luft\u00ebtar\u00ebt e Hamasit n\u00eb bazat ushtarake n\u00eb Katar dhe Turqi, dhe p\u00ebr integrimin e palestinez\u00ebve sirian\u00eb q\u00eb ik\u00ebn n\u00eb Liban mes luft\u00ebs civile siriane n\u00eb batalionet libaneze t\u00eb Hamasit.<\/span><\/p>\n<p><span style=\"color: #000000;\">Zyra e kryeministrit Netanyahu nuk iu p\u00ebrgjigj k\u00ebrkes\u00ebs s\u00eb The Times of Israel p\u00ebr koment mbi raportin e Walla-s.<\/span><\/p>\n<p><span style=\"color: #000000;\"><em>&#8220;Aktiviteti i Elbit Systems n\u00eb tregun nd\u00ebrkomb\u00ebtar i n\u00ebnshtrohet udh\u00ebzimeve dhe kufizimeve t\u00eb Ministris\u00eb s\u00eb Mbrojtjes Izraelite, dhe n\u00eb p\u00ebrputhje me rrethanat, kompania vepron sipas k\u00ebtyre udh\u00ebzimeve&#8221;<\/em>, thot\u00eb Elbit.<\/span><\/p>\n<p><span style=\"color: #000000;\"><em>&#8220;Rafael nuk ofron informacion n\u00eb lidhje me partner\u00ebt e biznesit&#8221;<\/em>, i tha kompania Walla-s.<\/span><\/p>\n<p><span style=\"color: #000000;\"><em>&#8220;Rafael ka vepruar dhe vepron sipas standardeve m\u00eb t\u00eb rrepta nd\u00ebrkomb\u00ebtare, n\u00eb lidhje me pajtueshm\u00ebrin\u00eb e partner\u00ebve t\u00eb saj t\u00eb biznesit dhe n\u00eb p\u00ebrputhje me Ligjin e Kontrollit dhe Licencimit t\u00eb Eksportit&#8221;.<\/em><\/span><\/p>\n<p><span style=\"color: #000000;\"><span style=\"color: #ff0000;\"><strong>VINI RE<\/strong><\/span>: Ky material \u00ebsht\u00eb pron\u00ebsi intelektuale e<span style=\"color: #0000ff;\"><a style=\"color: #0000ff;\" href=\"https:\/\/www.timesofisrael.com\/liveblog_entry\/report-pm-approved-multimillion-dollar-deals-between-top-israeli-defense-companies-and-qatar\/\"> Times of Israel<\/a><\/span><\/span><\/p>\n<p><span style=\"color: #000000;\">P\u00ebrgatiti p\u00ebr <span style=\"color: #0000ff;\">Hashtag.al,<\/span> Klodian Manjani<\/span><\/p>\n","protected":false,"gt_translate_keys":[{"key":"rendered","format":"html"}]},"excerpt":{"rendered":"<p>Kryeministri izraelit Benjamin Netanyahu ka miratuar marr\u00ebveshjen shum\u00ebmilion\u00ebshe mbrojt\u00ebse midis kompanive kryesore t\u00eb mbrojtjes s\u00eb Izraelit dhe Katarit, sipas agjencis\u00eb s\u00eb lajmeve Walla. Raporti vjen nj\u00eb dit\u00eb pas publikimit t\u00eb dokumenteve t\u00eb sekuestruara nga Izraeli n\u00eb Gaza q\u00eb tregojn\u00eb bashk\u00ebpunimin intensiv t\u00eb Katarit me Hamasin gjat\u00eb disa viteve, shkruan Times of Israel. Elbit, Rafael dhe [&hellip;]<\/p>\n","protected":false,"gt_translate_keys":[{"key":"rendered","format":"html"}]},"author":51,"featured_media":745857,"comment_status":"closed","ping_status":"open","sticky":false,"template":"","format":"standard","meta":{"footnotes":""},"categories":[22],"tags":[],"class_list":["post-745856","post","type-post","status-publish","format-standard","has-post-thumbnail","hentry","category-ballina"],"gt_translate_keys":[{"key":"link","format":"url"}],"_links":{"self":[{"href":"https:\/\/www.hashtag.al\/index.php\/wp-json\/wp\/v2\/posts\/745856","targetHints":{"allow":["GET"]}}],"collection":[{"href":"https:\/\/www.hashtag.al\/index.php\/wp-json\/wp\/v2\/posts"}],"about":[{"href":"https:\/\/www.hashtag.al\/index.php\/wp-json\/wp\/v2\/types\/post"}],"author":[{"embeddable":true,"href":"https:\/\/www.hashtag.al\/index.php\/wp-json\/wp\/v2\/users\/51"}],"replies":[{"embeddable":true,"href":"https:\/\/www.hashtag.al\/index.php\/wp-json\/wp\/v2\/comments?post=745856"}],"version-history":[{"count":99999,"href":"https:\/\/www.hashtag.al\/index.php\/wp-json\/wp\/v2\/posts\/745856\/revisions"}],"predecessor-version":[{"id":745864,"href":"https:\/\/www.hashtag.al\/index.php\/wp-json\/wp\/v2\/posts\/745856\/revisions\/745864"}],"wp:featuredmedia":[{"embeddable":true,"href":"https:\/\/www.hashtag.al\/index.php\/wp-json\/wp\/v2\/media\/745857"}],"wp:attachment":[{"href":"https:\/\/www.hashtag.al\/index.php\/wp-json\/wp\/v2\/media?parent=745856"}],"wp:term":[{"taxonomy":"category","embeddable":true,"href":"https:\/\/www.hashtag.al\/index.php\/wp-json\/wp\/v2\/categories?post=745856"},{"taxonomy":"post_tag","embeddable":true,"href":"https:\/\/www.hashtag.al\/index.php\/wp-json\/wp\/v2\/tags?post=745856"}],"curies":[{"name":"wp","href":"https:\/\/api.w.org\/{rel}","templated":true}]}}