{"id":745702,"date":"2025-06-09T18:06:49","date_gmt":"2025-06-09T16:06:49","guid":{"rendered":"https:\/\/www.hashtag.al\/?p=745702"},"modified":"2025-06-09T18:06:49","modified_gmt":"2025-06-09T16:06:49","slug":"defender-europe-25-perfundon-stervitja-e-fa-me-ushtrine-amerikane-vanhorn-rajoni-behet-me-i-sigurt","status":"publish","type":"post","link":"https:\/\/www.hashtag.al\/index.php\/2025\/06\/09\/defender-europe-25-perfundon-stervitja-e-fa-me-ushtrine-amerikane-vanhorn-rajoni-behet-me-i-sigurt\/","title":{"rendered":"\u201cDefender Europe 25\u201d\/ P\u00ebrfundon st\u00ebrvitja e FA me ushtrin\u00eb amerikane, VanHorn: Rajoni b\u00ebhet m\u00eb i sigurt","gt_translate_keys":[{"key":"rendered","format":"text"}]},"content":{"rendered":"<p><span style=\"color: #000000;\"><img loading=\"lazy\" decoding=\"async\" class=\"alignnone size-medium wp-image-745703\" src=\"https:\/\/www.hashtag.al\/wp-content\/uploads\/2025\/06\/11-1-300x200.jpg\" alt=\"\" width=\"300\" height=\"200\" srcset=\"https:\/\/www.hashtag.al\/wp-content\/uploads\/2025\/06\/11-1-300x200.jpg 300w, https:\/\/www.hashtag.al\/wp-content\/uploads\/2025\/06\/11-1-1024x683.jpg 1024w, https:\/\/www.hashtag.al\/wp-content\/uploads\/2025\/06\/11-1-768x512.jpg 768w, https:\/\/www.hashtag.al\/wp-content\/uploads\/2025\/06\/11-1-1536x1025.jpg 1536w, https:\/\/www.hashtag.al\/wp-content\/uploads\/2025\/06\/11-1.jpg 2048w\" sizes=\"auto, (max-width: 300px) 100vw, 300px\" \/><\/span><\/p>\n<p><span style=\"color: #000000;\">St\u00ebrvitja shum\u00ebkomb\u00ebshe \u201cDefender Europe 25\u201d u p\u00ebrmbyll me nj\u00eb ceremoni t\u00eb ve\u00e7ant\u00eb, t\u00eb organizuar n\u00eb Dit\u00ebn e Vizitor\u00ebve t\u00eb Shquar.<\/span><\/p>\n<p><span style=\"color: #000000;\">N\u00eb k\u00ebt\u00eb aktivitet mor\u00ebn pjes\u00eb personalitete t\u00eb larta nga Shqip\u00ebria dhe partner\u00ebt nd\u00ebrkomb\u00ebtar\u00eb, mes t\u00eb cil\u00ebve Shefi i Shtabit t\u00eb P\u00ebrgjithsh\u00ebm t\u00eb Forcave t\u00eb Armatosura, gjenerallejt\u00ebnant Arben Kingji, E Ngarkuara me Pun\u00eb e SHBA, znj. Nancy Van Horn, Zv.ministri i Mbrojtjes z. Enkelejdi Joti, Komandanti i Forc\u00ebs s\u00eb Siguris\u00eb s\u00eb Kosov\u00ebs, Gjenerallejt\u00ebnant Bashkim Jashari, Gjeneral LaPoint, Gjeneral McKinney si dhe komandant\u00eb t\u00eb forcave e an\u00ebtar\u00ebs t\u00eb komisionit Parlamentar t\u00eb Siguris\u00eb Komb\u00ebtare.<\/span><\/p>\n<p><span style=\"color: #000000;\">T\u00eb ftuarit ndoq\u00ebn disa nga demonstrimet e trupeve n\u00eb kuad\u00ebr t\u00eb k\u00ebsaj st\u00ebrvitjeje, q\u00eb \u00ebsht\u00eb nj\u00eb nd\u00ebr operacionet m\u00eb t\u00eb r\u00ebnd\u00ebsishme p\u00ebr forcimin e siguris\u00eb kolektive n\u00eb rajonin euroatlantik.<\/span><\/p>\n<p><span style=\"color: #000000;\">N\u00eb fjal\u00ebn e tij p\u00ebrsh\u00ebndet\u00ebse, Gjenerallejt\u00ebnant Arben Kingji vler\u00ebsoi lart angazhimin e Forcave t\u00eb Armatosura t\u00eb Shqip\u00ebris\u00eb dhe kontributin e aleat\u00ebve n\u00eb realizimin me sukses t\u00eb objektivave t\u00eb p\u00ebrbashk\u00ebta.<\/span><\/p>\n<p><span style=\"color: #000000;\">Ai theksoi se pjes\u00ebmarrja aktive e FA-ve, me trupa, mjete dhe infrastruktur\u00eb, p\u00ebrb\u00ebn nj\u00eb tregues t\u00eb qart\u00eb t\u00eb profesionalizmit dhe gatishm\u00ebris\u00eb s\u00eb tyre p\u00ebr t\u00eb p\u00ebrballuar sfidat e mjedisit t\u00eb siguris\u00eb bashk\u00ebkohore.<\/span><\/p>\n<p><span style=\"color: #000000;\"><em>\u201cKy bashk\u00ebpunim i vazhduesh\u00ebm \u00ebsht\u00eb nj\u00eb d\u00ebshmi e qart\u00eb e partneritetit strategjik dhe e p\u00ebrkushtimit t\u00eb nd\u00ebrsjell\u00eb p\u00ebr forcimin e siguris\u00eb rajonale dhe euroatlantike. St\u00ebrvitja testoi n\u00eb koh\u00eb reale gatishm\u00ebrin\u00eb, nd\u00ebrveprueshm\u00ebrin\u00eb dhe kapacitetet reaguese t\u00eb forcave pjes\u00ebmarr\u00ebse, si dhe tregoi aft\u00ebsin\u00eb ton\u00eb p\u00ebr t\u00eb mb\u00ebshtetur operacione t\u00eb p\u00ebrbashk\u00ebta n\u00eb nj\u00eb mjedis kompleks e shum\u00ebdimensional\u201d,<\/em> u shpreh Gjenerallejt\u00ebnant Kingji.<\/span><\/p>\n<p><span style=\"color: #000000;\">St\u00ebrvitja u zhvillua n\u00eb disa vende t\u00eb rajonit, p\u00ebrfshir\u00eb Shqip\u00ebrin\u00eb, Kosov\u00ebn, Kroacin\u00eb, Maqedonin\u00eb e Veriut dhe Malin e ZiN\u00eb fokus t\u00eb ve\u00e7ant\u00eb ishte zhvillimi i aft\u00ebsive p\u00ebr operacione t\u00eb spektrit t\u00eb plot\u00eb, duke p\u00ebrfshir\u00eb dislokimin e forcave, mbrojtjen nga sulme konvencionale dhe jo-konvencionale, mbrojtjen e infrastruktur\u00ebs kritike dhe realizimin e operacioneve t\u00eb p\u00ebrbashk\u00ebta n\u00eb mjedise shum\u00ebdimensionale.<\/span><\/p>\n<p><span style=\"color: #000000;\">Forcat shqiptare luajt\u00ebn nj\u00eb rol ky\u00e7 n\u00eb drejtimin dhe zbatimin e skenar\u00ebve st\u00ebrvitor\u00eb nga rajoni i Zall-Herrit, n\u00eb bashk\u00ebpunim t\u00eb ngusht\u00eb me Shtabin e Brigad\u00ebs Shum\u00ebkomb\u00ebshe dhe oficer\u00eb nga SHBA, Kosova dhe Kroacia.<\/span><\/p>\n<p><span style=\"color: #000000;\">Gjenerallejt\u00ebnant Kingji fal\u00ebnderoi n\u00eb m\u00ebnyr\u00eb t\u00eb ve\u00e7ant\u00eb Komand\u00ebn e Forcave Amerikane p\u00ebr Evrop\u00ebn dhe Afrik\u00ebn p\u00ebr zgjedhjen p\u00ebr t\u00eb tretin vit radhazi t\u00eb rajonit ton\u00eb si vend mikprit\u00ebs t\u00eb k\u00ebsaj st\u00ebrvitjeje madhore, duke e cil\u00ebsuar at\u00eb si d\u00ebshmi t\u00eb partneritetit strategjik mes Shqip\u00ebris\u00eb dhe SHBA-s\u00eb.<\/span><\/p>\n<p><span style=\"color: #000000;\"><em>\u201c\u2018Defender Europe 25\u2019 konfirmoi edhe nj\u00eb her\u00eb angazhimin e pal\u00ebkundur t\u00eb Shteteve t\u00eb Bashkuara si aleat strategjik n\u00eb forcimin e siguris\u00eb rajonale dhe euroatlantike,\u201d n\u00ebnvizoi ai, duke shtuar se \u201cp\u00ebrball\u00eb k\u00ebrc\u00ebnimeve hibride dhe tensioneve rajonale n\u00eb rritje, p\u00ebrgjigjja jon\u00eb \u00ebsht\u00eb e qart\u00eb: st\u00ebrvitje t\u00eb p\u00ebrbashk\u00ebta, nd\u00ebrveprim operacional dhe partneritet afatgjat\u00eb<\/em>\u201d, theksoi Shefi i Shtabit t\u00eb P\u00ebrgjithsh\u00ebm t\u00eb FA.<\/span><\/p>\n<p><img decoding=\"async\" src=\"https:\/\/www.balkanweb.com\/wp-content\/uploads\/2025\/06\/4-2.jpg\" alt=\"foto galeri \" \/><\/p>\n<p><img decoding=\"async\" src=\"https:\/\/www.balkanweb.com\/wp-content\/uploads\/2025\/06\/3-4.jpg\" alt=\"foto galeri \" \/><\/p>\n<p><img decoding=\"async\" src=\"https:\/\/www.balkanweb.com\/wp-content\/uploads\/2025\/06\/2-6.jpg\" alt=\"foto galeri \" \/><\/p>\n<p><img decoding=\"async\" src=\"https:\/\/www.balkanweb.com\/wp-content\/uploads\/2025\/06\/1-4.jpg\" alt=\"foto galeri \" \/><\/p>\n<p><img decoding=\"async\" src=\"https:\/\/www.balkanweb.com\/wp-content\/uploads\/2025\/06\/9.jpg\" alt=\"foto galeri \" \/><\/p>\n","protected":false,"gt_translate_keys":[{"key":"rendered","format":"html"}]},"excerpt":{"rendered":"<p>St\u00ebrvitja shum\u00ebkomb\u00ebshe \u201cDefender Europe 25\u201d u p\u00ebrmbyll me nj\u00eb ceremoni t\u00eb ve\u00e7ant\u00eb, t\u00eb organizuar n\u00eb Dit\u00ebn e Vizitor\u00ebve t\u00eb Shquar. N\u00eb k\u00ebt\u00eb aktivitet mor\u00ebn pjes\u00eb personalitete t\u00eb larta nga Shqip\u00ebria dhe partner\u00ebt nd\u00ebrkomb\u00ebtar\u00eb, mes t\u00eb cil\u00ebve Shefi i Shtabit t\u00eb P\u00ebrgjithsh\u00ebm t\u00eb Forcave t\u00eb Armatosura, gjenerallejt\u00ebnant Arben Kingji, E Ngarkuara me Pun\u00eb e SHBA, znj. [&hellip;]<\/p>\n","protected":false,"gt_translate_keys":[{"key":"rendered","format":"html"}]},"author":32,"featured_media":745703,"comment_status":"closed","ping_status":"open","sticky":false,"template":"","format":"standard","meta":{"footnotes":""},"categories":[65],"tags":[],"class_list":["post-745702","post","type-post","status-publish","format-standard","has-post-thumbnail","hentry","category-lajme"],"gt_translate_keys":[{"key":"link","format":"url"}],"_links":{"self":[{"href":"https:\/\/www.hashtag.al\/index.php\/wp-json\/wp\/v2\/posts\/745702","targetHints":{"allow":["GET"]}}],"collection":[{"href":"https:\/\/www.hashtag.al\/index.php\/wp-json\/wp\/v2\/posts"}],"about":[{"href":"https:\/\/www.hashtag.al\/index.php\/wp-json\/wp\/v2\/types\/post"}],"author":[{"embeddable":true,"href":"https:\/\/www.hashtag.al\/index.php\/wp-json\/wp\/v2\/users\/32"}],"replies":[{"embeddable":true,"href":"https:\/\/www.hashtag.al\/index.php\/wp-json\/wp\/v2\/comments?post=745702"}],"version-history":[{"count":99999,"href":"https:\/\/www.hashtag.al\/index.php\/wp-json\/wp\/v2\/posts\/745702\/revisions"}],"predecessor-version":[{"id":745704,"href":"https:\/\/www.hashtag.al\/index.php\/wp-json\/wp\/v2\/posts\/745702\/revisions\/745704"}],"wp:featuredmedia":[{"embeddable":true,"href":"https:\/\/www.hashtag.al\/index.php\/wp-json\/wp\/v2\/media\/745703"}],"wp:attachment":[{"href":"https:\/\/www.hashtag.al\/index.php\/wp-json\/wp\/v2\/media?parent=745702"}],"wp:term":[{"taxonomy":"category","embeddable":true,"href":"https:\/\/www.hashtag.al\/index.php\/wp-json\/wp\/v2\/categories?post=745702"},{"taxonomy":"post_tag","embeddable":true,"href":"https:\/\/www.hashtag.al\/index.php\/wp-json\/wp\/v2\/tags?post=745702"}],"curies":[{"name":"wp","href":"https:\/\/api.w.org\/{rel}","templated":true}]}}