{"id":745657,"date":"2025-06-09T13:57:34","date_gmt":"2025-06-09T11:57:34","guid":{"rendered":"https:\/\/www.hashtag.al\/?p=745657"},"modified":"2025-06-09T13:59:57","modified_gmt":"2025-06-09T11:59:57","slug":"dita-e-trete-e-trazirave-te-dhunshme-ne-kaliforni-si-nisen-perplasjet-pas-operacionit-kunder-emigranteve-te-paligjshem","status":"publish","type":"post","link":"https:\/\/www.hashtag.al\/index.php\/2025\/06\/09\/dita-e-trete-e-trazirave-te-dhunshme-ne-kaliforni-si-nisen-perplasjet-pas-operacionit-kunder-emigranteve-te-paligjshem\/","title":{"rendered":"Dita e tret\u00eb e trazirave t\u00eb dhunshme n\u00eb Kaliforni, si nis\u00ebn p\u00ebrplasjet pas operacionit kund\u00ebr emigrant\u00ebve t\u00eb paligjsh\u00ebm","gt_translate_keys":[{"key":"rendered","format":"text"}]},"content":{"rendered":"<p><img loading=\"lazy\" decoding=\"async\" class=\"aligncenter size-full wp-image-745659\" src=\"https:\/\/www.hashtag.al\/wp-content\/uploads\/2025\/06\/kaliforni1.PNG6_.png\" alt=\"\" width=\"1007\" height=\"547\" srcset=\"https:\/\/www.hashtag.al\/wp-content\/uploads\/2025\/06\/kaliforni1.PNG6_.png 1007w, https:\/\/www.hashtag.al\/wp-content\/uploads\/2025\/06\/kaliforni1.PNG6_-300x163.png 300w, https:\/\/www.hashtag.al\/wp-content\/uploads\/2025\/06\/kaliforni1.PNG6_-768x417.png 768w\" sizes=\"auto, (max-width: 1007px) 100vw, 1007px\" \/><\/p>\n<p><span style=\"color: #000000;\">Qyteti i Los Angeles n\u00eb Kaliforni, u trondit p\u00ebr nat\u00ebn e tret\u00eb radhazi nga trazirat q\u00eb kan\u00eb nisur q\u00eb nga e premtja, pasi mij\u00ebra protestues dol\u00ebn n\u00eb rrug\u00eb p\u00ebr t\u00eb demonstruar kund\u00ebr operacionit t\u00eb administrat\u00ebs Trump p\u00ebr p\u00ebrz\u00ebnien e emigrant\u00ebve t\u00eb paligjsh\u00ebm dhe vendimit t\u00eb presidentit p\u00ebr t\u00eb vendosur Gard\u00ebn Komb\u00ebtare n\u00eb qytet pas nat\u00ebs s\u00eb m\u00ebparshme t\u00eb trazirave. <\/span><\/p>\n<p><span style=\"color: #000000;\">Gjat\u00eb gjith\u00eb nat\u00ebs, protestuesit bllokuan nj\u00eb autostrad\u00eb kryesore dhe i vun\u00eb flak\u00ebn makinave, nd\u00ebrsa forcat e rendit u p\u00ebrgjigj\u00ebn me gaz lotsjell\u00ebs, plumba gome dhe granata zhurmuese p\u00ebr t\u00eb rimarr\u00eb kontrollin.<\/span><\/p>\n<p><span style=\"color: #000000;\">Shum\u00eb protestues u shp\u00ebrndan\u00eb me t\u00eb r\u00ebn\u00eb muzgu n\u00eb Los Angeles, pasi policia e shpalli zon\u00ebn e protest\u00ebs nj\u00eb tubim t\u00eb paligjsh\u00ebm, duke sinjalizuar se oficer\u00ebt do nd\u00ebrhynin dhe do arrestonin k\u00ebdo q\u00eb refuzonte t\u00eb largohej. <\/span><\/p>\n<p><span style=\"color: #000000;\">Disa protestues q\u00eb q\u00ebndruan hodh\u00ebn objekte drejt oficer\u00ebve nga pas nj\u00eb barrikade t\u00eb improvizuar t\u00eb ngritur n\u00eb gjith\u00eb gjer\u00ebsin\u00eb e rrug\u00ebs, nd\u00ebrsa t\u00eb tjer\u00eb hodh\u00ebn blloqe betoni, gur\u00eb, skuter\u00eb elektrik\u00eb dhe fishekzjarre. Oficer\u00ebt e policis\u00eb u pan\u00eb duke vrapuar p\u00ebr t&#8217;u fshehur n\u00ebn nj\u00eb ur\u00eb.<\/span><\/p>\n<p><img loading=\"lazy\" decoding=\"async\" class=\"aligncenter size-full wp-image-745658\" src=\"https:\/\/www.hashtag.al\/wp-content\/uploads\/2025\/06\/kaliforni1.PNG7_.png\" alt=\"\" width=\"1008\" height=\"550\" srcset=\"https:\/\/www.hashtag.al\/wp-content\/uploads\/2025\/06\/kaliforni1.PNG7_.png 1008w, https:\/\/www.hashtag.al\/wp-content\/uploads\/2025\/06\/kaliforni1.PNG7_-300x164.png 300w, https:\/\/www.hashtag.al\/wp-content\/uploads\/2025\/06\/kaliforni1.PNG7_-768x419.png 768w\" sizes=\"auto, (max-width: 1008px) 100vw, 1008px\" \/><\/p>\n<p><span style=\"color: #000000;\">Pika qendrore e demonstratave t\u00eb s\u00eb diel\u00ebs n\u00eb mbr\u00ebmje n\u00eb Los Angeles &#8211; nj\u00eb qytet me kat\u00ebr milion\u00eb banor\u00eb &#8211; ishin disa blloqe n\u00eb qend\u00ebr t\u00eb qytetit.<\/span><\/p>\n<p><span style=\"color: #000000;\"> Ishte nata e tret\u00eb dhe m\u00eb e forta \u00a0e protestave kund\u00ebr politikave t\u00eb emigracionit t\u00eb presidentit Donald Trump, k\u00ebt\u00eb her\u00eb t\u00eb nxitura nga mb\u00ebrritja e af\u00ebrsisht 300 trupave t\u00eb Gard\u00ebs Komb\u00ebtare t\u00eb d\u00ebrguara n\u00eb qytet me urdh\u00ebr presidencial &#8211; nj\u00eb akt q\u00eb i zem\u00ebroi banor\u00ebt. Trupat u vendos\u00ebn posa\u00e7\u00ebrisht p\u00ebr t\u00eb mbrojtur nd\u00ebrtesat federale, p\u00ebrfshir\u00eb nj\u00eb qend\u00ebr paraburgimi n\u00eb qend\u00ebr t\u00eb qytetit ku mbaheshin protestuesit e arrestuar.<\/span><\/p>\n<p><span style=\"color: #000000;\">Shefi i LAPD, Jim McDonnell, tha gjat\u00eb nat\u00ebs se oficer\u00ebt ishin m\u00eb t\u00eb pak\u00ebt n\u00eb num\u00ebr se protestuesit q\u00eb mbet\u00ebn n\u00eb zon\u00ebn e trazirave dhe se midis protestuesve ishin identifikuar agjitator\u00eb t\u00eb njohur &#8211; individ\u00eb q\u00eb marrin pjes\u00eb rregullisht n\u00eb protesta p\u00ebr t\u00eb nxitur trazira. <\/span><\/p>\n<p><span style=\"color: #000000;\">P\u00ebrve\u00e7 dhjet\u00ebra t\u00eb arrestuarve gjat\u00eb fundjav\u00ebs, disa t\u00eb tjer\u00eb u ndaluan gjat\u00eb nat\u00ebs, p\u00ebrfshir\u00eb nj\u00eb q\u00eb hodhi nj\u00eb koktej Molotov drejt oficer\u00ebve dhe nj\u00eb tjet\u00ebr q\u00eb drejtoi nj\u00eb moto\u00e7iklet\u00eb drejt nj\u00eb rreshti policie n\u00eb nj\u00eb p\u00ebrpjekje p\u00ebr t&#8217;u p\u00ebrplasur. FBI po ofron nj\u00eb shp\u00ebrblim prej 50,000 dollar\u00ebsh p\u00ebr informacion mbi nj\u00eb t\u00eb dyshuar q\u00eb hodhi gur\u00eb drejt automjeteve t\u00eb policis\u00eb dhe plagosi nj\u00eb oficer.<\/span><\/p>\n<p><span style=\"color: #000000;\">Trump, i cili t\u00eb diel\u00ebn deklaroi se protestuesit e maskuar n\u00eb Los Angeles nuk do lejoheshin m\u00eb t\u00eb demonstronin nd\u00ebrsa mbulonin fytyrat e tyre, iu p\u00ebrgjigj gjat\u00eb nat\u00ebs v\u00ebrejtjeve t\u00eb McDonnell duke e urdh\u00ebruar at\u00eb t\u00eb arrestonte k\u00ebdo q\u00eb shfaqej me fytyrat e tyre t\u00eb mbuluara.<\/span><\/p>\n<p><img loading=\"lazy\" decoding=\"async\" class=\"aligncenter size-full wp-image-745660\" src=\"https:\/\/www.hashtag.al\/wp-content\/uploads\/2025\/06\/kaliforni1.PNG5_.png\" alt=\"\" width=\"1015\" height=\"559\" srcset=\"https:\/\/www.hashtag.al\/wp-content\/uploads\/2025\/06\/kaliforni1.PNG5_.png 1015w, https:\/\/www.hashtag.al\/wp-content\/uploads\/2025\/06\/kaliforni1.PNG5_-300x165.png 300w, https:\/\/www.hashtag.al\/wp-content\/uploads\/2025\/06\/kaliforni1.PNG5_-768x423.png 768w\" sizes=\"auto, (max-width: 1015px) 100vw, 1015px\" \/><\/p>\n<p><span style=\"color: #000000;\"><em>&#8220;Duket shum\u00eb keq n\u00eb Los Angeles,&#8221;<\/em> shkroi Trump n\u00eb platform\u00ebn e tij Truth Social.<\/span><\/p>\n<p><span style=\"color: #000000;\"><em>&#8220;D\u00ebrgoni trupat!!!&#8221;<\/em><\/span><\/p>\n<p><span style=\"color: #000000;\">Protestat n\u00eb Los Angeles filluan t\u00eb premten n\u00eb mbr\u00ebmje n\u00eb qend\u00ebr t\u00eb qytetit dhe deri t\u00eb shtun\u00ebn ishin p\u00ebrhapur n\u00eb Paramount, nj\u00eb qytet latino-amerikan n\u00eb jug t\u00eb Los Angeles-it, dhe n\u00eb Compton-in aty pran\u00eb. Ato filluan pasi agjent\u00ebt federal\u00eb ndaluan emigrant\u00eb n\u00eb disa vende n\u00eb t\u00eb gjith\u00eb Los Angeles-in. Deri m\u00eb tani, mbi 100 emigrant\u00eb pa dokumente jan\u00eb arrestuar, me shum\u00eb t\u00eb tjer\u00eb t\u00eb ndaluar p\u00ebr pjes\u00ebmarrje n\u00eb trazira.<\/span><\/p>\n<p><span style=\"color: #000000;\">Trump ka premtuar vazhdimisht, gjat\u00eb dhe pas fushat\u00ebs s\u00eb tij zgjedhore, t\u00eb deportoj\u00eb numrin m\u00eb t\u00eb madh t\u00eb emigrant\u00ebve pa dokumente ndonj\u00ebher\u00eb dhe t\u00eb mbyll\u00eb kufirin SHBA-Meksik\u00eb. Ai i ngarkoi Zyr\u00ebs s\u00eb Imigracionit dhe Doganave (ICE) arrestimin e t\u00eb pakt\u00ebn 3,000 emigrant\u00ebve n\u00eb dit\u00eb. Sipas regjistrimit m\u00eb t\u00eb fundit t\u00eb SHBA-s\u00eb, nj\u00eb pjes\u00eb e konsiderueshme e popullsis\u00eb s\u00eb Los Angeles &#8211; e qeverisur nga nj\u00eb administrat\u00eb q\u00eb drejtohet nga zyrtar\u00eb t\u00eb Partis\u00eb Demokratike &#8211; \u00ebsht\u00eb hispanike ose e lindur jasht\u00eb vendit.<\/span><\/p>\n<p><img loading=\"lazy\" decoding=\"async\" class=\"aligncenter size-full wp-image-745661\" src=\"https:\/\/www.hashtag.al\/wp-content\/uploads\/2025\/06\/kaliforni1.PNG4_.png\" alt=\"\" width=\"1016\" height=\"553\" srcset=\"https:\/\/www.hashtag.al\/wp-content\/uploads\/2025\/06\/kaliforni1.PNG4_.png 1016w, https:\/\/www.hashtag.al\/wp-content\/uploads\/2025\/06\/kaliforni1.PNG4_-300x163.png 300w, https:\/\/www.hashtag.al\/wp-content\/uploads\/2025\/06\/kaliforni1.PNG4_-768x418.png 768w\" sizes=\"auto, (max-width: 1016px) 100vw, 1016px\" \/><\/p>\n<p><span style=\"color: #000000;\">Trazirat n\u00eb Kaliforni rifilluan her\u00ebt n\u00eb m\u00ebngjes t\u00eb diel\u00ebn sipas koh\u00ebs lokale, nd\u00ebrsa protestuesit u p\u00ebrlesh\u00ebn me trupat e armatosura t\u00eb Gard\u00ebs Komb\u00ebtare t\u00eb vendosura n\u00eb rrug\u00eb. Demonstruesit b\u00ebrtit\u00ebn &#8220;Turp!&#8221; dhe &#8220;Shkoni n\u00eb sht\u00ebpi!&#8221; ndaj ushtar\u00ebve. Pasi disa aktivist\u00eb iu afruan shum\u00eb Gard\u00ebs Komb\u00ebtare, nj\u00eb grup tjet\u00ebr personeli sigurie me rroba civile iu afrua dhe p\u00ebrdori granata tymuese.<\/span><\/p>\n<p><span style=\"color: #000000;\">\u00c7ast m\u00eb von\u00eb, oficer\u00ebt e LAPD q\u00eblluan municione q\u00eb p\u00ebrdoren p\u00ebr kontrollin e turm\u00ebs p\u00ebr t\u00eb shp\u00ebrndar\u00eb demonstruesit dhe shum\u00eb protestues l\u00ebviz\u00ebn p\u00ebr t\u00eb bllokuar trafikun n\u00eb Autostrad\u00ebn 101 derisa forcat e siguris\u00eb i larguan. Jo shum\u00eb larg vendit t\u00eb ngjarjes, t\u00eb pakt\u00ebn kat\u00ebr automjete u dogj\u00ebn, duke l\u00ebshuar tym t\u00eb zi t\u00eb trash\u00eb n\u00eb aj\u00ebr. <\/span><\/p>\n<p><span style=\"color: #000000;\">Nd\u00ebrsa afrohej mbr\u00ebmja, policia e shpalli zon\u00ebn nj\u00eb tubim t\u00eb paligjsh\u00ebm dhe mbylli disa rrug\u00eb n\u00eb qend\u00ebr t\u00eb qytetit. Shum\u00eb protestues val\u00ebvit\u00ebn p\u00ebrs\u00ebri flamuj meksikan\u00eb.<\/span><\/p>\n<p><span style=\"color: #000000;\">Guvernatori i Kalifornis\u00eb, Gavin Newsom, nj\u00eb demokrat i p\u00ebrmendur shpesh si nj\u00eb kandidat i mundsh\u00ebm presidencial dhe nj\u00eb objektiv i hersh\u00ebm i kritikave t\u00eb Trump si &#8220;tep\u00ebr progresiv&#8221;, i b\u00ebri thirrje presidentit t\u00eb t\u00ebrheq\u00eb Gard\u00ebn Komb\u00ebtare nga Los Angeles. Newsom argumentoi se vendosja ishte nj\u00eb &#8220;shkelje serioze e sovranitetit t\u00eb Kalifornis\u00eb&#8221;. Kjo duket t\u00eb jet\u00eb hera e par\u00eb q\u00eb nga viti 1965 q\u00eb Garda Komb\u00ebtare aktivizohet n\u00eb Kaliforni pa k\u00ebrkes\u00ebn e guvernatorit.<\/span><\/p>\n<p><img loading=\"lazy\" decoding=\"async\" class=\"aligncenter size-full wp-image-745664\" src=\"https:\/\/www.hashtag.al\/wp-content\/uploads\/2025\/06\/kaliforni1.PNG3_.png\" alt=\"\" width=\"1010\" height=\"570\" srcset=\"https:\/\/www.hashtag.al\/wp-content\/uploads\/2025\/06\/kaliforni1.PNG3_.png 1010w, https:\/\/www.hashtag.al\/wp-content\/uploads\/2025\/06\/kaliforni1.PNG3_-300x169.png 300w, https:\/\/www.hashtag.al\/wp-content\/uploads\/2025\/06\/kaliforni1.PNG3_-768x433.png 768w\" sizes=\"auto, (max-width: 1010px) 100vw, 1010px\" \/><\/p>\n<p><span style=\"color: #000000;\">N\u00eb nj\u00eb intervist\u00eb me MSNBC, Newom tha se kishte nd\u00ebrmend t\u00eb padiste qeverin\u00eb federale p\u00ebr vendosjen e trupave dhe akuzoi Trumpin p\u00ebr fabrikim t\u00eb kriz\u00ebs dhe minimizimin e sovranitetit t\u00eb Kalifornis\u00eb: <em>&#8220;K\u00ebto jan\u00eb veprime t\u00eb nj\u00eb diktatori, jo t\u00eb nj\u00eb presidenti&#8221;<\/em>, shkroi ai n\u00eb X.<\/span><\/p>\n<p><span style=\"color: #000000;\">Shefi i LAPD-s\u00eb, McDonnell, duket se e kund\u00ebrshtoi Ne\u00ebsom-in, duke u th\u00ebn\u00eb gazetar\u00ebve se protestat po dilnin jasht\u00eb kontrollit. Kur u pyet n\u00ebse Garda Komb\u00ebtare ishte e nevojshme, ai tha se policia nuk do ta nd\u00ebrmerrte menj\u00ebher\u00eb k\u00ebt\u00eb hap, por shtoi:<em> &#8220;Duke pasur parasysh nivelin e dhun\u00ebs sonte, mendoj se duhet ta rivler\u00ebsojm\u00eb.&#8221;<\/em><\/span><\/p>\n<p><span style=\"color: #000000;\">Ne\u00ebsom dhe Kryetarja e Bashkis\u00eb s\u00eb Los Anxhelosit, Karen Bass, faj\u00ebsuan p\u00ebr p\u00ebrshkall\u00ebzimin e trazirave vendimin e Trump-it p\u00ebr t\u00eb vendosur Gard\u00ebn Komb\u00ebtare, duke pretenduar se masa ishte projektuar q\u00eb nga fillimi p\u00ebr t\u00eb ndezur tensionet. T\u00eb dy u b\u00ebn\u00eb thirrje protestuesve t\u00eb shmangin dhun\u00ebn.<\/span><\/p>\n<p><span style=\"color: #000000;\"><span style=\"color: #ff0000;\"><strong>VINI RE<\/strong><\/span>: Ky material \u00ebsht\u00eb pron\u00ebsi intelektuale e <span style=\"color: #0000ff;\"><a style=\"color: #0000ff;\" href=\"https:\/\/www.ynetnews.com\/article\/s1dphw4mxx#autoplay\">Ynet<\/a><\/span><\/span><\/p>\n<p><span style=\"color: #000000;\">P\u00ebrgatiti p\u00ebr <span style=\"color: #0000ff;\">Hashtag.al,<\/span> Klodian Manjani<\/span><\/p>\n","protected":false,"gt_translate_keys":[{"key":"rendered","format":"html"}]},"excerpt":{"rendered":"<p>Qyteti i Los Angeles n\u00eb Kaliforni, u trondit p\u00ebr nat\u00ebn e tret\u00eb radhazi nga trazirat q\u00eb kan\u00eb nisur q\u00eb nga e premtja, pasi mij\u00ebra protestues dol\u00ebn n\u00eb rrug\u00eb p\u00ebr t\u00eb demonstruar kund\u00ebr operacionit t\u00eb administrat\u00ebs Trump p\u00ebr p\u00ebrz\u00ebnien e emigrant\u00ebve t\u00eb paligjsh\u00ebm dhe vendimit t\u00eb presidentit p\u00ebr t\u00eb vendosur Gard\u00ebn Komb\u00ebtare n\u00eb qytet pas nat\u00ebs [&hellip;]<\/p>\n","protected":false,"gt_translate_keys":[{"key":"rendered","format":"html"}]},"author":51,"featured_media":745660,"comment_status":"closed","ping_status":"open","sticky":false,"template":"","format":"standard","meta":{"footnotes":""},"categories":[22],"tags":[],"class_list":["post-745657","post","type-post","status-publish","format-standard","has-post-thumbnail","hentry","category-ballina"],"gt_translate_keys":[{"key":"link","format":"url"}],"_links":{"self":[{"href":"https:\/\/www.hashtag.al\/index.php\/wp-json\/wp\/v2\/posts\/745657","targetHints":{"allow":["GET"]}}],"collection":[{"href":"https:\/\/www.hashtag.al\/index.php\/wp-json\/wp\/v2\/posts"}],"about":[{"href":"https:\/\/www.hashtag.al\/index.php\/wp-json\/wp\/v2\/types\/post"}],"author":[{"embeddable":true,"href":"https:\/\/www.hashtag.al\/index.php\/wp-json\/wp\/v2\/users\/51"}],"replies":[{"embeddable":true,"href":"https:\/\/www.hashtag.al\/index.php\/wp-json\/wp\/v2\/comments?post=745657"}],"version-history":[{"count":99999,"href":"https:\/\/www.hashtag.al\/index.php\/wp-json\/wp\/v2\/posts\/745657\/revisions"}],"predecessor-version":[{"id":745666,"href":"https:\/\/www.hashtag.al\/index.php\/wp-json\/wp\/v2\/posts\/745657\/revisions\/745666"}],"wp:featuredmedia":[{"embeddable":true,"href":"https:\/\/www.hashtag.al\/index.php\/wp-json\/wp\/v2\/media\/745660"}],"wp:attachment":[{"href":"https:\/\/www.hashtag.al\/index.php\/wp-json\/wp\/v2\/media?parent=745657"}],"wp:term":[{"taxonomy":"category","embeddable":true,"href":"https:\/\/www.hashtag.al\/index.php\/wp-json\/wp\/v2\/categories?post=745657"},{"taxonomy":"post_tag","embeddable":true,"href":"https:\/\/www.hashtag.al\/index.php\/wp-json\/wp\/v2\/tags?post=745657"}],"curies":[{"name":"wp","href":"https:\/\/api.w.org\/{rel}","templated":true}]}}